{"id":11423,"date":"2016-01-20T00:00:51","date_gmt":"2016-01-19T23:00:51","guid":{"rendered":"http:\/\/www.alonso-businesscoaching.es\/blog\/?p=11423"},"modified":"2025-02-15T09:56:48","modified_gmt":"2025-02-15T08:56:48","slug":"re-flexiones-1-211-amar","status":"publish","type":"post","link":"https:\/\/www.alonso-businesscoaching.es\/blog\/20-01-2016\/re-flexiones-1-211-amar\/","title":{"rendered":"Re-flexiones&#8230; 1.211 (amar)"},"content":{"rendered":"<p style=\"text-align: center;\"><em>&#8220;\u00bfC\u00f3mo te amo? D\u00e9jame contarte las maneras. Te amo con la profundidad, la anchura y la altura que mi alma puede alcanzar&#8221;<\/em><\/p>\n<p style=\"text-align: center;\"><a href=\"https:\/\/es.wikipedia.org\/wiki\/Elizabeth_Barrett_Browning\" target=\"_blank\" rel=\"noopener\"><img data-recalc-dims=\"1\" loading=\"lazy\" decoding=\"async\" data-attachment-id=\"28259\" data-permalink=\"https:\/\/www.alonso-businesscoaching.es\/blog\/25-02-2025\/re-flexiones-4-530-trabajo\/elizabeth-barrett-borwning-3\/\" data-orig-file=\"https:\/\/i0.wp.com\/www.alonso-businesscoaching.es\/blog\/wp-content\/uploads\/2025\/02\/Elizabeth-Barrett-Borwning.jpg?fit=295%2C282&amp;ssl=1\" data-orig-size=\"295,282\" data-comments-opened=\"1\" data-image-meta=\"{&quot;aperture&quot;:&quot;0&quot;,&quot;credit&quot;:&quot;&quot;,&quot;camera&quot;:&quot;&quot;,&quot;caption&quot;:&quot;&quot;,&quot;created_timestamp&quot;:&quot;0&quot;,&quot;copyright&quot;:&quot;&quot;,&quot;focal_length&quot;:&quot;0&quot;,&quot;iso&quot;:&quot;0&quot;,&quot;shutter_speed&quot;:&quot;0&quot;,&quot;title&quot;:&quot;&quot;,&quot;orientation&quot;:&quot;0&quot;}\" data-image-title=\"Elizabeth Barrett Borwning\" data-image-description=\"\" data-image-caption=\"\" data-large-file=\"https:\/\/i0.wp.com\/www.alonso-businesscoaching.es\/blog\/wp-content\/uploads\/2025\/02\/Elizabeth-Barrett-Borwning.jpg?fit=295%2C282&amp;ssl=1\" class=\"alignnone wp-image-28259 size-thumbnail\" src=\"https:\/\/i0.wp.com\/www.alonso-businesscoaching.es\/blog\/wp-content\/uploads\/2025\/02\/Elizabeth-Barrett-Borwning.jpg?resize=150%2C150&#038;ssl=1\" alt=\"\" width=\"150\" height=\"150\" srcset=\"https:\/\/i0.wp.com\/www.alonso-businesscoaching.es\/blog\/wp-content\/uploads\/2025\/02\/Elizabeth-Barrett-Borwning.jpg?resize=150%2C150&amp;ssl=1 150w, https:\/\/i0.wp.com\/www.alonso-businesscoaching.es\/blog\/wp-content\/uploads\/2025\/02\/Elizabeth-Barrett-Borwning.jpg?resize=100%2C100&amp;ssl=1 100w\" sizes=\"auto, (max-width: 150px) 100vw, 150px\" \/><\/a><\/p>\n<p style=\"text-align: center;\">Elizabeth Barrett Browing<\/p>\n","protected":false},"excerpt":{"rendered":"<p>&#8220;\u00bfC\u00f3mo te amo? D\u00e9jame contarte las maneras. Te amo con la profundidad, la anchura y la altura que mi alma puede alcanzar&#8221; Elizabeth Barrett Browing<\/p>\n","protected":false},"author":2,"featured_media":0,"comment_status":"open","ping_status":"open","sticky":false,"template":"","format":"standard","meta":{"om_disable_all_campaigns":false,"_monsterinsights_skip_tracking":false,"_monsterinsights_sitenote_active":false,"_monsterinsights_sitenote_note":"","_monsterinsights_sitenote_category":0,"_s2mail":"yes","_uf_show_specific_survey":0,"_uf_disable_surveys":false,"jetpack_post_was_ever_published":false,"_jetpack_newsletter_access":"","_jetpack_dont_email_post_to_subs":false,"_jetpack_newsletter_tier_id":0,"_jetpack_memberships_contains_paywalled_content":false,"_jetpack_memberships_contains_paid_content":false,"footnotes":"","jetpack_publicize_message":"","jetpack_publicize_feature_enabled":true,"jetpack_social_post_already_shared":false,"jetpack_social_options":{"image_generator_settings":{"template":"highway","enabled":false},"version":2}},"categories":[75],"tags":[103],"class_list":["post-11423","post","type-post","status-publish","format-standard","hentry","category-re-flexiones-tematicas","tag-amar"],"aioseo_notices":[],"jetpack_publicize_connections":[],"jetpack_featured_media_url":"","jetpack_shortlink":"https:\/\/wp.me\/p5YpnT-2Yf","jetpack_likes_enabled":true,"jetpack-related-posts":[{"id":11344,"url":"https:\/\/www.alonso-businesscoaching.es\/blog\/24-12-2015\/re-flexiones-1-184-amar\/","url_meta":{"origin":11423,"position":0},"title":"Re-flexiones&#8230; 1.184 (amar)","author":"Antonio J. Alonso Sampedro","date":"24\/12\/2015","format":false,"excerpt":"\"Te amo para amarte y no para ser amado, puesto que nada me place tanto como verte a ti feliz\" George Sand","rel":"","context":"En \u00abRe-flexiones\/tem\u00e1ticas\u00bb","block_context":{"text":"Re-flexiones\/tem\u00e1ticas","link":"https:\/\/www.alonso-businesscoaching.es\/blog\/category\/re-flexiones-tematicas\/"},"img":{"alt_text":"george-sand.jpg","src":"http:\/\/i1.wp.com\/www.alonso-businesscoaching.es\/blog\/wp-content\/uploads\/2012\/02\/george-sand.thumbnail.jpg?w=470&resize=350%2C200","width":350,"height":200},"classes":[]},{"id":11553,"url":"https:\/\/www.alonso-businesscoaching.es\/blog\/24-02-2016\/re-flexiones-1-246-amar\/","url_meta":{"origin":11423,"position":1},"title":"Re-flexiones&#8230; 1.246 (amar)","author":"Antonio J. Alonso Sampedro","date":"24\/02\/2016","format":false,"excerpt":"\"Yo amo a los hombres no porque son hombres, sino porque no son mujeres\" Cristina II","rel":"","context":"En \u00abRe-flexiones\/tem\u00e1ticas\u00bb","block_context":{"text":"Re-flexiones\/tem\u00e1ticas","link":"https:\/\/www.alonso-businesscoaching.es\/blog\/category\/re-flexiones-tematicas\/"},"img":{"alt_text":"Cristina II","src":"https:\/\/i0.wp.com\/www.alonso-businesscoaching.es\/blog\/wp-content\/uploads\/2013\/09\/Cristina-II-150x150.jpg?resize=350%2C200","width":350,"height":200},"classes":[]},{"id":11396,"url":"https:\/\/www.alonso-businesscoaching.es\/blog\/15-01-2016\/re-flexiones-1-206-amar\/","url_meta":{"origin":11423,"position":2},"title":"Re-flexiones&#8230; 1.206 (amar)","author":"Antonio J. Alonso Sampedro","date":"15\/01\/2016","format":false,"excerpt":"\"Yo amo, t\u00fa amas, el ama, nosotros amamos, vosotros am\u00e1is, ellos aman. Ojal\u00e1 no fuese conjugaci\u00f3n sino realidad\" Mario Benedetti","rel":"","context":"En \u00abRe-flexiones\/tem\u00e1ticas\u00bb","block_context":{"text":"Re-flexiones\/tem\u00e1ticas","link":"https:\/\/www.alonso-businesscoaching.es\/blog\/category\/re-flexiones-tematicas\/"},"img":{"alt_text":"Mario Benedetti1","src":"https:\/\/i0.wp.com\/www.alonso-businesscoaching.es\/blog\/wp-content\/uploads\/2015\/12\/Mario-Benedetti1-150x150.jpg?resize=350%2C200","width":350,"height":200},"classes":[]},{"id":11342,"url":"https:\/\/www.alonso-businesscoaching.es\/blog\/23-12-2015\/re-flexiones-1-183-amar\/","url_meta":{"origin":11423,"position":3},"title":"Re-flexiones&#8230; 1.183 (amar)","author":"Antonio J. Alonso Sampedro","date":"23\/12\/2015","format":false,"excerpt":"\"Ama hasta que te duela. Si te duele es buena se\u00f1al\" Madre Teresa de Calcuta","rel":"","context":"En \u00abRe-flexiones\/tem\u00e1ticas\u00bb","block_context":{"text":"Re-flexiones\/tem\u00e1ticas","link":"https:\/\/www.alonso-businesscoaching.es\/blog\/category\/re-flexiones-tematicas\/"},"img":{"alt_text":"madre-teresa-de-calcuta.jpg","src":"http:\/\/i2.wp.com\/www.alonso-businesscoaching.es\/blog\/wp-content\/uploads\/2012\/04\/madre-teresa-de-calcuta.thumbnail.jpg?w=470&resize=350%2C200","width":350,"height":200},"classes":[]},{"id":11433,"url":"https:\/\/www.alonso-businesscoaching.es\/blog\/24-01-2016\/re-flexiones-1-205-amar-2\/","url_meta":{"origin":11423,"position":4},"title":"Re-flexiones&#8230; 1.215 (amar)","author":"Antonio J. Alonso Sampedro","date":"24\/01\/2016","format":false,"excerpt":"\"Ser profundamente querido por alguien te da fortaleza, y querer profundamente a alguien te da valor\" Lao-ts\u00e9","rel":"","context":"En \u00abRe-flexiones\/tem\u00e1ticas\u00bb","block_context":{"text":"Re-flexiones\/tem\u00e1ticas","link":"https:\/\/www.alonso-businesscoaching.es\/blog\/category\/re-flexiones-tematicas\/"},"img":{"alt_text":"Lao-ts\u00e91","src":"https:\/\/i0.wp.com\/www.alonso-businesscoaching.es\/blog\/wp-content\/uploads\/2015\/07\/Lao-ts%C3%A91-150x150.jpg?resize=350%2C200","width":350,"height":200},"classes":[]},{"id":11425,"url":"https:\/\/www.alonso-businesscoaching.es\/blog\/21-01-2016\/re-flexiones-1-212-amar\/","url_meta":{"origin":11423,"position":5},"title":"Re-flexiones&#8230; 1.212 (amar)","author":"Antonio J. Alonso Sampedro","date":"21\/01\/2016","format":false,"excerpt":"\"Si t\u00fa me amaras y yo te amase, \u00a1c\u00f3mo nos amar\u00edamos!\" Paul G\u00e9raldy","rel":"","context":"En \u00abRe-flexiones\/tem\u00e1ticas\u00bb","block_context":{"text":"Re-flexiones\/tem\u00e1ticas","link":"https:\/\/www.alonso-businesscoaching.es\/blog\/category\/re-flexiones-tematicas\/"},"img":{"alt_text":"paul-geraldy.jpg","src":"http:\/\/i1.wp.com\/www.alonso-businesscoaching.es\/blog\/wp-content\/uploads\/2011\/11\/paul-geraldy.thumbnail.jpg?w=470&resize=350%2C200","width":350,"height":200},"classes":[]}],"jetpack_sharing_enabled":true,"_links":{"self":[{"href":"https:\/\/www.alonso-businesscoaching.es\/blog\/wp-json\/wp\/v2\/posts\/11423","targetHints":{"allow":["GET"]}}],"collection":[{"href":"https:\/\/www.alonso-businesscoaching.es\/blog\/wp-json\/wp\/v2\/posts"}],"about":[{"href":"https:\/\/www.alonso-businesscoaching.es\/blog\/wp-json\/wp\/v2\/types\/post"}],"author":[{"embeddable":true,"href":"https:\/\/www.alonso-businesscoaching.es\/blog\/wp-json\/wp\/v2\/users\/2"}],"replies":[{"embeddable":true,"href":"https:\/\/www.alonso-businesscoaching.es\/blog\/wp-json\/wp\/v2\/comments?post=11423"}],"version-history":[{"count":3,"href":"https:\/\/www.alonso-businesscoaching.es\/blog\/wp-json\/wp\/v2\/posts\/11423\/revisions"}],"predecessor-version":[{"id":28262,"href":"https:\/\/www.alonso-businesscoaching.es\/blog\/wp-json\/wp\/v2\/posts\/11423\/revisions\/28262"}],"wp:attachment":[{"href":"https:\/\/www.alonso-businesscoaching.es\/blog\/wp-json\/wp\/v2\/media?parent=11423"}],"wp:term":[{"taxonomy":"category","embeddable":true,"href":"https:\/\/www.alonso-businesscoaching.es\/blog\/wp-json\/wp\/v2\/categories?post=11423"},{"taxonomy":"post_tag","embeddable":true,"href":"https:\/\/www.alonso-businesscoaching.es\/blog\/wp-json\/wp\/v2\/tags?post=11423"}],"curies":[{"name":"wp","href":"https:\/\/api.w.org\/{rel}","templated":true}]}}