{"id":11445,"date":"2016-01-27T00:00:50","date_gmt":"2016-01-26T23:00:50","guid":{"rendered":"http:\/\/www.alonso-businesscoaching.es\/blog\/?p=11445"},"modified":"2016-01-09T11:30:15","modified_gmt":"2016-01-09T10:30:15","slug":"re-flexiones-1-218-amar","status":"publish","type":"post","link":"https:\/\/www.alonso-businesscoaching.es\/blog\/27-01-2016\/re-flexiones-1-218-amar\/","title":{"rendered":"Re-flexiones&#8230; 1.218 (amar)"},"content":{"rendered":"<p style=\"text-align: center;\"><em>&#8220;El que no ama siempre tiene raz\u00f3n: es lo \u00fanico que tiene&#8221;<\/em><\/p>\n<p style=\"text-align: center;\"><a href=\"https:\/\/es.wikipedia.org\/wiki\/Antonio_Gala\" target=\"_blank\" rel=\"attachment wp-att-11446\"><img data-recalc-dims=\"1\" loading=\"lazy\" decoding=\"async\" data-attachment-id=\"11446\" data-permalink=\"https:\/\/www.alonso-businesscoaching.es\/blog\/27-01-2016\/re-flexiones-1-218-amar\/antonio-gala1\/\" data-orig-file=\"https:\/\/i0.wp.com\/www.alonso-businesscoaching.es\/blog\/wp-content\/uploads\/2016\/01\/Antonio-Gala1.jpg?fit=300%2C450&amp;ssl=1\" data-orig-size=\"300,450\" data-comments-opened=\"1\" data-image-meta=\"{&quot;aperture&quot;:&quot;0&quot;,&quot;credit&quot;:&quot;&quot;,&quot;camera&quot;:&quot;&quot;,&quot;caption&quot;:&quot;&quot;,&quot;created_timestamp&quot;:&quot;0&quot;,&quot;copyright&quot;:&quot;&quot;,&quot;focal_length&quot;:&quot;0&quot;,&quot;iso&quot;:&quot;0&quot;,&quot;shutter_speed&quot;:&quot;0&quot;,&quot;title&quot;:&quot;&quot;,&quot;orientation&quot;:&quot;0&quot;}\" data-image-title=\"Antonio Gala1\" data-image-description=\"\" data-image-caption=\"\" data-large-file=\"https:\/\/i0.wp.com\/www.alonso-businesscoaching.es\/blog\/wp-content\/uploads\/2016\/01\/Antonio-Gala1.jpg?fit=300%2C450&amp;ssl=1\" class=\"aligncenter size-thumbnail wp-image-11446\" src=\"https:\/\/i0.wp.com\/www.alonso-businesscoaching.es\/blog\/wp-content\/uploads\/2016\/01\/Antonio-Gala1-150x150.jpg?resize=150%2C150\" alt=\"Antonio Gala1\" width=\"150\" height=\"150\" srcset=\"https:\/\/i0.wp.com\/www.alonso-businesscoaching.es\/blog\/wp-content\/uploads\/2016\/01\/Antonio-Gala1.jpg?resize=150%2C150&amp;ssl=1 150w, https:\/\/i0.wp.com\/www.alonso-businesscoaching.es\/blog\/wp-content\/uploads\/2016\/01\/Antonio-Gala1.jpg?resize=59%2C59&amp;ssl=1 59w, https:\/\/i0.wp.com\/www.alonso-businesscoaching.es\/blog\/wp-content\/uploads\/2016\/01\/Antonio-Gala1.jpg?zoom=2&amp;resize=150%2C150&amp;ssl=1 300w\" sizes=\"auto, (max-width: 150px) 100vw, 150px\" \/><\/a>Antonio Gala<\/p>\n","protected":false},"excerpt":{"rendered":"<p>&#8220;El que no ama siempre tiene raz\u00f3n: es lo \u00fanico que tiene&#8221; Antonio Gala<\/p>\n","protected":false},"author":2,"featured_media":0,"comment_status":"open","ping_status":"open","sticky":false,"template":"","format":"standard","meta":{"om_disable_all_campaigns":false,"_monsterinsights_skip_tracking":false,"_monsterinsights_sitenote_active":false,"_monsterinsights_sitenote_note":"","_monsterinsights_sitenote_category":0,"_s2mail":"","_uf_show_specific_survey":0,"_uf_disable_surveys":false,"jetpack_post_was_ever_published":false,"_jetpack_newsletter_access":"","_jetpack_dont_email_post_to_subs":false,"_jetpack_newsletter_tier_id":0,"_jetpack_memberships_contains_paywalled_content":false,"_jetpack_memberships_contains_paid_content":false,"footnotes":"","jetpack_publicize_message":"","jetpack_publicize_feature_enabled":true,"jetpack_social_post_already_shared":false,"jetpack_social_options":{"image_generator_settings":{"template":"highway","default_image_id":0,"font":"","enabled":false},"version":2}},"categories":[75],"tags":[103],"class_list":["post-11445","post","type-post","status-publish","format-standard","hentry","category-re-flexiones-tematicas","tag-amar"],"aioseo_notices":[],"jetpack_publicize_connections":[],"jetpack_featured_media_url":"","jetpack_shortlink":"https:\/\/wp.me\/p5YpnT-2YB","jetpack_likes_enabled":true,"jetpack-related-posts":[{"id":11521,"url":"https:\/\/www.alonso-businesscoaching.es\/blog\/14-02-2016\/re-flexiones-1-236-amar\/","url_meta":{"origin":11445,"position":0},"title":"Re-flexiones&#8230; 1.236 (amar)","author":"Antonio J. Alonso Sampedro","date":"14\/02\/2016","format":false,"excerpt":"\"\u00a1Qu\u00e9 triste es amarlo todo sin saber lo que se ama!\" Juan Ram\u00f3n Jim\u00e9nez","rel":"","context":"En \u00abRe-flexiones\/tem\u00e1ticas\u00bb","block_context":{"text":"Re-flexiones\/tem\u00e1ticas","link":"https:\/\/www.alonso-businesscoaching.es\/blog\/category\/re-flexiones-tematicas\/"},"img":{"alt_text":"","src":"","width":0,"height":0},"classes":[]},{"id":11366,"url":"https:\/\/www.alonso-businesscoaching.es\/blog\/02-01-2016\/re-flexiones-1-193-amar\/","url_meta":{"origin":11445,"position":1},"title":"Re-flexiones&#8230; 1.193 (amar)","author":"Antonio J. Alonso Sampedro","date":"02\/01\/2016","format":false,"excerpt":"\"Ama como puedas, ama a quien puedas, ama todo lo que puedas. No te preocupes de la finalidad de tu amor\" Amado Nervo","rel":"","context":"En \u00abRe-flexiones\/tem\u00e1ticas\u00bb","block_context":{"text":"Re-flexiones\/tem\u00e1ticas","link":"https:\/\/www.alonso-businesscoaching.es\/blog\/category\/re-flexiones-tematicas\/"},"img":{"alt_text":"amado-nervo.jpg","src":"http:\/\/i0.wp.com\/www.alonso-businesscoaching.es\/blog\/wp-content\/uploads\/2012\/07\/amado-nervo.thumbnail.jpg?w=470&resize=350%2C200","width":350,"height":200},"classes":[]},{"id":11483,"url":"https:\/\/www.alonso-businesscoaching.es\/blog\/07-02-2016\/re-flexiones-1-229-amar\/","url_meta":{"origin":11445,"position":2},"title":"Re-flexiones&#8230; 1.229 (amar)","author":"Antonio J. Alonso Sampedro","date":"07\/02\/2016","format":false,"excerpt":"\"Nada es dif\u00edcil para el que ama\" Cicer\u00f3n","rel":"","context":"En \u00abRe-flexiones\/tem\u00e1ticas\u00bb","block_context":{"text":"Re-flexiones\/tem\u00e1ticas","link":"https:\/\/www.alonso-businesscoaching.es\/blog\/category\/re-flexiones-tematicas\/"},"img":{"alt_text":"Cicer\u00f3n1","src":"https:\/\/i0.wp.com\/www.alonso-businesscoaching.es\/blog\/wp-content\/uploads\/2015\/07\/Cicer%C3%B3n1-150x150.jpg?resize=350%2C200","width":350,"height":200},"classes":[]},{"id":11379,"url":"https:\/\/www.alonso-businesscoaching.es\/blog\/08-01-2016\/re-flexiones-1-199-amar\/","url_meta":{"origin":11445,"position":3},"title":"Re-flexiones&#8230; 1.199 (amar)","author":"Antonio J. Alonso Sampedro","date":"08\/01\/2016","format":false,"excerpt":"\"S\u00f3lo se ama lo que no se posee totalmente\" Marcel Proust","rel":"","context":"En \u00abRe-flexiones\/tem\u00e1ticas\u00bb","block_context":{"text":"Re-flexiones\/tem\u00e1ticas","link":"https:\/\/www.alonso-businesscoaching.es\/blog\/category\/re-flexiones-tematicas\/"},"img":{"alt_text":"Marcel Proust1","src":"https:\/\/i0.wp.com\/www.alonso-businesscoaching.es\/blog\/wp-content\/uploads\/2015\/12\/Marcel-Proust1-150x150.jpg?resize=350%2C200","width":350,"height":200},"classes":[]},{"id":11401,"url":"https:\/\/www.alonso-businesscoaching.es\/blog\/17-01-2016\/re-flexiones-1-208-amar\/","url_meta":{"origin":11445,"position":4},"title":"Re-flexiones&#8230; 1.208 (amar)","author":"Antonio J. Alonso Sampedro","date":"17\/01\/2016","format":false,"excerpt":"\"Los que m\u00e1s han amado al hombre le han hecho siempre el m\u00e1ximo da\u00f1o. Han exigido de \u00e9l lo imposible, como todos los amantes\" Friedrich Nietzsche","rel":"","context":"En \u00abRe-flexiones\/tem\u00e1ticas\u00bb","block_context":{"text":"Re-flexiones\/tem\u00e1ticas","link":"https:\/\/www.alonso-businesscoaching.es\/blog\/category\/re-flexiones-tematicas\/"},"img":{"alt_text":"Friedrich Nietzsche2","src":"https:\/\/i0.wp.com\/www.alonso-businesscoaching.es\/blog\/wp-content\/uploads\/2015\/12\/Friedrich-Nietzsche2-150x150.jpg?resize=350%2C200","width":350,"height":200},"classes":[]},{"id":11513,"url":"https:\/\/www.alonso-businesscoaching.es\/blog\/11-02-2016\/re-flexiones-1-233-amar\/","url_meta":{"origin":11445,"position":5},"title":"Re-flexiones&#8230; 1.233 (amar)","author":"Antonio J. Alonso Sampedro","date":"11\/02\/2016","format":false,"excerpt":"\"El benefactor llama a la puerta, pero el que ama la encuentra abierta\" Rabindranath Tagore","rel":"","context":"En \u00abRe-flexiones\/tem\u00e1ticas\u00bb","block_context":{"text":"Re-flexiones\/tem\u00e1ticas","link":"https:\/\/www.alonso-businesscoaching.es\/blog\/category\/re-flexiones-tematicas\/"},"img":{"alt_text":"","src":"","width":0,"height":0},"classes":[]}],"jetpack_sharing_enabled":true,"_links":{"self":[{"href":"https:\/\/www.alonso-businesscoaching.es\/blog\/wp-json\/wp\/v2\/posts\/11445","targetHints":{"allow":["GET"]}}],"collection":[{"href":"https:\/\/www.alonso-businesscoaching.es\/blog\/wp-json\/wp\/v2\/posts"}],"about":[{"href":"https:\/\/www.alonso-businesscoaching.es\/blog\/wp-json\/wp\/v2\/types\/post"}],"author":[{"embeddable":true,"href":"https:\/\/www.alonso-businesscoaching.es\/blog\/wp-json\/wp\/v2\/users\/2"}],"replies":[{"embeddable":true,"href":"https:\/\/www.alonso-businesscoaching.es\/blog\/wp-json\/wp\/v2\/comments?post=11445"}],"version-history":[{"count":1,"href":"https:\/\/www.alonso-businesscoaching.es\/blog\/wp-json\/wp\/v2\/posts\/11445\/revisions"}],"predecessor-version":[{"id":11447,"href":"https:\/\/www.alonso-businesscoaching.es\/blog\/wp-json\/wp\/v2\/posts\/11445\/revisions\/11447"}],"wp:attachment":[{"href":"https:\/\/www.alonso-businesscoaching.es\/blog\/wp-json\/wp\/v2\/media?parent=11445"}],"wp:term":[{"taxonomy":"category","embeddable":true,"href":"https:\/\/www.alonso-businesscoaching.es\/blog\/wp-json\/wp\/v2\/categories?post=11445"},{"taxonomy":"post_tag","embeddable":true,"href":"https:\/\/www.alonso-businesscoaching.es\/blog\/wp-json\/wp\/v2\/tags?post=11445"}],"curies":[{"name":"wp","href":"https:\/\/api.w.org\/{rel}","templated":true}]}}