{"id":12491,"date":"2016-09-13T06:00:08","date_gmt":"2016-09-13T05:00:08","guid":{"rendered":"http:\/\/www.alonso-businesscoaching.es\/blog\/?p=12491"},"modified":"2024-09-05T12:07:30","modified_gmt":"2024-09-05T10:07:30","slug":"los-juegos-paralimpicos-siempre-me-llegan-a-inquietar","status":"publish","type":"post","link":"https:\/\/www.alonso-businesscoaching.es\/blog\/13-09-2016\/los-juegos-paralimpicos-siempre-me-llegan-a-inquietar\/","title":{"rendered":"Los Juegos Paral\u00edmpicos&#8230; siempre me llegan a inquietar"},"content":{"rendered":"<p><a href=\"https:\/\/www.google.es\/search?q=LOS+JUEGOS+PARAL%C3%8DMPICOS&amp;client=firefox-b&amp;source=lnms&amp;tbm=isch&amp;sa=X&amp;ved=0ahUKEwi5uYKG8YLPAhUL6xQKHWjhCKkQ_AUICCgB&amp;biw=1920&amp;bih=1073\" target=\"_blank\" rel=\"noopener\"><img data-recalc-dims=\"1\" loading=\"lazy\" decoding=\"async\" data-attachment-id=\"12493\" data-permalink=\"https:\/\/www.alonso-businesscoaching.es\/blog\/13-09-2016\/los-juegos-paralimpicos-siempre-me-llegan-a-inquietar\/juegos-paralimpicos\/\" data-orig-file=\"https:\/\/i0.wp.com\/www.alonso-businesscoaching.es\/blog\/wp-content\/uploads\/2016\/09\/Juegos-Paral%C3%ADmpicos.jpg?fit=980%2C623&amp;ssl=1\" data-orig-size=\"980,623\" data-comments-opened=\"1\" data-image-meta=\"{&quot;aperture&quot;:&quot;0&quot;,&quot;credit&quot;:&quot;&quot;,&quot;camera&quot;:&quot;&quot;,&quot;caption&quot;:&quot;&quot;,&quot;created_timestamp&quot;:&quot;0&quot;,&quot;copyright&quot;:&quot;&quot;,&quot;focal_length&quot;:&quot;0&quot;,&quot;iso&quot;:&quot;0&quot;,&quot;shutter_speed&quot;:&quot;0&quot;,&quot;title&quot;:&quot;&quot;,&quot;orientation&quot;:&quot;0&quot;}\" data-image-title=\"juegos-paralimpicos\" data-image-description=\"\" data-image-caption=\"\" data-large-file=\"https:\/\/i0.wp.com\/www.alonso-businesscoaching.es\/blog\/wp-content\/uploads\/2016\/09\/Juegos-Paral%C3%ADmpicos.jpg?fit=525%2C334&amp;ssl=1\" class=\"aligncenter wp-image-12493\" src=\"https:\/\/i0.wp.com\/www.alonso-businesscoaching.es\/blog\/wp-content\/uploads\/2016\/09\/Juegos-Paral%C3%ADmpicos.jpg?resize=466%2C297\" alt=\"juegos-paralimpicos\" width=\"466\" height=\"297\" srcset=\"https:\/\/i0.wp.com\/www.alonso-businesscoaching.es\/blog\/wp-content\/uploads\/2016\/09\/Juegos-Paral%C3%ADmpicos.jpg?w=980&amp;ssl=1 980w, https:\/\/i0.wp.com\/www.alonso-businesscoaching.es\/blog\/wp-content\/uploads\/2016\/09\/Juegos-Paral%C3%ADmpicos.jpg?resize=300%2C191&amp;ssl=1 300w, https:\/\/i0.wp.com\/www.alonso-businesscoaching.es\/blog\/wp-content\/uploads\/2016\/09\/Juegos-Paral%C3%ADmpicos.jpg?resize=768%2C488&amp;ssl=1 768w\" sizes=\"auto, (max-width: 466px) 100vw, 466px\" \/><\/a><\/p>\n<p>No lo puedo evitar. Cada cuatro a\u00f1os, en septiembre, me debato en una mara\u00f1a de dudas sobre la legitimidad moral de los <a href=\"https:\/\/es.wikipedia.org\/wiki\/Juegos_Paral%C3%ADmpicos\" target=\"_blank\" rel=\"noopener\">Juegos Paral\u00edmpicos<\/a> de verano, un reciente espect\u00e1culo deportivo bendecido por la sociedad actual que, en aras de la defensa ciega de la igualdad universal, puede que est\u00e9 confundiendo algunos l\u00edmites de la \u00e9tica personal.<\/p>\n<p>Lo primero es aclarar que, en mi convencida opini\u00f3n, no debiera haber ning\u00fan tipo de discriminaci\u00f3n personal relacionada con la minusval\u00eda f\u00edsica o la mental y a partir de aqu\u00ed cada cual debe contar con la libertad de utilizar su vida como elija en un entorno de respeto social. Pero lo dicho es tan general que, si atendemos a lo particular, podemos identificar tantas excepciones que a uno le llegan a marear.<\/p>\n<p>Pongamos un ejemplo\u2026 \u00bfes l\u00edcito el boxeo\u2026? Seg\u00fan lo anterior, podr\u00edamos asegurar que si, cuando los contendientes acceden a enfrentarse en un ring libremente desde el ejercicio de su responsabilidad. Pero, \u00bfes un espect\u00e1culo que todo el mundo llega a entender&#8230;? \u00bfqu\u00e9 decir de las frecuentes lesiones cerebrales\u2026?, \u00bfy si alg\u00fan p\u00fagil fallece\u2026? \u00bfEs l\u00edcito mirar a otro lugar o los dem\u00e1s tenemos en esto alguna responsabilidad?<\/p>\n<p>Veo en mi televisor a esos singulares deportistas disminuidos f\u00edsica o mentalmente en el mismo R\u00edo de Janeiro que un mes antes congreg\u00f3 a lo m\u00e1s granado del deporte mundial y no puedo olvidar la curiosidad que siempre ha tenido la sociedad por mirar a quienes nacieron diferentes o que alg\u00fan avatar de la vida les priv\u00f3 de la normalidad. Lo raro tiene algo de especial que no todos lo entienden por igual. Lo raro puede llevar a la comprensi\u00f3n m\u00e1s natural, pero tambi\u00e9n al morbo m\u00e1s callado, avieso y sin piedad (que lo hay). Nuevamente\u2026 \u00bfes l\u00edcito mirar a otro lugar o los dem\u00e1s tenemos en esto alguna responsabilidad?<\/p>\n<p>M\u00e1s all\u00e1 de estas inquietantes consideraciones de dif\u00edcil consenso y resoluci\u00f3n, es indudable que los deportistas paral\u00edmpicos son ejemplo para los dem\u00e1s de superaci\u00f3n personal, no por su minusval\u00eda, pues en este sentido para m\u00ed no se distinguen del resto de deportistas que buscan constantemente mejorar. Unos y otros miran a sus l\u00edmites como horizonte hacia el que caminar. Sus l\u00edmites son los que dan sentido a sus vidas, pues les definen, clara e ilusionadamente, hasta donde pueden llegar.<\/p>\n<p>En \u201cLos l\u00edmites\u201d, la Cr\u00f3nica 108 de <a href=\"https:\/\/www.amazon.es\/dp\/B01CNPIRFO\" target=\"_blank\" rel=\"noopener\">Marathon-15%: 115 CLAVES DE SUPERACI\u00d3N PERSONAL<\/a>, escribo\u2026<\/p>\n<blockquote>\n<p style=\"text-align: left;\"><em>\u201cL\u00edmites, siempre hay, pero hasta donde alcanzan es lo que merece la pena averiguar. Solo as\u00ed es posible descubrir las capacidades de cada cual, siendo precisamente estas las que nos permiten progresar. Desconocer cu\u00e1l es el l\u00edmite personal en cada \u00e1rea importante de la vida es tanto como deliberadamente obviar las posibilidades que nuestro potencial nos da, resign\u00e1ndonos a representar una vida a medio gas.<\/em><\/p>\n<p style=\"text-align: left;\"><em>Para saber hasta d\u00f3nde podemos llegar solo hay una manera de actuar y es explorar. Inspeccionar lo que parece queda lejos de nuestro alcance, pero cuenta con alguna posibilidad, porque en la tentativa est\u00e1 la sorpresa y en la sorpresa la gratificaci\u00f3n de lo que nunca hubi\u00e9ramos cre\u00eddo conquistar\u2026\u201d<\/em><\/p>\n<\/blockquote>\n<p style=\"text-align: right;\"><strong><em>Saludos de Antonio J. Alonso<\/em><\/strong><\/p>\n","protected":false},"excerpt":{"rendered":"<p>No lo puedo evitar. Cada cuatro a\u00f1os, en septiembre, me debato en una mara\u00f1a de dudas sobre la legitimidad moral de los Juegos Paral\u00edmpicos de verano, un reciente espect\u00e1culo deportivo bendecido por la sociedad actual que, en aras de la defensa ciega de la igualdad universal, puede que est\u00e9 confundiendo algunos l\u00edmites de la \u00e9tica &hellip; <\/p>\n<p class=\"link-more\"><a href=\"https:\/\/www.alonso-businesscoaching.es\/blog\/13-09-2016\/los-juegos-paralimpicos-siempre-me-llegan-a-inquietar\/\" class=\"more-link\">Continuar leyendo<span class=\"screen-reader-text\"> &#8220;Los Juegos Paral\u00edmpicos&#8230; siempre me llegan a inquietar&#8221;<\/span><\/a><\/p>\n","protected":false},"author":2,"featured_media":0,"comment_status":"open","ping_status":"open","sticky":false,"template":"","format":"standard","meta":{"om_disable_all_campaigns":false,"_monsterinsights_skip_tracking":false,"_monsterinsights_sitenote_active":false,"_monsterinsights_sitenote_note":"","_monsterinsights_sitenote_category":0,"_s2mail":"yes","_uf_show_specific_survey":0,"_uf_disable_surveys":false,"jetpack_post_was_ever_published":false,"_jetpack_newsletter_access":"","_jetpack_dont_email_post_to_subs":true,"_jetpack_newsletter_tier_id":0,"_jetpack_memberships_contains_paywalled_content":false,"_jetpack_memberships_contains_paid_content":false,"footnotes":"","jetpack_publicize_message":"","jetpack_publicize_feature_enabled":true,"jetpack_social_post_already_shared":false,"jetpack_social_options":{"image_generator_settings":{"template":"highway","enabled":false},"version":2}},"categories":[68],"tags":[137,70],"class_list":["post-12491","post","type-post","status-publish","format-standard","hentry","category-marath-tiones-semanal","tag-limites","tag-marath-tiones"],"aioseo_notices":[],"jetpack_publicize_connections":[],"jetpack_featured_media_url":"","jetpack_shortlink":"https:\/\/wp.me\/p5YpnT-3ft","jetpack_likes_enabled":true,"jetpack-related-posts":[{"id":10152,"url":"https:\/\/www.alonso-businesscoaching.es\/blog\/21-04-2015\/marath-tiones-212\/","url_meta":{"origin":12491,"position":0},"title":"MARATH-TIONES&#8230; 212","author":"Antonio J. Alonso Sampedro","date":"21\/04\/2015","format":false,"excerpt":"En estos d\u00edas, Pepa Fern\u00e1ndez entrevistaba en su programa \u201cNo es un d\u00eda cualquiera\u201d de RNE a Ricardo Abad, un deportista navarro coleccionista de r\u00e9cords de resistencia corporal. Merece la pena escucharle para comprobar lo que a muchos nos mueve a tentar los supuestos l\u00edmites que cada cual consideramos no\u2026","rel":"","context":"En \u00abMarath-tiones\/diario\u00bb","block_context":{"text":"Marath-tiones\/diario","link":"https:\/\/www.alonso-businesscoaching.es\/blog\/category\/marath-tiones-diario\/"},"img":{"alt_text":"Logo 3 Marathon-15","src":"https:\/\/i0.wp.com\/www.alonso-businesscoaching.es\/blog\/wp-content\/uploads\/2015\/04\/Logo-3-Marathon-153-150x150.jpg?resize=350%2C200","width":350,"height":200},"classes":[]},{"id":10327,"url":"https:\/\/www.alonso-businesscoaching.es\/blog\/09-05-2015\/marath-tiones-230\/","url_meta":{"origin":12491,"position":1},"title":"MARATH-TIONES&#8230; 230","author":"Antonio J. Alonso Sampedro","date":"09\/05\/2015","format":false,"excerpt":"Solo porque Marathon-15% tiene marcada su fecha de caducidad puedo afirmar, tras haberlo asegurado en varias ocasiones ya, que me encuentro en el m\u00e1ximo de intensidad de un proceso de entrenamiento que, de alargarse m\u00e1s, desconozco donde me habr\u00eda podido llevar. Es verdad, a lo largo de estos ocho meses\u2026","rel":"","context":"En \u00abMarath-tiones\/diario\u00bb","block_context":{"text":"Marath-tiones\/diario","link":"https:\/\/www.alonso-businesscoaching.es\/blog\/category\/marath-tiones-diario\/"},"img":{"alt_text":"Fecha Marathon-15","src":"https:\/\/i0.wp.com\/www.alonso-businesscoaching.es\/blog\/wp-content\/uploads\/2015\/04\/Fecha-Marathon-15-150x150.jpg?resize=350%2C200","width":350,"height":200},"classes":[]},{"id":13867,"url":"https:\/\/www.alonso-businesscoaching.es\/blog\/03-06-2017\/re-flexiones-1-711-aventura\/","url_meta":{"origin":12491,"position":2},"title":"Re-flexiones&#8230; 1.711 (aventura)","author":"Antonio J. Alonso Sampedro","date":"03\/06\/2017","format":false,"excerpt":"\"La \u00fanica posibilidad de descubrir los l\u00edmites de lo posible es aventurarse un poco m\u00e1s all\u00e1 de ellos, hacia lo imposible\" Arthur C. Clarke","rel":"","context":"En \u00abRe-flexiones\/tem\u00e1ticas\u00bb","block_context":{"text":"Re-flexiones\/tem\u00e1ticas","link":"https:\/\/www.alonso-businesscoaching.es\/blog\/category\/re-flexiones-tematicas\/"},"img":{"alt_text":"","src":"https:\/\/i0.wp.com\/www.alonso-businesscoaching.es\/blog\/wp-content\/uploads\/2015\/09\/Arthur-C.-Clarke-150x150.jpg?resize=350%2C200&ssl=1","width":350,"height":200},"classes":[]},{"id":27181,"url":"https:\/\/www.alonso-businesscoaching.es\/blog\/30-11-2024\/brunilda-tiene-genero-la-violencia-fragmento-14\/","url_meta":{"origin":12491,"position":3},"title":"\u201cBRUNILDA\u201d (\u00bfTiene g\u00e9nero la violencia?)\u2026 Fragmento-14","author":"Antonio J. Alonso Sampedro","date":"30\/11\/2024","format":false,"excerpt":"...Desde antiguo, las relaciones entre mujeres y hombres han caminado vacilantes por el filo de un inestable equilibrio entre la encendida pasi\u00f3n y la normativa civilizaci\u00f3n, siendo unas y otros los incautos destinatarios de un consuetudinario manual bastante equivocado y sin suficiente concreci\u00f3n. Las mujeres, en cualquier forma externa de\u2026","rel":"","context":"En \u00abG\u00e9nero-tiones\u00bb","block_context":{"text":"G\u00e9nero-tiones","link":"https:\/\/www.alonso-businesscoaching.es\/blog\/category\/genero-tiones\/"},"img":{"alt_text":"","src":"https:\/\/i0.wp.com\/www.alonso-businesscoaching.es\/blog\/wp-content\/uploads\/2024\/07\/BRUNILDA-horizontal-RR-SS-1-scaled.jpg?resize=350%2C200&ssl=1","width":350,"height":200,"srcset":"https:\/\/i0.wp.com\/www.alonso-businesscoaching.es\/blog\/wp-content\/uploads\/2024\/07\/BRUNILDA-horizontal-RR-SS-1-scaled.jpg?resize=350%2C200&ssl=1 1x, https:\/\/i0.wp.com\/www.alonso-businesscoaching.es\/blog\/wp-content\/uploads\/2024\/07\/BRUNILDA-horizontal-RR-SS-1-scaled.jpg?resize=525%2C300&ssl=1 1.5x, https:\/\/i0.wp.com\/www.alonso-businesscoaching.es\/blog\/wp-content\/uploads\/2024\/07\/BRUNILDA-horizontal-RR-SS-1-scaled.jpg?resize=700%2C400&ssl=1 2x, https:\/\/i0.wp.com\/www.alonso-businesscoaching.es\/blog\/wp-content\/uploads\/2024\/07\/BRUNILDA-horizontal-RR-SS-1-scaled.jpg?resize=1050%2C600&ssl=1 3x, https:\/\/i0.wp.com\/www.alonso-businesscoaching.es\/blog\/wp-content\/uploads\/2024\/07\/BRUNILDA-horizontal-RR-SS-1-scaled.jpg?resize=1400%2C800&ssl=1 4x"},"classes":[]},{"id":13360,"url":"https:\/\/www.alonso-businesscoaching.es\/blog\/25-02-2017\/re-flexiones-1-613-arte\/","url_meta":{"origin":12491,"position":4},"title":"Re-flexiones&#8230; 1.613 (arte)","author":"Antonio J. Alonso Sampedro","date":"25\/02\/2017","format":false,"excerpt":"\"La m\u00fasica es un arte que est\u00e1 fuera de los l\u00edmites de la raz\u00f3n, lo mismo puede decirse que est\u00e1 por debajo como que se encuentra por encima de ella\" P\u00edo Baroja","rel":"","context":"En \u00abRe-flexiones\/tem\u00e1ticas\u00bb","block_context":{"text":"Re-flexiones\/tem\u00e1ticas","link":"https:\/\/www.alonso-businesscoaching.es\/blog\/category\/re-flexiones-tematicas\/"},"img":{"alt_text":"","src":"https:\/\/i0.wp.com\/www.alonso-businesscoaching.es\/blog\/wp-content\/uploads\/2017\/02\/P%C3%ADo-Baroja-150x150.jpg?resize=350%2C200&ssl=1","width":350,"height":200},"classes":[]},{"id":12575,"url":"https:\/\/www.alonso-businesscoaching.es\/blog\/27-09-2016\/la-edad-soportar-o-adecuar\/","url_meta":{"origin":12491,"position":5},"title":"LA EDAD&#8230; \u00bfSOPORTAR O ADECUAR?","author":"Antonio J. Alonso Sampedro","date":"27\/09\/2016","format":false,"excerpt":"En este c\u00e1lido verano que acabamos de dejar atr\u00e1s, una vez m\u00e1s he logrado sorprenderme, a mis 55 a\u00f1os de edad, por algo que de joven nunca me atrev\u00ed a probar. En una semana, de domingo a domingo, complet\u00e9 corriendo los ascensos\u2026 Segovia-Bola del Mundo (34 kms. hasta los 2.300\u2026","rel":"","context":"En \u00abMarath-tiones\/semanal\u00bb","block_context":{"text":"Marath-tiones\/semanal","link":"https:\/\/www.alonso-businesscoaching.es\/blog\/category\/marath-tiones-semanal\/"},"img":{"alt_text":"la-edad","src":"https:\/\/i0.wp.com\/www.alonso-businesscoaching.es\/blog\/wp-content\/uploads\/2016\/09\/La-edad.jpg?resize=350%2C200","width":350,"height":200},"classes":[]}],"jetpack_sharing_enabled":true,"_links":{"self":[{"href":"https:\/\/www.alonso-businesscoaching.es\/blog\/wp-json\/wp\/v2\/posts\/12491","targetHints":{"allow":["GET"]}}],"collection":[{"href":"https:\/\/www.alonso-businesscoaching.es\/blog\/wp-json\/wp\/v2\/posts"}],"about":[{"href":"https:\/\/www.alonso-businesscoaching.es\/blog\/wp-json\/wp\/v2\/types\/post"}],"author":[{"embeddable":true,"href":"https:\/\/www.alonso-businesscoaching.es\/blog\/wp-json\/wp\/v2\/users\/2"}],"replies":[{"embeddable":true,"href":"https:\/\/www.alonso-businesscoaching.es\/blog\/wp-json\/wp\/v2\/comments?post=12491"}],"version-history":[{"count":23,"href":"https:\/\/www.alonso-businesscoaching.es\/blog\/wp-json\/wp\/v2\/posts\/12491\/revisions"}],"predecessor-version":[{"id":27249,"href":"https:\/\/www.alonso-businesscoaching.es\/blog\/wp-json\/wp\/v2\/posts\/12491\/revisions\/27249"}],"wp:attachment":[{"href":"https:\/\/www.alonso-businesscoaching.es\/blog\/wp-json\/wp\/v2\/media?parent=12491"}],"wp:term":[{"taxonomy":"category","embeddable":true,"href":"https:\/\/www.alonso-businesscoaching.es\/blog\/wp-json\/wp\/v2\/categories?post=12491"},{"taxonomy":"post_tag","embeddable":true,"href":"https:\/\/www.alonso-businesscoaching.es\/blog\/wp-json\/wp\/v2\/tags?post=12491"}],"curies":[{"name":"wp","href":"https:\/\/api.w.org\/{rel}","templated":true}]}}