{"id":14288,"date":"2017-07-22T00:00:02","date_gmt":"2017-07-21T23:00:02","guid":{"rendered":"https:\/\/www.alonso-businesscoaching.es\/blog\/?p=14288"},"modified":"2017-07-01T11:16:37","modified_gmt":"2017-07-01T10:16:37","slug":"re-flexiones-1-760-belleza","status":"publish","type":"post","link":"https:\/\/www.alonso-businesscoaching.es\/blog\/22-07-2017\/re-flexiones-1-760-belleza\/","title":{"rendered":"Re-flexiones&#8230; 1.760 (belleza)"},"content":{"rendered":"<p style=\"text-align: center;\"><em>&#8220;El lunar es el punto final del poema de la belleza&#8221;<\/em><\/p>\n<p style=\"text-align: center;\"><a href=\"https:\/\/es.wikipedia.org\/wiki\/Ram%C3%B3n_G%C3%B3mez_de_la_Serna\" target=\"_blank\" rel=\"noopener\"><img data-recalc-dims=\"1\" loading=\"lazy\" decoding=\"async\" data-attachment-id=\"14289\" data-permalink=\"https:\/\/www.alonso-businesscoaching.es\/blog\/22-07-2017\/re-flexiones-1-760-belleza\/ramon-gomez-de-la-serna\/\" data-orig-file=\"https:\/\/i0.wp.com\/www.alonso-businesscoaching.es\/blog\/wp-content\/uploads\/2017\/07\/Ram%C3%B3n-G%C3%B3mez-de-la-Serna.jpg?fit=333%2C400&amp;ssl=1\" data-orig-size=\"333,400\" data-comments-opened=\"1\" data-image-meta=\"{&quot;aperture&quot;:&quot;0&quot;,&quot;credit&quot;:&quot;&quot;,&quot;camera&quot;:&quot;&quot;,&quot;caption&quot;:&quot;&quot;,&quot;created_timestamp&quot;:&quot;0&quot;,&quot;copyright&quot;:&quot;&quot;,&quot;focal_length&quot;:&quot;0&quot;,&quot;iso&quot;:&quot;0&quot;,&quot;shutter_speed&quot;:&quot;0&quot;,&quot;title&quot;:&quot;&quot;,&quot;orientation&quot;:&quot;0&quot;}\" data-image-title=\"Ram\u00f3n G\u00f3mez de la Serna\" data-image-description=\"\" data-image-caption=\"\" data-large-file=\"https:\/\/i0.wp.com\/www.alonso-businesscoaching.es\/blog\/wp-content\/uploads\/2017\/07\/Ram%C3%B3n-G%C3%B3mez-de-la-Serna.jpg?fit=333%2C400&amp;ssl=1\" class=\"aligncenter size-thumbnail wp-image-14289\" src=\"https:\/\/i0.wp.com\/www.alonso-businesscoaching.es\/blog\/wp-content\/uploads\/2017\/07\/Ram%C3%B3n-G%C3%B3mez-de-la-Serna.jpg?resize=150%2C150&#038;ssl=1\" alt=\"\" width=\"150\" height=\"150\" srcset=\"https:\/\/i0.wp.com\/www.alonso-businesscoaching.es\/blog\/wp-content\/uploads\/2017\/07\/Ram%C3%B3n-G%C3%B3mez-de-la-Serna.jpg?resize=150%2C150&amp;ssl=1 150w, https:\/\/i0.wp.com\/www.alonso-businesscoaching.es\/blog\/wp-content\/uploads\/2017\/07\/Ram%C3%B3n-G%C3%B3mez-de-la-Serna.jpg?resize=59%2C59&amp;ssl=1 59w, https:\/\/i0.wp.com\/www.alonso-businesscoaching.es\/blog\/wp-content\/uploads\/2017\/07\/Ram%C3%B3n-G%C3%B3mez-de-la-Serna.jpg?resize=144%2C144&amp;ssl=1 144w, https:\/\/i0.wp.com\/www.alonso-businesscoaching.es\/blog\/wp-content\/uploads\/2017\/07\/Ram%C3%B3n-G%C3%B3mez-de-la-Serna.jpg?resize=50%2C50&amp;ssl=1 50w, https:\/\/i0.wp.com\/www.alonso-businesscoaching.es\/blog\/wp-content\/uploads\/2017\/07\/Ram%C3%B3n-G%C3%B3mez-de-la-Serna.jpg?zoom=2&amp;resize=150%2C150&amp;ssl=1 300w\" sizes=\"auto, (max-width: 150px) 100vw, 150px\" \/><\/a>Ram\u00f3n G\u00f3mez de la Serna<\/p>\n","protected":false},"excerpt":{"rendered":"<p>&#8220;El lunar es el punto final del poema de la belleza&#8221; Ram\u00f3n G\u00f3mez de la Serna<\/p>\n","protected":false},"author":2,"featured_media":0,"comment_status":"open","ping_status":"open","sticky":false,"template":"","format":"standard","meta":{"om_disable_all_campaigns":false,"_monsterinsights_skip_tracking":false,"_s2mail":"","_uf_show_specific_survey":0,"_uf_disable_surveys":false,"_jetpack_newsletter_access":"","_jetpack_dont_email_post_to_subs":false,"_jetpack_newsletter_tier_id":0,"_jetpack_memberships_contains_paywalled_content":false,"_jetpack_feature_clip_id":0,"_jetpack_memberships_contains_paid_content":false,"footnotes":"","jetpack_publicize_message":"","jetpack_publicize_feature_enabled":true,"jetpack_social_post_already_shared":true,"jetpack_social_options":{"image_generator_settings":{"template":"highway","default_image_id":0,"font":"","enabled":false},"version":2},"jetpack_post_was_ever_published":false},"categories":[75],"tags":[180],"class_list":["post-14288","post","type-post","status-publish","format-standard","hentry","category-re-flexiones-tematicas","tag-belleza"],"aioseo_notices":[],"aioseo_head":"\n\t\t<!-- All in One SEO 5.0.1.1 - aioseo.com -->\n\t<meta name=\"description\" content=\"El lunar es el punto final del poema de la belleza\" \/>\n\t<meta name=\"robots\" content=\"max-image-preview:large\" \/>\n\t<meta name=\"author\" content=\"Antonio J. Alonso Sampedro\"\/>\n\t<meta name=\"keywords\" content=\"ram\u00f3n g\u00f3mez de la serna,alonso-business coaching,antonio j. alonso sampedro,belleza,re-flexiones\/tem\u00e1ticas\" \/>\n\t<link rel=\"canonical\" href=\"https:\/\/www.alonso-businesscoaching.es\/blog\/22-07-2017\/re-flexiones-1-760-belleza\/\" \/>\n\t<meta name=\"generator\" content=\"All in One SEO (AIOSEO) 5.0.1.1\" \/>\n\t\t<meta property=\"og:locale\" content=\"es_ES\" \/>\n\t\t<meta property=\"og:site_name\" content=\"Blog de Antonio J. Alonso Sampedro\" \/>\n\t\t<meta property=\"og:type\" content=\"article\" \/>\n\t\t<meta property=\"og:title\" content=\"Ram\u00f3n G\u00f3mez de la Serna | Blog de Antonio J. Alonso Sampedro\" \/>\n\t\t<meta property=\"og:description\" content=\"El lunar es el punto final del poema de la belleza\" \/>\n\t\t<meta property=\"og:url\" content=\"https:\/\/www.alonso-businesscoaching.es\/blog\/22-07-2017\/re-flexiones-1-760-belleza\/\" \/>\n\t\t<meta property=\"fb:admins\" content=\"1290516206\" \/>\n\t\t<meta property=\"og:image\" content=\"https:\/\/www.alonso-businesscoaching.es\/blog\/wp-content\/uploads\/2017\/07\/Ram\u00f3n-G\u00f3mez-de-la-Serna.jpg\" \/>\n\t\t<meta property=\"og:image:secure_url\" content=\"https:\/\/www.alonso-businesscoaching.es\/blog\/wp-content\/uploads\/2017\/07\/Ram\u00f3n-G\u00f3mez-de-la-Serna.jpg\" \/>\n\t\t<meta property=\"og:image:width\" content=\"333\" \/>\n\t\t<meta property=\"og:image:height\" content=\"400\" \/>\n\t\t<meta property=\"article:tag\" content=\"ram\u00f3n g\u00f3mez de la serna\" \/>\n\t\t<meta property=\"article:tag\" content=\"alonso-business coaching\" \/>\n\t\t<meta property=\"article:tag\" content=\"antonio j. alonso sampedro\" \/>\n\t\t<meta property=\"article:tag\" content=\"belleza\" \/>\n\t\t<meta property=\"article:tag\" content=\"re-flexiones\/tem\u00e1ticas\" \/>\n\t\t<meta property=\"article:published_time\" content=\"2017-07-21T23:00:02+00:00\" \/>\n\t\t<meta property=\"article:modified_time\" content=\"2017-07-01T10:16:37+00:00\" \/>\n\t\t<meta property=\"article:publisher\" content=\"https:\/\/www.facebook.com\/AntonioJAlonsoSampedro\" \/>\n\t\t<meta property=\"article:author\" content=\"https:\/\/www.facebook.com\/AntonioJAlonsoSampedro\" \/>\n\t\t<meta name=\"twitter:card\" content=\"summary\" \/>\n\t\t<meta name=\"twitter:site\" content=\"@AntonioJAlonso\" \/>\n\t\t<meta name=\"twitter:title\" content=\"Ram\u00f3n G\u00f3mez de la Serna | Blog de Antonio J. Alonso Sampedro\" \/>\n\t\t<meta name=\"twitter:description\" content=\"El lunar es el punto final del poema de la belleza\" \/>\n\t\t<meta name=\"twitter:creator\" content=\"@AntonioJAlonso\" \/>\n\t\t<meta name=\"twitter:image\" content=\"https:\/\/www.alonso-businesscoaching.es\/blog\/wp-content\/uploads\/2017\/07\/Ram\u00f3n-G\u00f3mez-de-la-Serna.jpg\" \/>\n\t\t<script type=\"application\/ld+json\" class=\"aioseo-schema\">\n\t\t\t{\"@context\":\"https:\\\/\\\/schema.org\",\"@graph\":[{\"@type\":\"Article\",\"@id\":\"https:\\\/\\\/www.alonso-businesscoaching.es\\\/blog\\\/22-07-2017\\\/re-flexiones-1-760-belleza\\\/#article\",\"name\":\"Ram\\u00f3n G\\u00f3mez de la Serna | Blog de Antonio J. Alonso Sampedro\",\"headline\":\"Re-flexiones&#8230; 1.760 (belleza)\",\"author\":{\"@id\":\"https:\\\/\\\/www.alonso-businesscoaching.es\\\/blog\\\/author\\\/antoniojalonso\\\/#author\"},\"publisher\":{\"@id\":\"https:\\\/\\\/www.alonso-businesscoaching.es\\\/blog\\\/#person\"},\"image\":{\"@type\":\"ImageObject\",\"url\":\"https:\\\/\\\/i0.wp.com\\\/www.alonso-businesscoaching.es\\\/blog\\\/wp-content\\\/uploads\\\/2017\\\/07\\\/Ram%C3%B3n-G%C3%B3mez-de-la-Serna.jpg?fit=333%2C400&ssl=1\",\"@id\":\"https:\\\/\\\/www.alonso-businesscoaching.es\\\/blog\\\/22-07-2017\\\/re-flexiones-1-760-belleza\\\/#articleImage\",\"width\":333,\"height\":400},\"datePublished\":\"2017-07-22T00:00:02+02:00\",\"dateModified\":\"2017-07-01T11:16:37+02:00\",\"inLanguage\":\"es-ES\",\"mainEntityOfPage\":{\"@id\":\"https:\\\/\\\/www.alonso-businesscoaching.es\\\/blog\\\/22-07-2017\\\/re-flexiones-1-760-belleza\\\/#webpage\"},\"isPartOf\":{\"@id\":\"https:\\\/\\\/www.alonso-businesscoaching.es\\\/blog\\\/22-07-2017\\\/re-flexiones-1-760-belleza\\\/#webpage\"},\"articleSection\":\"Re-flexiones\\\/tem\\u00e1ticas, belleza\"},{\"@type\":\"BreadcrumbList\",\"@id\":\"https:\\\/\\\/www.alonso-businesscoaching.es\\\/blog\\\/22-07-2017\\\/re-flexiones-1-760-belleza\\\/#breadcrumblist\",\"itemListElement\":[{\"@type\":\"ListItem\",\"@id\":\"https:\\\/\\\/www.alonso-businesscoaching.es\\\/blog#listItem\",\"position\":1,\"name\":\"Inicio\",\"item\":\"https:\\\/\\\/www.alonso-businesscoaching.es\\\/blog\",\"nextItem\":{\"@type\":\"ListItem\",\"@id\":\"https:\\\/\\\/www.alonso-businesscoaching.es\\\/blog\\\/category\\\/re-flexiones-tematicas\\\/#listItem\",\"name\":\"Re-flexiones\\\/tem\\u00e1ticas\"}},{\"@type\":\"ListItem\",\"@id\":\"https:\\\/\\\/www.alonso-businesscoaching.es\\\/blog\\\/category\\\/re-flexiones-tematicas\\\/#listItem\",\"position\":2,\"name\":\"Re-flexiones\\\/tem\\u00e1ticas\",\"item\":\"https:\\\/\\\/www.alonso-businesscoaching.es\\\/blog\\\/category\\\/re-flexiones-tematicas\\\/\",\"nextItem\":{\"@type\":\"ListItem\",\"@id\":\"https:\\\/\\\/www.alonso-businesscoaching.es\\\/blog\\\/22-07-2017\\\/re-flexiones-1-760-belleza\\\/#listItem\",\"name\":\"Re-flexiones&#8230; 1.760 (belleza)\"},\"previousItem\":{\"@type\":\"ListItem\",\"@id\":\"https:\\\/\\\/www.alonso-businesscoaching.es\\\/blog#listItem\",\"name\":\"Inicio\"}},{\"@type\":\"ListItem\",\"@id\":\"https:\\\/\\\/www.alonso-businesscoaching.es\\\/blog\\\/22-07-2017\\\/re-flexiones-1-760-belleza\\\/#listItem\",\"position\":3,\"name\":\"Re-flexiones&#8230; 1.760 (belleza)\",\"previousItem\":{\"@type\":\"ListItem\",\"@id\":\"https:\\\/\\\/www.alonso-businesscoaching.es\\\/blog\\\/category\\\/re-flexiones-tematicas\\\/#listItem\",\"name\":\"Re-flexiones\\\/tem\\u00e1ticas\"}}]},{\"@type\":\"Person\",\"@id\":\"https:\\\/\\\/www.alonso-businesscoaching.es\\\/blog\\\/#person\",\"name\":\"Antonio J. Alonso Sampedro\",\"image\":{\"@type\":\"ImageObject\",\"@id\":\"https:\\\/\\\/www.alonso-businesscoaching.es\\\/blog\\\/22-07-2017\\\/re-flexiones-1-760-belleza\\\/#personImage\",\"url\":\"https:\\\/\\\/secure.gravatar.com\\\/avatar\\\/95093c98e30a1cf7c7488db9d1c6571624ebb476bc371ed74265da02b3246157?s=96&d=mm&r=g\",\"width\":96,\"height\":96,\"caption\":\"Antonio J. Alonso Sampedro\"},\"sameAs\":[\"https:\\\/\\\/www.facebook.com\\\/AntonioJAlonsoSampedro\",\"https:\\\/\\\/twitter.com\\\/AntonioJAlonso\"]},{\"@type\":\"Person\",\"@id\":\"https:\\\/\\\/www.alonso-businesscoaching.es\\\/blog\\\/author\\\/antoniojalonso\\\/#author\",\"url\":\"https:\\\/\\\/www.alonso-businesscoaching.es\\\/blog\\\/author\\\/antoniojalonso\\\/\",\"name\":\"Antonio J. Alonso Sampedro\",\"image\":{\"@type\":\"ImageObject\",\"@id\":\"https:\\\/\\\/www.alonso-businesscoaching.es\\\/blog\\\/22-07-2017\\\/re-flexiones-1-760-belleza\\\/#authorImage\",\"url\":\"https:\\\/\\\/secure.gravatar.com\\\/avatar\\\/95093c98e30a1cf7c7488db9d1c6571624ebb476bc371ed74265da02b3246157?s=96&d=mm&r=g\",\"width\":96,\"height\":96,\"caption\":\"Antonio J. Alonso Sampedro\"},\"sameAs\":[\"https:\\\/\\\/www.facebook.com\\\/AntonioJAlonsoSampedro\",\"https:\\\/\\\/twitter.com\\\/AntonioJAlonso\"]},{\"@type\":\"WebPage\",\"@id\":\"https:\\\/\\\/www.alonso-businesscoaching.es\\\/blog\\\/22-07-2017\\\/re-flexiones-1-760-belleza\\\/#webpage\",\"url\":\"https:\\\/\\\/www.alonso-businesscoaching.es\\\/blog\\\/22-07-2017\\\/re-flexiones-1-760-belleza\\\/\",\"name\":\"Ram\\u00f3n G\\u00f3mez de la Serna | Blog de Antonio J. Alonso Sampedro\",\"description\":\"El lunar es el punto final del poema de la belleza\",\"inLanguage\":\"es-ES\",\"isPartOf\":{\"@id\":\"https:\\\/\\\/www.alonso-businesscoaching.es\\\/blog\\\/#website\"},\"breadcrumb\":{\"@id\":\"https:\\\/\\\/www.alonso-businesscoaching.es\\\/blog\\\/22-07-2017\\\/re-flexiones-1-760-belleza\\\/#breadcrumblist\"},\"author\":{\"@id\":\"https:\\\/\\\/www.alonso-businesscoaching.es\\\/blog\\\/author\\\/antoniojalonso\\\/#author\"},\"creator\":{\"@id\":\"https:\\\/\\\/www.alonso-businesscoaching.es\\\/blog\\\/author\\\/antoniojalonso\\\/#author\"},\"datePublished\":\"2017-07-22T00:00:02+02:00\",\"dateModified\":\"2017-07-01T11:16:37+02:00\"},{\"@type\":\"WebSite\",\"@id\":\"https:\\\/\\\/www.alonso-businesscoaching.es\\\/blog\\\/#website\",\"url\":\"https:\\\/\\\/www.alonso-businesscoaching.es\\\/blog\\\/\",\"name\":\"Blog de Antonio J. Alonso Sampedro\",\"alternateName\":\"Blog Antonio J Alonso Sampedro\",\"description\":\"Duda razonable y reflexi\\u00f3n\",\"inLanguage\":\"es-ES\",\"publisher\":{\"@id\":\"https:\\\/\\\/www.alonso-businesscoaching.es\\\/blog\\\/#person\"}}]}\n\t\t<\/script>\n\t\t<!-- All in One SEO -->\n\n","aioseo_head_json":{"title":"Ram\u00f3n G\u00f3mez de la Serna | Blog de Antonio J. Alonso Sampedro","description":"El lunar es el punto final del poema de la belleza","canonical_url":"https:\/\/www.alonso-businesscoaching.es\/blog\/22-07-2017\/re-flexiones-1-760-belleza\/","robots":"max-image-preview:large","keywords":"ram\u00f3n g\u00f3mez de la serna,alonso-business coaching,antonio j. alonso sampedro,belleza,re-flexiones\/tem\u00e1ticas","webmasterTools":{"miscellaneous":""},"schema":{"@context":"https:\/\/schema.org","@graph":[{"@type":"Article","@id":"https:\/\/www.alonso-businesscoaching.es\/blog\/22-07-2017\/re-flexiones-1-760-belleza\/#article","name":"Ram\u00f3n G\u00f3mez de la Serna | Blog de Antonio J. Alonso Sampedro","headline":"Re-flexiones&#8230; 1.760 (belleza)","author":{"@id":"https:\/\/www.alonso-businesscoaching.es\/blog\/author\/antoniojalonso\/#author"},"publisher":{"@id":"https:\/\/www.alonso-businesscoaching.es\/blog\/#person"},"image":{"@type":"ImageObject","url":"https:\/\/i0.wp.com\/www.alonso-businesscoaching.es\/blog\/wp-content\/uploads\/2017\/07\/Ram%C3%B3n-G%C3%B3mez-de-la-Serna.jpg?fit=333%2C400&ssl=1","@id":"https:\/\/www.alonso-businesscoaching.es\/blog\/22-07-2017\/re-flexiones-1-760-belleza\/#articleImage","width":333,"height":400},"datePublished":"2017-07-22T00:00:02+02:00","dateModified":"2017-07-01T11:16:37+02:00","inLanguage":"es-ES","mainEntityOfPage":{"@id":"https:\/\/www.alonso-businesscoaching.es\/blog\/22-07-2017\/re-flexiones-1-760-belleza\/#webpage"},"isPartOf":{"@id":"https:\/\/www.alonso-businesscoaching.es\/blog\/22-07-2017\/re-flexiones-1-760-belleza\/#webpage"},"articleSection":"Re-flexiones\/tem\u00e1ticas, belleza"},{"@type":"BreadcrumbList","@id":"https:\/\/www.alonso-businesscoaching.es\/blog\/22-07-2017\/re-flexiones-1-760-belleza\/#breadcrumblist","itemListElement":[{"@type":"ListItem","@id":"https:\/\/www.alonso-businesscoaching.es\/blog#listItem","position":1,"name":"Inicio","item":"https:\/\/www.alonso-businesscoaching.es\/blog","nextItem":{"@type":"ListItem","@id":"https:\/\/www.alonso-businesscoaching.es\/blog\/category\/re-flexiones-tematicas\/#listItem","name":"Re-flexiones\/tem\u00e1ticas"}},{"@type":"ListItem","@id":"https:\/\/www.alonso-businesscoaching.es\/blog\/category\/re-flexiones-tematicas\/#listItem","position":2,"name":"Re-flexiones\/tem\u00e1ticas","item":"https:\/\/www.alonso-businesscoaching.es\/blog\/category\/re-flexiones-tematicas\/","nextItem":{"@type":"ListItem","@id":"https:\/\/www.alonso-businesscoaching.es\/blog\/22-07-2017\/re-flexiones-1-760-belleza\/#listItem","name":"Re-flexiones&#8230; 1.760 (belleza)"},"previousItem":{"@type":"ListItem","@id":"https:\/\/www.alonso-businesscoaching.es\/blog#listItem","name":"Inicio"}},{"@type":"ListItem","@id":"https:\/\/www.alonso-businesscoaching.es\/blog\/22-07-2017\/re-flexiones-1-760-belleza\/#listItem","position":3,"name":"Re-flexiones&#8230; 1.760 (belleza)","previousItem":{"@type":"ListItem","@id":"https:\/\/www.alonso-businesscoaching.es\/blog\/category\/re-flexiones-tematicas\/#listItem","name":"Re-flexiones\/tem\u00e1ticas"}}]},{"@type":"Person","@id":"https:\/\/www.alonso-businesscoaching.es\/blog\/#person","name":"Antonio J. Alonso Sampedro","image":{"@type":"ImageObject","@id":"https:\/\/www.alonso-businesscoaching.es\/blog\/22-07-2017\/re-flexiones-1-760-belleza\/#personImage","url":"https:\/\/secure.gravatar.com\/avatar\/95093c98e30a1cf7c7488db9d1c6571624ebb476bc371ed74265da02b3246157?s=96&d=mm&r=g","width":96,"height":96,"caption":"Antonio J. Alonso Sampedro"},"sameAs":["https:\/\/www.facebook.com\/AntonioJAlonsoSampedro","https:\/\/twitter.com\/AntonioJAlonso"]},{"@type":"Person","@id":"https:\/\/www.alonso-businesscoaching.es\/blog\/author\/antoniojalonso\/#author","url":"https:\/\/www.alonso-businesscoaching.es\/blog\/author\/antoniojalonso\/","name":"Antonio J. Alonso Sampedro","image":{"@type":"ImageObject","@id":"https:\/\/www.alonso-businesscoaching.es\/blog\/22-07-2017\/re-flexiones-1-760-belleza\/#authorImage","url":"https:\/\/secure.gravatar.com\/avatar\/95093c98e30a1cf7c7488db9d1c6571624ebb476bc371ed74265da02b3246157?s=96&d=mm&r=g","width":96,"height":96,"caption":"Antonio J. Alonso Sampedro"},"sameAs":["https:\/\/www.facebook.com\/AntonioJAlonsoSampedro","https:\/\/twitter.com\/AntonioJAlonso"]},{"@type":"WebPage","@id":"https:\/\/www.alonso-businesscoaching.es\/blog\/22-07-2017\/re-flexiones-1-760-belleza\/#webpage","url":"https:\/\/www.alonso-businesscoaching.es\/blog\/22-07-2017\/re-flexiones-1-760-belleza\/","name":"Ram\u00f3n G\u00f3mez de la Serna | Blog de Antonio J. Alonso Sampedro","description":"El lunar es el punto final del poema de la belleza","inLanguage":"es-ES","isPartOf":{"@id":"https:\/\/www.alonso-businesscoaching.es\/blog\/#website"},"breadcrumb":{"@id":"https:\/\/www.alonso-businesscoaching.es\/blog\/22-07-2017\/re-flexiones-1-760-belleza\/#breadcrumblist"},"author":{"@id":"https:\/\/www.alonso-businesscoaching.es\/blog\/author\/antoniojalonso\/#author"},"creator":{"@id":"https:\/\/www.alonso-businesscoaching.es\/blog\/author\/antoniojalonso\/#author"},"datePublished":"2017-07-22T00:00:02+02:00","dateModified":"2017-07-01T11:16:37+02:00"},{"@type":"WebSite","@id":"https:\/\/www.alonso-businesscoaching.es\/blog\/#website","url":"https:\/\/www.alonso-businesscoaching.es\/blog\/","name":"Blog de Antonio J. Alonso Sampedro","alternateName":"Blog Antonio J Alonso Sampedro","description":"Duda razonable y reflexi\u00f3n","inLanguage":"es-ES","publisher":{"@id":"https:\/\/www.alonso-businesscoaching.es\/blog\/#person"}}]},"og:locale":"es_ES","og:site_name":"Blog de Antonio J. Alonso Sampedro","og:type":"article","og:title":"Ram\u00f3n G\u00f3mez de la Serna | Blog de Antonio J. Alonso Sampedro","og:description":"El lunar es el punto final del poema de la belleza","og:url":"https:\/\/www.alonso-businesscoaching.es\/blog\/22-07-2017\/re-flexiones-1-760-belleza\/","fb:admins":"1290516206","og:image":"https:\/\/www.alonso-businesscoaching.es\/blog\/wp-content\/uploads\/2017\/07\/Ram\u00f3n-G\u00f3mez-de-la-Serna.jpg","og:image:secure_url":"https:\/\/www.alonso-businesscoaching.es\/blog\/wp-content\/uploads\/2017\/07\/Ram\u00f3n-G\u00f3mez-de-la-Serna.jpg","og:image:width":333,"og:image:height":400,"article:tag":["ram\u00f3n g\u00f3mez de la serna","alonso-business coaching","antonio j. alonso sampedro","belleza","re-flexiones\/tem\u00e1ticas"],"article:published_time":"2017-07-21T23:00:02+00:00","article:modified_time":"2017-07-01T10:16:37+00:00","article:publisher":"https:\/\/www.facebook.com\/AntonioJAlonsoSampedro","article:author":"https:\/\/www.facebook.com\/AntonioJAlonsoSampedro","twitter:card":"summary","twitter:site":"@AntonioJAlonso","twitter:title":"Ram\u00f3n G\u00f3mez de la Serna | Blog de Antonio J. Alonso Sampedro","twitter:description":"El lunar es el punto final del poema de la belleza","twitter:creator":"@AntonioJAlonso","twitter:image":"https:\/\/www.alonso-businesscoaching.es\/blog\/wp-content\/uploads\/2017\/07\/Ram\u00f3n-G\u00f3mez-de-la-Serna.jpg"},"aioseo_meta_data":{"post_id":"14288","title":"Ram\u00f3n G\u00f3mez de la Serna | #site_title","description":"El lunar es el punto final del poema de la belleza","keywords":[{"label":"Ram\u00f3n G\u00f3mez de la Serna","value":"Ram\u00f3n G\u00f3mez de la Serna"},{"label":"Alonso-BUSINESS COACHING","value":"Alonso-BUSINESS COACHING"},{"label":"Antonio J. Alonso Sampedro","value":"Antonio J. Alonso Sampedro"}],"keyphrases":null,"primary_term":null,"canonical_url":null,"og_title":"","og_description":"","og_object_type":"article","og_image_type":"default","og_image_url":null,"og_image_width":null,"og_image_height":null,"og_image_custom_url":null,"og_image_custom_fields":null,"og_video":"","og_custom_url":null,"og_article_section":"","og_article_tags":"","twitter_use_og":false,"twitter_card":"summary","twitter_image_type":"default","twitter_image_url":null,"twitter_image_custom_url":null,"twitter_image_custom_fields":null,"twitter_title":null,"twitter_description":null,"schema":{"blockGraphs":[],"customGraphs":[],"default":{"data":{"Article":[],"Course":[],"Dataset":[],"FAQPage":[],"Movie":[],"Person":[],"Product":[],"ProductReview":[],"Car":[],"Recipe":[],"Service":[],"SoftwareApplication":[],"WebPage":[]},"graphName":"","isEnabled":true},"graphs":[],"defaultGraph":"","defaultPostTypeGraph":""},"schema_type":null,"schema_type_options":null,"pillar_content":false,"robots_default":true,"robots_noindex":false,"robots_noarchive":false,"robots_nosnippet":false,"robots_nofollow":false,"robots_noimageindex":false,"robots_noodp":false,"robots_notranslate":false,"robots_max_snippet":null,"robots_max_videopreview":null,"robots_max_imagepreview":"large","priority":null,"frequency":null,"location":null,"local_seo":null,"breadcrumb_settings":null,"limit_modified_date":false,"ai":null,"created":"2021-01-03 17:12:47","updated":"2025-06-04 05:43:17","seo_analyzer_scan_date":null,"focus_keyword":null,"additional_keywords":null,"truseo_locale":null},"jetpack_publicize_connections":[],"jetpack_shortlink":"https:\/\/wp.me\/p5YpnT-3Is","jetpack_likes_enabled":true,"jetpack-related-posts":[{"id":13974,"url":"https:\/\/www.alonso-businesscoaching.es\/blog\/22-06-2017\/re-flexiones-1-730-belleza\/","url_meta":{"origin":14288,"position":0},"title":"Re-flexiones&#8230; 1.730 (belleza)","author":"Antonio J. Alonso Sampedro","date":"22\/06\/2017","format":false,"excerpt":"\"La belleza exterior no es m\u00e1s que el encanto de un instante. La apariencia del cuerpo no siempre es el reflejo del alma\" George Sand","rel":"","context":"En \u00abRe-flexiones\/tem\u00e1ticas\u00bb","block_context":{"text":"Re-flexiones\/tem\u00e1ticas","link":"https:\/\/www.alonso-businesscoaching.es\/blog\/category\/re-flexiones-tematicas\/"},"img":{"alt_text":"","src":"https:\/\/i0.wp.com\/www.alonso-businesscoaching.es\/blog\/wp-content\/uploads\/2016\/09\/George-Sand1-150x150.jpg?resize=350%2C200&ssl=1","width":350,"height":200},"classes":[]},{"id":14504,"url":"https:\/\/www.alonso-businesscoaching.es\/blog\/24-08-2017\/re-flexiones-1-793-belleza\/","url_meta":{"origin":14288,"position":1},"title":"Re-flexiones&#8230; 1.793 (belleza)","author":"Antonio J. Alonso Sampedro","date":"24\/08\/2017","format":false,"excerpt":"\"Para m\u00ed, la belleza es la maravilla de las maravillas. S\u00f3lo los superficiales no juzgan por las apariencias. El verdadero misterio del mundo es lo visible, no lo invisible\" La Rochefoucauld","rel":"","context":"En \u00abRe-flexiones\/tem\u00e1ticas\u00bb","block_context":{"text":"Re-flexiones\/tem\u00e1ticas","link":"https:\/\/www.alonso-businesscoaching.es\/blog\/category\/re-flexiones-tematicas\/"},"img":{"alt_text":"","src":"https:\/\/i0.wp.com\/www.alonso-businesscoaching.es\/blog\/wp-content\/uploads\/2015\/07\/La-Rochefoucauld1-150x150.jpg?resize=350%2C200&ssl=1","width":350,"height":200},"classes":[]},{"id":14366,"url":"https:\/\/www.alonso-businesscoaching.es\/blog\/29-07-2017\/re-flexiones-1-767-belleza\/","url_meta":{"origin":14288,"position":2},"title":"Re-flexiones&#8230; 1.767 (belleza)","author":"Antonio J. Alonso Sampedro","date":"29\/07\/2017","format":false,"excerpt":"\"El conocimiento de la belleza es el verdadero camino y el primer pelda\u00f1o para la comprensi\u00f3n de las cosas que son buenas\" John Ruskin","rel":"","context":"En \u00abRe-flexiones\/tem\u00e1ticas\u00bb","block_context":{"text":"Re-flexiones\/tem\u00e1ticas","link":"https:\/\/www.alonso-businesscoaching.es\/blog\/category\/re-flexiones-tematicas\/"},"img":{"alt_text":"","src":"https:\/\/i0.wp.com\/www.alonso-businesscoaching.es\/blog\/wp-content\/uploads\/2013\/06\/John-Ruskin-150x150.jpg?resize=350%2C200&ssl=1","width":350,"height":200},"classes":[]},{"id":14535,"url":"https:\/\/www.alonso-businesscoaching.es\/blog\/30-08-2017\/re-flexiones-1-799-belleza\/","url_meta":{"origin":14288,"position":3},"title":"Re-flexiones&#8230; 1.799 (belleza)","author":"Antonio J. Alonso Sampedro","date":"30\/08\/2017","format":false,"excerpt":"\"La belleza es el esplendor de la verdad\" Plat\u00f3n","rel":"","context":"En \u00abRe-flexiones\/tem\u00e1ticas\u00bb","block_context":{"text":"Re-flexiones\/tem\u00e1ticas","link":"https:\/\/www.alonso-businesscoaching.es\/blog\/category\/re-flexiones-tematicas\/"},"img":{"alt_text":"","src":"https:\/\/i0.wp.com\/www.alonso-businesscoaching.es\/blog\/wp-content\/uploads\/2016\/05\/Plat%C3%B3n1-150x150.jpg?resize=350%2C200&ssl=1","width":350,"height":200},"classes":[]},{"id":14438,"url":"https:\/\/www.alonso-businesscoaching.es\/blog\/09-08-2017\/re-flexiones-1-778-belleza\/","url_meta":{"origin":14288,"position":4},"title":"Re-flexiones&#8230; 1.778 (belleza)","author":"Antonio J. Alonso Sampedro","date":"09\/08\/2017","format":false,"excerpt":"\"El deseo de agradar es al esp\u00edritu lo que el adorno a la belleza\" Voltaire","rel":"","context":"En \u00abRe-flexiones\/tem\u00e1ticas\u00bb","block_context":{"text":"Re-flexiones\/tem\u00e1ticas","link":"https:\/\/www.alonso-businesscoaching.es\/blog\/category\/re-flexiones-tematicas\/"},"img":{"alt_text":"","src":"https:\/\/i0.wp.com\/www.alonso-businesscoaching.es\/blog\/wp-content\/uploads\/2015\/06\/Voltaire1-150x150.jpg?resize=350%2C200&ssl=1","width":350,"height":200},"classes":[]},{"id":14545,"url":"https:\/\/www.alonso-businesscoaching.es\/blog\/04-09-2017\/re-flexiones-1-804-belleza\/","url_meta":{"origin":14288,"position":5},"title":"Re-flexiones&#8230; 1.804 (belleza)","author":"Antonio J. Alonso Sampedro","date":"04\/09\/2017","format":false,"excerpt":"\"Me he preguntado sobre c\u00f3mo descubrimos la belleza que reside en el interior de la gente, y las extra\u00f1as maneras que el mundo tiene para hacer que esta belleza salga al exterior\" Douglas Coupland","rel":"","context":"En \u00abRe-flexiones\/tem\u00e1ticas\u00bb","block_context":{"text":"Re-flexiones\/tem\u00e1ticas","link":"https:\/\/www.alonso-businesscoaching.es\/blog\/category\/re-flexiones-tematicas\/"},"img":{"alt_text":"","src":"https:\/\/i0.wp.com\/www.alonso-businesscoaching.es\/blog\/wp-content\/uploads\/2013\/11\/Douglas-Coupland-150x150.jpg?resize=350%2C200&ssl=1","width":350,"height":200},"classes":[]}],"jetpack_sharing_enabled":true,"jetpack_featured_media_url":"","_links":{"self":[{"href":"https:\/\/www.alonso-businesscoaching.es\/blog\/wp-json\/wp\/v2\/posts\/14288","targetHints":{"allow":["GET"]}}],"collection":[{"href":"https:\/\/www.alonso-businesscoaching.es\/blog\/wp-json\/wp\/v2\/posts"}],"about":[{"href":"https:\/\/www.alonso-businesscoaching.es\/blog\/wp-json\/wp\/v2\/types\/post"}],"author":[{"embeddable":true,"href":"https:\/\/www.alonso-businesscoaching.es\/blog\/wp-json\/wp\/v2\/users\/2"}],"replies":[{"embeddable":true,"href":"https:\/\/www.alonso-businesscoaching.es\/blog\/wp-json\/wp\/v2\/comments?post=14288"}],"version-history":[{"count":1,"href":"https:\/\/www.alonso-businesscoaching.es\/blog\/wp-json\/wp\/v2\/posts\/14288\/revisions"}],"predecessor-version":[{"id":14290,"href":"https:\/\/www.alonso-businesscoaching.es\/blog\/wp-json\/wp\/v2\/posts\/14288\/revisions\/14290"}],"wp:attachment":[{"href":"https:\/\/www.alonso-businesscoaching.es\/blog\/wp-json\/wp\/v2\/media?parent=14288"}],"wp:term":[{"taxonomy":"category","embeddable":true,"href":"https:\/\/www.alonso-businesscoaching.es\/blog\/wp-json\/wp\/v2\/categories?post=14288"},{"taxonomy":"post_tag","embeddable":true,"href":"https:\/\/www.alonso-businesscoaching.es\/blog\/wp-json\/wp\/v2\/tags?post=14288"}],"curies":[{"name":"wp","href":"https:\/\/api.w.org\/{rel}","templated":true}]}}