{"id":14885,"date":"2018-01-09T00:00:17","date_gmt":"2018-01-08T23:00:17","guid":{"rendered":"https:\/\/www.alonso-businesscoaching.es\/blog\/?p=14885"},"modified":"2017-12-16T11:38:15","modified_gmt":"2017-12-16T10:38:15","slug":"re-flexiones-1-931-caer-bien","status":"publish","type":"post","link":"https:\/\/www.alonso-businesscoaching.es\/blog\/09-01-2018\/re-flexiones-1-931-caer-bien\/","title":{"rendered":"Re-flexiones&#8230; 1.931 (caer bien)"},"content":{"rendered":"<p style=\"text-align: center;\"><em>&#8220;Qu\u00e9 desagradable resulta caerle bien a la gente que te cae mal&#8221;<\/em><\/p>\n<p style=\"text-align: center;\"><a href=\"https:\/\/es.wikipedia.org\/wiki\/El_Perich\" target=\"_blank\" rel=\"noopener\"><img data-recalc-dims=\"1\" loading=\"lazy\" decoding=\"async\" data-attachment-id=\"11051\" data-permalink=\"https:\/\/www.alonso-businesscoaching.es\/blog\/09-10-2015\/re-flexiones-1-108-agresividad\/jaume-perich\/\" data-orig-file=\"https:\/\/i0.wp.com\/www.alonso-businesscoaching.es\/blog\/wp-content\/uploads\/2015\/09\/Jaume-Perich.jpg?fit=182%2C190&amp;ssl=1\" data-orig-size=\"182,190\" data-comments-opened=\"1\" data-image-meta=\"{&quot;aperture&quot;:&quot;0&quot;,&quot;credit&quot;:&quot;&quot;,&quot;camera&quot;:&quot;&quot;,&quot;caption&quot;:&quot;&quot;,&quot;created_timestamp&quot;:&quot;0&quot;,&quot;copyright&quot;:&quot;&quot;,&quot;focal_length&quot;:&quot;0&quot;,&quot;iso&quot;:&quot;0&quot;,&quot;shutter_speed&quot;:&quot;0&quot;,&quot;title&quot;:&quot;&quot;,&quot;orientation&quot;:&quot;0&quot;}\" data-image-title=\"Jaume Perich\" data-image-description=\"\" data-image-caption=\"\" data-large-file=\"https:\/\/i0.wp.com\/www.alonso-businesscoaching.es\/blog\/wp-content\/uploads\/2015\/09\/Jaume-Perich.jpg?fit=182%2C190&amp;ssl=1\" class=\"aligncenter size-thumbnail wp-image-11051\" src=\"https:\/\/i0.wp.com\/www.alonso-businesscoaching.es\/blog\/wp-content\/uploads\/2015\/09\/Jaume-Perich.jpg?resize=150%2C150&#038;ssl=1\" alt=\"\" width=\"150\" height=\"150\" srcset=\"https:\/\/i0.wp.com\/www.alonso-businesscoaching.es\/blog\/wp-content\/uploads\/2015\/09\/Jaume-Perich.jpg?resize=150%2C150&amp;ssl=1 150w, https:\/\/i0.wp.com\/www.alonso-businesscoaching.es\/blog\/wp-content\/uploads\/2015\/09\/Jaume-Perich.jpg?resize=59%2C59&amp;ssl=1 59w\" sizes=\"auto, (max-width: 150px) 100vw, 150px\" \/><\/a>Jaume Perich<\/p>\n","protected":false},"excerpt":{"rendered":"<p>&#8220;Qu\u00e9 desagradable resulta caerle bien a la gente que te cae mal&#8221; Jaume Perich<\/p>\n","protected":false},"author":2,"featured_media":0,"comment_status":"open","ping_status":"open","sticky":false,"template":"","format":"standard","meta":{"om_disable_all_campaigns":false,"_monsterinsights_skip_tracking":false,"_monsterinsights_sitenote_active":false,"_monsterinsights_sitenote_note":"","_monsterinsights_sitenote_category":0,"_s2mail":"","_uf_show_specific_survey":0,"_uf_disable_surveys":false,"jetpack_post_was_ever_published":false,"_jetpack_newsletter_access":"","_jetpack_dont_email_post_to_subs":false,"_jetpack_newsletter_tier_id":0,"_jetpack_memberships_contains_paywalled_content":false,"_jetpack_memberships_contains_paid_content":false,"footnotes":"","jetpack_publicize_message":"","jetpack_publicize_feature_enabled":true,"jetpack_social_post_already_shared":true,"jetpack_social_options":{"image_generator_settings":{"template":"highway","default_image_id":0,"font":"","enabled":false},"version":2}},"categories":[75],"tags":[198],"class_list":["post-14885","post","type-post","status-publish","format-standard","hentry","category-re-flexiones-tematicas","tag-caer-bien"],"aioseo_notices":[],"jetpack_publicize_connections":[],"jetpack_featured_media_url":"","jetpack_shortlink":"https:\/\/wp.me\/p5YpnT-3S5","jetpack_likes_enabled":true,"jetpack-related-posts":[{"id":11050,"url":"https:\/\/www.alonso-businesscoaching.es\/blog\/09-10-2015\/re-flexiones-1-108-agresividad\/","url_meta":{"origin":14885,"position":0},"title":"Re-flexiones&#8230; 1.108 (agresividad)","author":"Antonio J. Alonso Sampedro","date":"09\/10\/2015","format":false,"excerpt":"\"Mis amigos me dicen que soy muy agresivo, pero me lo dicen a gritos\" Jaume Perich","rel":"","context":"En \u00abRe-flexiones\/tem\u00e1ticas\u00bb","block_context":{"text":"Re-flexiones\/tem\u00e1ticas","link":"https:\/\/www.alonso-businesscoaching.es\/blog\/category\/re-flexiones-tematicas\/"},"img":{"alt_text":"Jaume Perich","src":"https:\/\/i0.wp.com\/www.alonso-businesscoaching.es\/blog\/wp-content\/uploads\/2015\/09\/Jaume-Perich-150x150.jpg?resize=350%2C200","width":350,"height":200},"classes":[]},{"id":11835,"url":"https:\/\/www.alonso-businesscoaching.es\/blog\/06-05-2016\/re-flexiones-1-318-amigos\/","url_meta":{"origin":14885,"position":1},"title":"Re-flexiones&#8230; 1.318 (amigos)","author":"Antonio J. Alonso Sampedro","date":"06\/05\/2016","format":false,"excerpt":"\"Los amigos son para las ocasiones, salvo en determinados c\u00edrculos pol\u00edtico-econ\u00f3micos, en los que las ocasiones son para los amigos\" Jaume Perich","rel":"","context":"En \u00abRe-flexiones\/tem\u00e1ticas\u00bb","block_context":{"text":"Re-flexiones\/tem\u00e1ticas","link":"https:\/\/www.alonso-businesscoaching.es\/blog\/category\/re-flexiones-tematicas\/"},"img":{"alt_text":"Jaume Perich","src":"https:\/\/i0.wp.com\/www.alonso-businesscoaching.es\/blog\/wp-content\/uploads\/2015\/09\/Jaume-Perich-150x150.jpg?resize=350%2C200","width":350,"height":200},"classes":[]},{"id":15230,"url":"https:\/\/www.alonso-businesscoaching.es\/blog\/08-04-2018\/re-flexiones-2-020-caridad\/","url_meta":{"origin":14885,"position":2},"title":"Re-flexiones&#8230; 2.020 (caridad)","author":"Antonio J. Alonso Sampedro","date":"08\/04\/2018","format":false,"excerpt":"\"La caridad es la unica virtud que precisa de la injusticia\" Jaume Perich","rel":"","context":"En \u00abRe-flexiones\/tem\u00e1ticas\u00bb","block_context":{"text":"Re-flexiones\/tem\u00e1ticas","link":"https:\/\/www.alonso-businesscoaching.es\/blog\/category\/re-flexiones-tematicas\/"},"img":{"alt_text":"","src":"https:\/\/i0.wp.com\/www.alonso-businesscoaching.es\/blog\/wp-content\/uploads\/2015\/09\/Jaume-Perich-150x150.jpg?resize=350%2C200&ssl=1","width":350,"height":200},"classes":[]},{"id":27851,"url":"https:\/\/www.alonso-businesscoaching.es\/blog\/12-12-2024\/re-flexiones-4-455-religion\/","url_meta":{"origin":14885,"position":3},"title":"Re-flexiones&#8230; 4.455 (religi\u00f3n)","author":"Antonio J. Alonso Sampedro","date":"12\/12\/2024","format":false,"excerpt":"\"La religi\u00f3n sirve para ayudarnos y consolarnos ante unos problemas que no tendr\u00edamos si no existiese la religi\u00f3n\" Jaume Perich","rel":"","context":"En \u00abRe-flexiones\/tem\u00e1ticas\u00bb","block_context":{"text":"Re-flexiones\/tem\u00e1ticas","link":"https:\/\/www.alonso-businesscoaching.es\/blog\/category\/re-flexiones-tematicas\/"},"img":{"alt_text":"","src":"https:\/\/i0.wp.com\/www.alonso-businesscoaching.es\/blog\/wp-content\/uploads\/2015\/09\/Jaume-Perich-150x150.jpg?resize=350%2C200&ssl=1","width":350,"height":200},"classes":[]},{"id":24604,"url":"https:\/\/www.alonso-businesscoaching.es\/blog\/03-06-2023\/re-flexiones-3-802-guerra\/","url_meta":{"origin":14885,"position":4},"title":"Re-flexiones&#8230; 3.802 (guerra)","author":"Antonio J. Alonso Sampedro","date":"03\/06\/2023","format":false,"excerpt":"\"Gracias a la guerra uno no solo puede morir por sus ideales, sino que incluso puede morir por los ideales de otro\" Jaume Perich","rel":"","context":"En \u00abRe-flexiones\/tem\u00e1ticas\u00bb","block_context":{"text":"Re-flexiones\/tem\u00e1ticas","link":"https:\/\/www.alonso-businesscoaching.es\/blog\/category\/re-flexiones-tematicas\/"},"img":{"alt_text":"","src":"https:\/\/i0.wp.com\/www.alonso-businesscoaching.es\/blog\/wp-content\/uploads\/2015\/09\/Jaume-Perich-150x150.jpg?resize=350%2C200&ssl=1","width":350,"height":200},"classes":[]},{"id":18354,"url":"https:\/\/www.alonso-businesscoaching.es\/blog\/09-09-2019\/re-flexiones-2-539-optimismo\/","url_meta":{"origin":14885,"position":5},"title":"Re-flexiones&#8230; 2.539 (optimismo)","author":"Antonio J. Alonso Sampedro","date":"09\/09\/2019","format":false,"excerpt":"\"Un optimista es el que cree que todo tiene arreglo. Un pesimista es el que piensa lo mismo, pero sabe que nadie va a intentarlo\" Jaume Perich","rel":"","context":"En \u00abRe-flexiones\/tem\u00e1ticas\u00bb","block_context":{"text":"Re-flexiones\/tem\u00e1ticas","link":"https:\/\/www.alonso-businesscoaching.es\/blog\/category\/re-flexiones-tematicas\/"},"img":{"alt_text":"","src":"https:\/\/i0.wp.com\/www.alonso-businesscoaching.es\/blog\/wp-content\/uploads\/2015\/09\/Jaume-Perich-150x150.jpg?resize=350%2C200&ssl=1","width":350,"height":200},"classes":[]}],"jetpack_sharing_enabled":true,"_links":{"self":[{"href":"https:\/\/www.alonso-businesscoaching.es\/blog\/wp-json\/wp\/v2\/posts\/14885","targetHints":{"allow":["GET"]}}],"collection":[{"href":"https:\/\/www.alonso-businesscoaching.es\/blog\/wp-json\/wp\/v2\/posts"}],"about":[{"href":"https:\/\/www.alonso-businesscoaching.es\/blog\/wp-json\/wp\/v2\/types\/post"}],"author":[{"embeddable":true,"href":"https:\/\/www.alonso-businesscoaching.es\/blog\/wp-json\/wp\/v2\/users\/2"}],"replies":[{"embeddable":true,"href":"https:\/\/www.alonso-businesscoaching.es\/blog\/wp-json\/wp\/v2\/comments?post=14885"}],"version-history":[{"count":1,"href":"https:\/\/www.alonso-businesscoaching.es\/blog\/wp-json\/wp\/v2\/posts\/14885\/revisions"}],"predecessor-version":[{"id":14886,"href":"https:\/\/www.alonso-businesscoaching.es\/blog\/wp-json\/wp\/v2\/posts\/14885\/revisions\/14886"}],"wp:attachment":[{"href":"https:\/\/www.alonso-businesscoaching.es\/blog\/wp-json\/wp\/v2\/media?parent=14885"}],"wp:term":[{"taxonomy":"category","embeddable":true,"href":"https:\/\/www.alonso-businesscoaching.es\/blog\/wp-json\/wp\/v2\/categories?post=14885"},{"taxonomy":"post_tag","embeddable":true,"href":"https:\/\/www.alonso-businesscoaching.es\/blog\/wp-json\/wp\/v2\/tags?post=14885"}],"curies":[{"name":"wp","href":"https:\/\/api.w.org\/{rel}","templated":true}]}}