{"id":14975,"date":"2018-02-08T08:00:05","date_gmt":"2018-02-08T07:00:05","guid":{"rendered":"https:\/\/www.alonso-businesscoaching.es\/blog\/?p=14975"},"modified":"2018-01-27T11:24:08","modified_gmt":"2018-01-27T10:24:08","slug":"re-flexiones-1-961-cambio","status":"publish","type":"post","link":"https:\/\/www.alonso-businesscoaching.es\/blog\/08-02-2018\/re-flexiones-1-961-cambio\/","title":{"rendered":"Re-flexiones&#8230; 1.961 (cambio)"},"content":{"rendered":"<p style=\"text-align: center;\"><em>&#8220;Cuando no somos capaces ya de cambiar una situaci\u00f3n, nos enfrentamos al reto de cambiar nosotros mismos&#8221;<\/em><\/p>\n<p style=\"text-align: center;\"><a href=\"https:\/\/es.wikipedia.org\/wiki\/Viktor_Frankl\" target=\"_blank\" rel=\"noopener\"><img data-recalc-dims=\"1\" loading=\"lazy\" decoding=\"async\" data-attachment-id=\"14976\" data-permalink=\"https:\/\/www.alonso-businesscoaching.es\/blog\/08-02-2018\/re-flexiones-1-961-cambio\/viktor-frankl\/\" data-orig-file=\"https:\/\/i0.wp.com\/www.alonso-businesscoaching.es\/blog\/wp-content\/uploads\/2018\/01\/Viktor-Frankl.jpg?fit=240%2C320&amp;ssl=1\" data-orig-size=\"240,320\" data-comments-opened=\"1\" data-image-meta=\"{&quot;aperture&quot;:&quot;0&quot;,&quot;credit&quot;:&quot;&quot;,&quot;camera&quot;:&quot;&quot;,&quot;caption&quot;:&quot;&quot;,&quot;created_timestamp&quot;:&quot;0&quot;,&quot;copyright&quot;:&quot;&quot;,&quot;focal_length&quot;:&quot;0&quot;,&quot;iso&quot;:&quot;0&quot;,&quot;shutter_speed&quot;:&quot;0&quot;,&quot;title&quot;:&quot;&quot;,&quot;orientation&quot;:&quot;0&quot;}\" data-image-title=\"Viktor Frankl\" data-image-description=\"\" data-image-caption=\"\" data-large-file=\"https:\/\/i0.wp.com\/www.alonso-businesscoaching.es\/blog\/wp-content\/uploads\/2018\/01\/Viktor-Frankl.jpg?fit=240%2C320&amp;ssl=1\" class=\"aligncenter size-thumbnail wp-image-14976\" src=\"https:\/\/i0.wp.com\/www.alonso-businesscoaching.es\/blog\/wp-content\/uploads\/2018\/01\/Viktor-Frankl.jpg?resize=150%2C150&#038;ssl=1\" alt=\"\" width=\"150\" height=\"150\" srcset=\"https:\/\/i0.wp.com\/www.alonso-businesscoaching.es\/blog\/wp-content\/uploads\/2018\/01\/Viktor-Frankl.jpg?resize=150%2C150&amp;ssl=1 150w, https:\/\/i0.wp.com\/www.alonso-businesscoaching.es\/blog\/wp-content\/uploads\/2018\/01\/Viktor-Frankl.jpg?resize=59%2C59&amp;ssl=1 59w, https:\/\/i0.wp.com\/www.alonso-businesscoaching.es\/blog\/wp-content\/uploads\/2018\/01\/Viktor-Frankl.jpg?resize=144%2C144&amp;ssl=1 144w, https:\/\/i0.wp.com\/www.alonso-businesscoaching.es\/blog\/wp-content\/uploads\/2018\/01\/Viktor-Frankl.jpg?resize=50%2C50&amp;ssl=1 50w\" sizes=\"auto, (max-width: 150px) 100vw, 150px\" \/><\/a>Viktor Frankl<\/p>\n<h1 id=\"firstHeading\" class=\"firstHeading\" lang=\"es\"><\/h1>\n","protected":false},"excerpt":{"rendered":"<p>&#8220;Cuando no somos capaces ya de cambiar una situaci\u00f3n, nos enfrentamos al reto de cambiar nosotros mismos&#8221; Viktor Frankl<\/p>\n","protected":false},"author":2,"featured_media":0,"comment_status":"open","ping_status":"open","sticky":false,"template":"","format":"standard","meta":{"om_disable_all_campaigns":false,"_monsterinsights_skip_tracking":false,"_monsterinsights_sitenote_active":false,"_monsterinsights_sitenote_note":"","_monsterinsights_sitenote_category":0,"_s2mail":"","_uf_show_specific_survey":0,"_uf_disable_surveys":false,"jetpack_post_was_ever_published":false,"_jetpack_newsletter_access":"","_jetpack_dont_email_post_to_subs":false,"_jetpack_newsletter_tier_id":0,"_jetpack_memberships_contains_paywalled_content":false,"_jetpack_memberships_contains_paid_content":false,"footnotes":"","jetpack_publicize_message":"","jetpack_publicize_feature_enabled":true,"jetpack_social_post_already_shared":true,"jetpack_social_options":{"image_generator_settings":{"template":"highway","default_image_id":0,"font":"","enabled":false},"version":2}},"categories":[75],"tags":[43],"class_list":["post-14975","post","type-post","status-publish","format-standard","hentry","category-re-flexiones-tematicas","tag-cambio"],"aioseo_notices":[],"jetpack_publicize_connections":[],"jetpack_featured_media_url":"","jetpack_shortlink":"https:\/\/wp.me\/p5YpnT-3Tx","jetpack_likes_enabled":true,"jetpack-related-posts":[{"id":15000,"url":"https:\/\/www.alonso-businesscoaching.es\/blog\/17-02-2018\/re-flexiones-1-970-cambio\/","url_meta":{"origin":14975,"position":0},"title":"Re-flexiones&#8230; 1.970 (cambio)","author":"Antonio J. Alonso Sampedro","date":"17\/02\/2018","format":false,"excerpt":"\"Qui\u00e9n quiere cambiar siempre encontrar\u00e1 una raz\u00f3n para cambiar\" Andr\u00e9 Maurois","rel":"","context":"En \u00abRe-flexiones\/tem\u00e1ticas\u00bb","block_context":{"text":"Re-flexiones\/tem\u00e1ticas","link":"https:\/\/www.alonso-businesscoaching.es\/blog\/category\/re-flexiones-tematicas\/"},"img":{"alt_text":"","src":"https:\/\/i0.wp.com\/www.alonso-businesscoaching.es\/blog\/wp-content\/uploads\/2017\/07\/Andr%C3%A9-Maurois1-150x150.jpg?resize=350%2C200&ssl=1","width":350,"height":200},"classes":[]},{"id":14990,"url":"https:\/\/www.alonso-businesscoaching.es\/blog\/13-02-2018\/re-flexiones-1-966-cambio\/","url_meta":{"origin":14975,"position":1},"title":"Re-flexiones&#8230; 1.966 (cambio)","author":"Antonio J. Alonso Sampedro","date":"13\/02\/2018","format":false,"excerpt":"\"Quer\u00eda cambiar el mundo. Pero he descubierto que lo \u00fanico que uno puede estar seguro de cambiar es a uno mismo\" Aldous Huxley","rel":"","context":"En \u00abRe-flexiones\/tem\u00e1ticas\u00bb","block_context":{"text":"Re-flexiones\/tem\u00e1ticas","link":"https:\/\/www.alonso-businesscoaching.es\/blog\/category\/re-flexiones-tematicas\/"},"img":{"alt_text":"","src":"https:\/\/i0.wp.com\/www.alonso-businesscoaching.es\/blog\/wp-content\/uploads\/2015\/09\/Aldous-Huxley1-150x150.jpg?resize=350%2C200&ssl=1","width":350,"height":200},"classes":[]},{"id":15005,"url":"https:\/\/www.alonso-businesscoaching.es\/blog\/19-02-2018\/re-flexiones-1-972-cambio\/","url_meta":{"origin":14975,"position":2},"title":"Re-flexiones&#8230; 1.972 (cambio)","author":"Antonio J. Alonso Sampedro","date":"19\/02\/2018","format":false,"excerpt":"\"Si existiera algo que quisi\u00e9ramos cambiar en los chicos, en primer lugar deber\u00edamos examinarlo y observar si no es algo que podr\u00eda ser mejor cambiar en nosotros mismos\" Carl Gustav Jung","rel":"","context":"En \u00abRe-flexiones\/tem\u00e1ticas\u00bb","block_context":{"text":"Re-flexiones\/tem\u00e1ticas","link":"https:\/\/www.alonso-businesscoaching.es\/blog\/category\/re-flexiones-tematicas\/"},"img":{"alt_text":"","src":"https:\/\/i0.wp.com\/www.alonso-businesscoaching.es\/blog\/wp-content\/uploads\/2018\/02\/Carl-Gustav-Jung-150x150.jpg?resize=350%2C200&ssl=1","width":350,"height":200},"classes":[]},{"id":15022,"url":"https:\/\/www.alonso-businesscoaching.es\/blog\/25-02-2018\/re-flexiones-1-978-cambio\/","url_meta":{"origin":14975,"position":3},"title":"Re-flexiones&#8230; 1.978 (cambio)","author":"Antonio J. Alonso Sampedro","date":"25\/02\/2018","format":false,"excerpt":"\"\u00bfCambiar? Cuando lo hagan las colinas\" Emily Dickinson","rel":"","context":"En \u00abRe-flexiones\/tem\u00e1ticas\u00bb","block_context":{"text":"Re-flexiones\/tem\u00e1ticas","link":"https:\/\/www.alonso-businesscoaching.es\/blog\/category\/re-flexiones-tematicas\/"},"img":{"alt_text":"","src":"https:\/\/i0.wp.com\/www.alonso-businesscoaching.es\/blog\/wp-content\/uploads\/2014\/06\/Emily-Dickinson-150x150.jpg?resize=350%2C200&ssl=1","width":350,"height":200},"classes":[]},{"id":14972,"url":"https:\/\/www.alonso-businesscoaching.es\/blog\/07-02-2018\/re-flexiones-1-960-cambio\/","url_meta":{"origin":14975,"position":4},"title":"Re-flexiones&#8230; 1.960 (cambio)","author":"Antonio J. Alonso Sampedro","date":"07\/02\/2018","format":false,"excerpt":"\"Si quieres cambiar al mundo, c\u00e1mbiate a ti mismo\" Mahatma Gandhi","rel":"","context":"En \u00abRe-flexiones\/tem\u00e1ticas\u00bb","block_context":{"text":"Re-flexiones\/tem\u00e1ticas","link":"https:\/\/www.alonso-businesscoaching.es\/blog\/category\/re-flexiones-tematicas\/"},"img":{"alt_text":"","src":"https:\/\/i0.wp.com\/www.alonso-businesscoaching.es\/blog\/wp-content\/uploads\/2016\/04\/Mahatma-Gandhi1-150x150.jpg?resize=350%2C200&ssl=1","width":350,"height":200},"classes":[]},{"id":14967,"url":"https:\/\/www.alonso-businesscoaching.es\/blog\/05-02-2018\/re-flexiones-1-958-cambio\/","url_meta":{"origin":14975,"position":5},"title":"Re-flexiones&#8230; 1.958 (cambio)","author":"Antonio J. Alonso Sampedro","date":"05\/02\/2018","format":false,"excerpt":"\"Las personas cambian cuando se dan cuenta del potencial que tienen para cambiar las cosas\" Paulo Coelho","rel":"","context":"En \u00abRe-flexiones\/tem\u00e1ticas\u00bb","block_context":{"text":"Re-flexiones\/tem\u00e1ticas","link":"https:\/\/www.alonso-businesscoaching.es\/blog\/category\/re-flexiones-tematicas\/"},"img":{"alt_text":"","src":"https:\/\/i0.wp.com\/www.alonso-businesscoaching.es\/blog\/wp-content\/uploads\/2017\/06\/Paulo-Coelho-150x150.jpg?resize=350%2C200&ssl=1","width":350,"height":200},"classes":[]}],"jetpack_sharing_enabled":true,"_links":{"self":[{"href":"https:\/\/www.alonso-businesscoaching.es\/blog\/wp-json\/wp\/v2\/posts\/14975","targetHints":{"allow":["GET"]}}],"collection":[{"href":"https:\/\/www.alonso-businesscoaching.es\/blog\/wp-json\/wp\/v2\/posts"}],"about":[{"href":"https:\/\/www.alonso-businesscoaching.es\/blog\/wp-json\/wp\/v2\/types\/post"}],"author":[{"embeddable":true,"href":"https:\/\/www.alonso-businesscoaching.es\/blog\/wp-json\/wp\/v2\/users\/2"}],"replies":[{"embeddable":true,"href":"https:\/\/www.alonso-businesscoaching.es\/blog\/wp-json\/wp\/v2\/comments?post=14975"}],"version-history":[{"count":1,"href":"https:\/\/www.alonso-businesscoaching.es\/blog\/wp-json\/wp\/v2\/posts\/14975\/revisions"}],"predecessor-version":[{"id":14977,"href":"https:\/\/www.alonso-businesscoaching.es\/blog\/wp-json\/wp\/v2\/posts\/14975\/revisions\/14977"}],"wp:attachment":[{"href":"https:\/\/www.alonso-businesscoaching.es\/blog\/wp-json\/wp\/v2\/media?parent=14975"}],"wp:term":[{"taxonomy":"category","embeddable":true,"href":"https:\/\/www.alonso-businesscoaching.es\/blog\/wp-json\/wp\/v2\/categories?post=14975"},{"taxonomy":"post_tag","embeddable":true,"href":"https:\/\/www.alonso-businesscoaching.es\/blog\/wp-json\/wp\/v2\/tags?post=14975"}],"curies":[{"name":"wp","href":"https:\/\/api.w.org\/{rel}","templated":true}]}}