{"id":15190,"date":"2018-04-01T07:00:03","date_gmt":"2018-04-01T05:00:03","guid":{"rendered":"https:\/\/www.alonso-businesscoaching.es\/blog\/?p=15190"},"modified":"2018-03-31T11:33:32","modified_gmt":"2018-03-31T09:33:32","slug":"re-flexiones-2-013-cargo-publico","status":"publish","type":"post","link":"https:\/\/www.alonso-businesscoaching.es\/blog\/01-04-2018\/re-flexiones-2-013-cargo-publico\/","title":{"rendered":"Re-flexiones&#8230; 2.013 (cargo p\u00fablico)"},"content":{"rendered":"<p style=\"text-align: center;\"><em>&#8220;Nadie abandona el cargo de presidente con el mismo prestigio y respeto que le llev\u00f3 ah\u00ed&#8221;<\/em><\/p>\n<p style=\"text-align: center;\"><a href=\"https:\/\/es.wikipedia.org\/wiki\/Thomas_Jefferson\" target=\"_blank\" rel=\"noopener\"><img data-recalc-dims=\"1\" loading=\"lazy\" decoding=\"async\" data-attachment-id=\"10840\" data-permalink=\"https:\/\/www.alonso-businesscoaching.es\/blog\/09-08-2015\/re-flexiones-1-048-adaptacion\/thomas-jefferson1\/\" data-orig-file=\"https:\/\/i0.wp.com\/www.alonso-businesscoaching.es\/blog\/wp-content\/uploads\/2015\/07\/Thomas-Jefferson1.jpg?fit=402%2C402&amp;ssl=1\" data-orig-size=\"402,402\" data-comments-opened=\"1\" data-image-meta=\"{&quot;aperture&quot;:&quot;0&quot;,&quot;credit&quot;:&quot;&quot;,&quot;camera&quot;:&quot;&quot;,&quot;caption&quot;:&quot;&quot;,&quot;created_timestamp&quot;:&quot;0&quot;,&quot;copyright&quot;:&quot;&quot;,&quot;focal_length&quot;:&quot;0&quot;,&quot;iso&quot;:&quot;0&quot;,&quot;shutter_speed&quot;:&quot;0&quot;,&quot;title&quot;:&quot;&quot;,&quot;orientation&quot;:&quot;0&quot;}\" data-image-title=\"Thomas Jefferson1\" data-image-description=\"\" data-image-caption=\"\" data-large-file=\"https:\/\/i0.wp.com\/www.alonso-businesscoaching.es\/blog\/wp-content\/uploads\/2015\/07\/Thomas-Jefferson1.jpg?fit=402%2C402&amp;ssl=1\" class=\"aligncenter size-thumbnail wp-image-10840\" src=\"https:\/\/i0.wp.com\/www.alonso-businesscoaching.es\/blog\/wp-content\/uploads\/2015\/07\/Thomas-Jefferson1.jpg?resize=150%2C150&#038;ssl=1\" alt=\"\" width=\"150\" height=\"150\" srcset=\"https:\/\/i0.wp.com\/www.alonso-businesscoaching.es\/blog\/wp-content\/uploads\/2015\/07\/Thomas-Jefferson1.jpg?resize=150%2C150&amp;ssl=1 150w, https:\/\/i0.wp.com\/www.alonso-businesscoaching.es\/blog\/wp-content\/uploads\/2015\/07\/Thomas-Jefferson1.jpg?resize=300%2C300&amp;ssl=1 300w, https:\/\/i0.wp.com\/www.alonso-businesscoaching.es\/blog\/wp-content\/uploads\/2015\/07\/Thomas-Jefferson1.jpg?resize=59%2C59&amp;ssl=1 59w, https:\/\/i0.wp.com\/www.alonso-businesscoaching.es\/blog\/wp-content\/uploads\/2015\/07\/Thomas-Jefferson1.jpg?w=402&amp;ssl=1 402w\" sizes=\"auto, (max-width: 150px) 100vw, 150px\" \/><\/a>Thomas Jefferson<\/p>\n","protected":false},"excerpt":{"rendered":"<p>&#8220;Nadie abandona el cargo de presidente con el mismo prestigio y respeto que le llev\u00f3 ah\u00ed&#8221; Thomas Jefferson<\/p>\n","protected":false},"author":2,"featured_media":0,"comment_status":"open","ping_status":"open","sticky":false,"template":"","format":"standard","meta":{"om_disable_all_campaigns":false,"_monsterinsights_skip_tracking":false,"_monsterinsights_sitenote_active":false,"_monsterinsights_sitenote_note":"","_monsterinsights_sitenote_category":0,"_s2mail":"","_uf_show_specific_survey":0,"_uf_disable_surveys":false,"jetpack_post_was_ever_published":false,"_jetpack_newsletter_access":"","_jetpack_dont_email_post_to_subs":false,"_jetpack_newsletter_tier_id":0,"_jetpack_memberships_contains_paywalled_content":false,"_jetpack_memberships_contains_paid_content":false,"footnotes":"","jetpack_publicize_message":"","jetpack_publicize_feature_enabled":true,"jetpack_social_post_already_shared":true,"jetpack_social_options":{"image_generator_settings":{"template":"highway","default_image_id":0,"font":"","enabled":false},"version":2}},"categories":[75],"tags":[214],"class_list":["post-15190","post","type-post","status-publish","format-standard","hentry","category-re-flexiones-tematicas","tag-cargo-publico"],"aioseo_notices":[],"jetpack_publicize_connections":[],"jetpack_featured_media_url":"","jetpack_shortlink":"https:\/\/wp.me\/p5YpnT-3X0","jetpack_likes_enabled":true,"jetpack-related-posts":[{"id":27001,"url":"https:\/\/www.alonso-businesscoaching.es\/blog\/24-09-2024\/re-flexiones-4-276-poder\/","url_meta":{"origin":15190,"position":0},"title":"Re-flexiones&#8230; 4.276 (poder)","author":"Antonio J. Alonso Sampedro","date":"24\/09\/2024","format":false,"excerpt":"\"Ser\u00eda deseable que todo el que quisiera presentar su candidatura para un cargo pudiera explicar por qu\u00e9 quiere ser candidato. El deseo de ser candidato parece, por s\u00ed mismo, raz\u00f3n suficiente para la exclusi\u00f3n\" Douglas Coupland","rel":"","context":"En \u00abRe-flexiones\/tem\u00e1ticas\u00bb","block_context":{"text":"Re-flexiones\/tem\u00e1ticas","link":"https:\/\/www.alonso-businesscoaching.es\/blog\/category\/re-flexiones-tematicas\/"},"img":{"alt_text":"","src":"https:\/\/i0.wp.com\/www.alonso-businesscoaching.es\/blog\/wp-content\/uploads\/2013\/11\/Douglas-Coupland-150x150.jpg?resize=350%2C200&ssl=1","width":350,"height":200},"classes":[]},{"id":3099,"url":"https:\/\/www.alonso-businesscoaching.es\/blog\/31-05-2011\/re-flexiones-25\/","url_meta":{"origin":15190,"position":1},"title":"Re-flexiones\u2026 25","author":"Antonio J. Alonso Sampedro","date":"31\/05\/2011","format":false,"excerpt":"\u201cReprende al amigo en secreto y al\u00e1balo en p\u00fablico\u201d Leonardo Da Vinci","rel":"","context":"En \u00abRe-flexiones\/generales\u00bb","block_context":{"text":"Re-flexiones\/generales","link":"https:\/\/www.alonso-businesscoaching.es\/blog\/category\/re-flexiones-generales\/"},"img":{"alt_text":"","src":"","width":0,"height":0},"classes":[]},{"id":23964,"url":"https:\/\/www.alonso-businesscoaching.es\/blog\/26-01-2023\/re-flexiones-3-674-educacion\/","url_meta":{"origin":15190,"position":2},"title":"Re-flexiones&#8230; 3.674 (educaci\u00f3n)","author":"Antonio J. Alonso Sampedro","date":"26\/01\/2023","format":false,"excerpt":"\"El m\u00e1s importante y principal negocio p\u00fablico es la buena educaci\u00f3n de la juventud\" Plat\u00f3n","rel":"","context":"En \u00abRe-flexiones\/tem\u00e1ticas\u00bb","block_context":{"text":"Re-flexiones\/tem\u00e1ticas","link":"https:\/\/www.alonso-businesscoaching.es\/blog\/category\/re-flexiones-tematicas\/"},"img":{"alt_text":"","src":"https:\/\/i0.wp.com\/www.alonso-businesscoaching.es\/blog\/wp-content\/uploads\/2016\/05\/Plat%C3%B3n1-150x150.jpg?resize=350%2C200&ssl=1","width":350,"height":200},"classes":[]},{"id":24120,"url":"https:\/\/www.alonso-businesscoaching.es\/blog\/12-03-2023\/re-flexiones-3-719-gobierno\/","url_meta":{"origin":15190,"position":3},"title":"Re-flexiones&#8230; 3.719 (gobierno)","author":"Antonio J. Alonso Sampedro","date":"12\/03\/2023","format":false,"excerpt":"\"El bien p\u00fablico requiere que se traicione, que se mienta y que se masacre\" Michel de Montaigne","rel":"","context":"En \u00abRe-flexiones\/tem\u00e1ticas\u00bb","block_context":{"text":"Re-flexiones\/tem\u00e1ticas","link":"https:\/\/www.alonso-businesscoaching.es\/blog\/category\/re-flexiones-tematicas\/"},"img":{"alt_text":"","src":"https:\/\/i0.wp.com\/www.alonso-businesscoaching.es\/blog\/wp-content\/uploads\/2015\/11\/Michel-de-Montaigne1-150x150.jpg?resize=350%2C200&ssl=1","width":350,"height":200},"classes":[]},{"id":2641,"url":"https:\/\/www.alonso-businesscoaching.es\/blog\/25-08-2012\/re-flexiones-396\/","url_meta":{"origin":15190,"position":4},"title":"Re-flexiones&#8230; 396","author":"Antonio J. Alonso Sampedro","date":"25\/08\/2012","format":false,"excerpt":"\u201cTodos tenemos nuestra casa, que es el hogar privado y la ciudad, que es el hogar p\u00fablico\u201d \u00a0 Enrique Tierno Galv\u00e1n","rel":"","context":"En \u00abRe-flexiones\/generales\u00bb","block_context":{"text":"Re-flexiones\/generales","link":"https:\/\/www.alonso-businesscoaching.es\/blog\/category\/re-flexiones-generales\/"},"img":{"alt_text":"","src":"","width":0,"height":0},"classes":[]},{"id":13444,"url":"https:\/\/www.alonso-businesscoaching.es\/blog\/15-03-2017\/re-flexiones-1-631-arte\/","url_meta":{"origin":15190,"position":5},"title":"Re-flexiones&#8230; 1.631 (arte)","author":"Antonio J. Alonso Sampedro","date":"15\/03\/2017","format":false,"excerpt":"\"Las cr\u00edticas son cartas al p\u00fablico que ning\u00fan autor tiene que abrir ni leer\" Rainer Mar\u00eda Rilke","rel":"","context":"En \u00abRe-flexiones\/tem\u00e1ticas\u00bb","block_context":{"text":"Re-flexiones\/tem\u00e1ticas","link":"https:\/\/www.alonso-businesscoaching.es\/blog\/category\/re-flexiones-tematicas\/"},"img":{"alt_text":"","src":"https:\/\/i0.wp.com\/www.alonso-businesscoaching.es\/blog\/wp-content\/uploads\/2016\/07\/Rainer-Mar%C3%ADa-Rilke1-150x150.jpg?resize=350%2C200&ssl=1","width":350,"height":200},"classes":[]}],"jetpack_sharing_enabled":true,"_links":{"self":[{"href":"https:\/\/www.alonso-businesscoaching.es\/blog\/wp-json\/wp\/v2\/posts\/15190","targetHints":{"allow":["GET"]}}],"collection":[{"href":"https:\/\/www.alonso-businesscoaching.es\/blog\/wp-json\/wp\/v2\/posts"}],"about":[{"href":"https:\/\/www.alonso-businesscoaching.es\/blog\/wp-json\/wp\/v2\/types\/post"}],"author":[{"embeddable":true,"href":"https:\/\/www.alonso-businesscoaching.es\/blog\/wp-json\/wp\/v2\/users\/2"}],"replies":[{"embeddable":true,"href":"https:\/\/www.alonso-businesscoaching.es\/blog\/wp-json\/wp\/v2\/comments?post=15190"}],"version-history":[{"count":1,"href":"https:\/\/www.alonso-businesscoaching.es\/blog\/wp-json\/wp\/v2\/posts\/15190\/revisions"}],"predecessor-version":[{"id":15191,"href":"https:\/\/www.alonso-businesscoaching.es\/blog\/wp-json\/wp\/v2\/posts\/15190\/revisions\/15191"}],"wp:attachment":[{"href":"https:\/\/www.alonso-businesscoaching.es\/blog\/wp-json\/wp\/v2\/media?parent=15190"}],"wp:term":[{"taxonomy":"category","embeddable":true,"href":"https:\/\/www.alonso-businesscoaching.es\/blog\/wp-json\/wp\/v2\/categories?post=15190"},{"taxonomy":"post_tag","embeddable":true,"href":"https:\/\/www.alonso-businesscoaching.es\/blog\/wp-json\/wp\/v2\/tags?post=15190"}],"curies":[{"name":"wp","href":"https:\/\/api.w.org\/{rel}","templated":true}]}}