{"id":15233,"date":"2018-03-31T09:00:42","date_gmt":"2018-03-31T08:00:42","guid":{"rendered":"https:\/\/www.alonso-businesscoaching.es\/blog\/?p=15233"},"modified":"2018-09-23T20:34:21","modified_gmt":"2018-09-23T18:34:21","slug":"lider-tiones-4","status":"publish","type":"post","link":"https:\/\/www.alonso-businesscoaching.es\/blog\/31-03-2018\/lider-tiones-4\/","title":{"rendered":"L\u00edder-tiones&#8230; 4"},"content":{"rendered":"<p><a href=\"https:\/\/www.alonso-businesscoaching.es\/blog\/2010\/12\/04\/el-mejor-lider-coach-es-henry-fonda\/\" target=\"_blank\" rel=\"noopener\"><img data-recalc-dims=\"1\" loading=\"lazy\" decoding=\"async\" data-attachment-id=\"15128\" data-permalink=\"https:\/\/www.alonso-businesscoaching.es\/blog\/10-03-2018\/lider-tiones-1\/la-duda-razonable\/\" data-orig-file=\"https:\/\/i0.wp.com\/www.alonso-businesscoaching.es\/blog\/wp-content\/uploads\/2018\/03\/La-duda-razonable.jpg?fit=621%2C727&amp;ssl=1\" data-orig-size=\"621,727\" data-comments-opened=\"1\" data-image-meta=\"{&quot;aperture&quot;:&quot;0&quot;,&quot;credit&quot;:&quot;&quot;,&quot;camera&quot;:&quot;&quot;,&quot;caption&quot;:&quot;&quot;,&quot;created_timestamp&quot;:&quot;0&quot;,&quot;copyright&quot;:&quot;&quot;,&quot;focal_length&quot;:&quot;0&quot;,&quot;iso&quot;:&quot;0&quot;,&quot;shutter_speed&quot;:&quot;0&quot;,&quot;title&quot;:&quot;&quot;,&quot;orientation&quot;:&quot;0&quot;}\" data-image-title=\"La duda razonable\" data-image-description=\"\" data-image-caption=\"\" data-large-file=\"https:\/\/i0.wp.com\/www.alonso-businesscoaching.es\/blog\/wp-content\/uploads\/2018\/03\/La-duda-razonable.jpg?fit=525%2C615&amp;ssl=1\" class=\"aligncenter size-full wp-image-15128\" src=\"https:\/\/i0.wp.com\/www.alonso-businesscoaching.es\/blog\/wp-content\/uploads\/2018\/03\/La-duda-razonable.jpg?resize=525%2C615&#038;ssl=1\" alt=\"\" width=\"525\" height=\"615\" srcset=\"https:\/\/i0.wp.com\/www.alonso-businesscoaching.es\/blog\/wp-content\/uploads\/2018\/03\/La-duda-razonable.jpg?w=621&amp;ssl=1 621w, https:\/\/i0.wp.com\/www.alonso-businesscoaching.es\/blog\/wp-content\/uploads\/2018\/03\/La-duda-razonable.jpg?resize=256%2C300&amp;ssl=1 256w\" sizes=\"auto, (max-width: 525px) 100vw, 525px\" \/><\/a><\/p>\n<p><a href=\"https:\/\/www.alonso-businesscoaching.es\/blog\/2018\/03\/10\/lider-tiones-1\/\" target=\"_blank\" rel=\"noopener\">Cap\u00edtulo III\u00a0&#8211; El relato de Davis<\/a><\/p>\n<p>(viene de <a href=\"https:\/\/www.alonso-businesscoaching.es\/blog\/2018\/03\/24\/lider-tiones-3\/\" target=\"_blank\" rel=\"noopener\">L\u00edder-tiones&#8230; 3<\/a>)&#8230;\u00a0<em>Aun ajeno, por propia voluntad, a lo que en esos primeros instantes acontec\u00eda tras de m\u00ed, pude escuchar a uno de los jurados un comentario jocoso referido a algo que me pareci\u00f3 muy cabal y era la preparaci\u00f3n por parte del Presidente de unos recortes de papel para votar. Una burla sobre algo que supon\u00eda el mecanismo b\u00e1sico de nuestra actividad no me pareci\u00f3 la mejor manera de comenzar y me advirti\u00f3 que no todos coincidir\u00edamos en la manera de actuar para llevar a buen t\u00e9rmino nuestra responsabilidad.<\/em><\/p>\n<p><em>Sin soluci\u00f3n de continuidad, tambi\u00e9n escuch\u00e9 de lejos a otro de los jurados manifestar unos firmes prejuicios hacia el supuesto colectivo social del acusado, en un intento por establecer una relaci\u00f3n de causa y efecto que trataba de explicar lo que su opini\u00f3n sobre este caso ya no pod\u00eda ocultar. Nunca fui enemigo de ese tipo de pre-juicios \u201ca primera vista\u201d que nos llevan a configurar una opini\u00f3n provisional cuando todav\u00eda no contamos con la suficiente informaci\u00f3n para juzgar, pero s\u00ed de aquellos que se instalan en la obcecaci\u00f3n de ignorar cualquier nuevo dato que los cuestione o incluso los llegue a negar. En ese momento, tuve la sensaci\u00f3n de que aquel muchacho iba a ser juzgado con parte de su culpa explicada por defecto de su procedencia social, lo que me tem\u00eda y todav\u00eda no sab\u00eda c\u00f3mo desmontar.<\/em><\/p>\n<p><em>A la espera de uno de los miembros de aquel tribunal popular que se encontraba en los lavabos, la mesa todav\u00eda no se hab\u00eda constituido y quise cambiar de ventana pero no de actitud mental. En esto, otro jurado se me acerc\u00f3 con suma cordialidad y sin disimular la inteci\u00f3n de conocer mi opini\u00f3n sobre el caso, manifestando primero la suya que se inclinaba hacia la culpabilidad.\u00a0Su previsible valoraci\u00f3n en nada me sorprendi\u00f3 pero si el hecho de dar el primer paso, lo que agradec\u00ed como un sincero gesto de generosidad, si bien en ese momento prefer\u00ed no contestar y continuar meditando sobre las pruebas incriminatorias, una de las cuales alguien mencion\u00f3 captando por primera vez mi curiosidad. Se trataba de la presunta navaja que utiliz\u00f3 el criminal y sobre la que yo sab\u00eda algo m\u00e1s que los dem\u00e1s, pero intu\u00ed que aquella no era la situaci\u00f3n id\u00f3nea para mencionar lo que con posterioridad pudiera tener una mejor oportunidad. Tendr\u00eda por tanto que esperar&#8230;\u00a0<\/em>(continuar\u00e1 en L\u00edder-tiones&#8230; 5)<\/p>\n","protected":false},"excerpt":{"rendered":"<p>Cap\u00edtulo III\u00a0&#8211; El relato de Davis (viene de L\u00edder-tiones&#8230; 3)&#8230;\u00a0Aun ajeno, por propia voluntad, a lo que en esos primeros instantes acontec\u00eda tras de m\u00ed, pude escuchar a uno de los jurados un comentario jocoso referido a algo que me pareci\u00f3 muy cabal y era la preparaci\u00f3n por parte del Presidente de unos recortes de &hellip; <\/p>\n<p class=\"link-more\"><a href=\"https:\/\/www.alonso-businesscoaching.es\/blog\/31-03-2018\/lider-tiones-4\/\" class=\"more-link\">Continuar leyendo<span class=\"screen-reader-text\"> &#8220;L\u00edder-tiones&#8230; 4&#8221;<\/span><\/a><\/p>\n","protected":false},"author":2,"featured_media":0,"comment_status":"open","ping_status":"open","sticky":false,"template":"","format":"standard","meta":{"om_disable_all_campaigns":false,"_monsterinsights_skip_tracking":false,"_monsterinsights_sitenote_active":false,"_monsterinsights_sitenote_note":"","_monsterinsights_sitenote_category":0,"_s2mail":"","_uf_show_specific_survey":0,"_uf_disable_surveys":false,"jetpack_post_was_ever_published":false,"_jetpack_newsletter_access":"","_jetpack_dont_email_post_to_subs":false,"_jetpack_newsletter_tier_id":0,"_jetpack_memberships_contains_paywalled_content":false,"_jetpack_memberships_contains_paid_content":false,"footnotes":"","jetpack_publicize_message":"","jetpack_publicize_feature_enabled":true,"jetpack_social_post_already_shared":true,"jetpack_social_options":{"image_generator_settings":{"template":"highway","default_image_id":0,"font":"","enabled":false},"version":2}},"categories":[232],"tags":[213],"class_list":["post-15233","post","type-post","status-publish","format-standard","hentry","category-lider-tiones-elrelatodedavis","tag-lider-tiones"],"aioseo_notices":[],"jetpack_publicize_connections":[],"jetpack_featured_media_url":"","jetpack_shortlink":"https:\/\/wp.me\/p5YpnT-3XH","jetpack_likes_enabled":true,"jetpack-related-posts":[{"id":15471,"url":"https:\/\/www.alonso-businesscoaching.es\/blog\/26-05-2018\/lider-tiones-12\/","url_meta":{"origin":15233,"position":0},"title":"L\u00edder-tiones&#8230; 12","author":"Antonio J. Alonso Sampedro","date":"26\/05\/2018","format":false,"excerpt":"Cap\u00edtulo III - El relato de Davis (viene de L\u00edder-tiones... 11)... A la manifestaci\u00f3n de prejuicios de n\u00ba3 siguieron luego las de n\u00ba4 y n\u00ba10 en un carrusel segregacionista que no parec\u00eda querer parar, hasta que n\u00ba5 intervino para manifestar lo que yo ya sospechaba y era su pertenencia, como\u2026","rel":"","context":"En \u00abL\u00edder-tiones\/el relato de Davis\u00bb","block_context":{"text":"L\u00edder-tiones\/el relato de Davis","link":"https:\/\/www.alonso-businesscoaching.es\/blog\/category\/lider-tiones-elrelatodedavis\/"},"img":{"alt_text":"","src":"https:\/\/i0.wp.com\/www.alonso-businesscoaching.es\/blog\/wp-content\/uploads\/2018\/03\/La-duda-razonable.jpg?resize=350%2C200&ssl=1","width":350,"height":200,"srcset":"https:\/\/i0.wp.com\/www.alonso-businesscoaching.es\/blog\/wp-content\/uploads\/2018\/03\/La-duda-razonable.jpg?resize=350%2C200&ssl=1 1x, https:\/\/i0.wp.com\/www.alonso-businesscoaching.es\/blog\/wp-content\/uploads\/2018\/03\/La-duda-razonable.jpg?resize=525%2C300&ssl=1 1.5x"},"classes":[]},{"id":15450,"url":"https:\/\/www.alonso-businesscoaching.es\/blog\/19-05-2018\/lider-tiones-11\/","url_meta":{"origin":15233,"position":1},"title":"L\u00edder-tiones&#8230; 11","author":"Antonio J. Alonso Sampedro","date":"19\/05\/2018","format":false,"excerpt":"Cap\u00edtulo III - El relato de Davis (viene de L\u00edder-tiones... 10)... A continuaci\u00f3n intervino n\u00ba6, un pintor industrial con trazas de honesto y de esos acostumbrados a no destacar, quien bas\u00f3 su opini\u00f3n en los testimonios de los vecinos del acusado que coincid\u00edan en manifestar las frecuentes peleas entre padre\u2026","rel":"","context":"En \u00abL\u00edder-tiones\/el relato de Davis\u00bb","block_context":{"text":"L\u00edder-tiones\/el relato de Davis","link":"https:\/\/www.alonso-businesscoaching.es\/blog\/category\/lider-tiones-elrelatodedavis\/"},"img":{"alt_text":"","src":"https:\/\/i0.wp.com\/www.alonso-businesscoaching.es\/blog\/wp-content\/uploads\/2018\/03\/La-duda-razonable.jpg?resize=350%2C200&ssl=1","width":350,"height":200,"srcset":"https:\/\/i0.wp.com\/www.alonso-businesscoaching.es\/blog\/wp-content\/uploads\/2018\/03\/La-duda-razonable.jpg?resize=350%2C200&ssl=1 1x, https:\/\/i0.wp.com\/www.alonso-businesscoaching.es\/blog\/wp-content\/uploads\/2018\/03\/La-duda-razonable.jpg?resize=525%2C300&ssl=1 1.5x"},"classes":[]},{"id":15338,"url":"https:\/\/www.alonso-businesscoaching.es\/blog\/21-04-2018\/lider-tiones-7\/","url_meta":{"origin":15233,"position":2},"title":"L\u00edder-tiones&#8230; 7","author":"Antonio J. Alonso Sampedro","date":"21\/04\/2018","format":false,"excerpt":"Capitulo III - El relato de Davis (viene de L\u00edder-tiones... 6)... Tras la votaci\u00f3n, era evidente que mi solitaria elecci\u00f3n me obligar\u00eda a tener que explicar su motivo y as\u00ed result\u00f3 cuando n\u00ba3 (el primero que signific\u00f3 su prejuicio hacia el acusado) me lo vino a preguntar, a lo que\u2026","rel":"","context":"En \u00abL\u00edder-tiones\/el relato de Davis\u00bb","block_context":{"text":"L\u00edder-tiones\/el relato de Davis","link":"https:\/\/www.alonso-businesscoaching.es\/blog\/category\/lider-tiones-elrelatodedavis\/"},"img":{"alt_text":"","src":"https:\/\/i0.wp.com\/www.alonso-businesscoaching.es\/blog\/wp-content\/uploads\/2018\/03\/La-duda-razonable.jpg?resize=350%2C200&ssl=1","width":350,"height":200,"srcset":"https:\/\/i0.wp.com\/www.alonso-businesscoaching.es\/blog\/wp-content\/uploads\/2018\/03\/La-duda-razonable.jpg?resize=350%2C200&ssl=1 1x, https:\/\/i0.wp.com\/www.alonso-businesscoaching.es\/blog\/wp-content\/uploads\/2018\/03\/La-duda-razonable.jpg?resize=525%2C300&ssl=1 1.5x"},"classes":[]},{"id":15651,"url":"https:\/\/www.alonso-businesscoaching.es\/blog\/14-07-2018\/lider-tiones-19\/","url_meta":{"origin":15233,"position":3},"title":"L\u00edder-tiones&#8230; 19","author":"Antonio J. Alonso Sampedro","date":"14\/07\/2018","format":false,"excerpt":"Cap\u00edtulo III - El relato de Davis (viene de L\u00edder-tiones... 18)...\u00a0Sin soluci\u00f3n de continuidad, propuse a n\u00ba4 examinar la \u00fanica coartada presentada por el inculpado y que todos pretend\u00edan desautorizar. Al ser interrogado despu\u00e9s del crimen por la polic\u00eda en la cocina de su piso, dijo estar en el cine\u2026","rel":"","context":"En \u00abL\u00edder-tiones\/el relato de Davis\u00bb","block_context":{"text":"L\u00edder-tiones\/el relato de Davis","link":"https:\/\/www.alonso-businesscoaching.es\/blog\/category\/lider-tiones-elrelatodedavis\/"},"img":{"alt_text":"","src":"https:\/\/i0.wp.com\/www.alonso-businesscoaching.es\/blog\/wp-content\/uploads\/2018\/03\/La-duda-razonable.jpg?resize=350%2C200&ssl=1","width":350,"height":200,"srcset":"https:\/\/i0.wp.com\/www.alonso-businesscoaching.es\/blog\/wp-content\/uploads\/2018\/03\/La-duda-razonable.jpg?resize=350%2C200&ssl=1 1x, https:\/\/i0.wp.com\/www.alonso-businesscoaching.es\/blog\/wp-content\/uploads\/2018\/03\/La-duda-razonable.jpg?resize=525%2C300&ssl=1 1.5x"},"classes":[]},{"id":15272,"url":"https:\/\/www.alonso-businesscoaching.es\/blog\/07-04-2018\/lider-tiones-5\/","url_meta":{"origin":15233,"position":4},"title":"L\u00edder-tiones&#8230; 5","author":"Antonio J. Alonso Sampedro","date":"07\/04\/2018","format":false,"excerpt":"C\u00e1p\u00edtulo III - El relato de Davis (viene de L\u00edder-tiones... 4)... Al fin n\u00ba1, que era el Presidente, comenz\u00f3 a ejercer su funci\u00f3n como organizador y nos convoc\u00f3 a sentar en el orden que marcaba el n\u00famero asignado a cada cual en el juicio y que, al desconocer nuestros nombres,\u2026","rel":"","context":"En \u00abL\u00edder-tiones\/el relato de Davis\u00bb","block_context":{"text":"L\u00edder-tiones\/el relato de Davis","link":"https:\/\/www.alonso-businesscoaching.es\/blog\/category\/lider-tiones-elrelatodedavis\/"},"img":{"alt_text":"","src":"https:\/\/i0.wp.com\/www.alonso-businesscoaching.es\/blog\/wp-content\/uploads\/2018\/03\/La-duda-razonable.jpg?resize=350%2C200&ssl=1","width":350,"height":200,"srcset":"https:\/\/i0.wp.com\/www.alonso-businesscoaching.es\/blog\/wp-content\/uploads\/2018\/03\/La-duda-razonable.jpg?resize=350%2C200&ssl=1 1x, https:\/\/i0.wp.com\/www.alonso-businesscoaching.es\/blog\/wp-content\/uploads\/2018\/03\/La-duda-razonable.jpg?resize=525%2C300&ssl=1 1.5x"},"classes":[]},{"id":15296,"url":"https:\/\/www.alonso-businesscoaching.es\/blog\/14-04-2018\/lider-tiones-6\/","url_meta":{"origin":15233,"position":5},"title":"L\u00edder-tiones&#8230; 6","author":"Antonio J. Alonso Sampedro","date":"14\/04\/2018","format":false,"excerpt":"Cap\u00edtulo III - El relato de Davis (viene de L\u00edder-tiones... 5)...\u00a0El Presidente de un jurado es un cargo elegido para el que no se precisa una titulaci\u00f3n especial, por lo que su cometido puede o no ser desarrollado con efectividad en funci\u00f3n de la idiosincrasia y las competencias de cada\u2026","rel":"","context":"En \u00abL\u00edder-tiones\/el relato de Davis\u00bb","block_context":{"text":"L\u00edder-tiones\/el relato de Davis","link":"https:\/\/www.alonso-businesscoaching.es\/blog\/category\/lider-tiones-elrelatodedavis\/"},"img":{"alt_text":"","src":"https:\/\/i0.wp.com\/www.alonso-businesscoaching.es\/blog\/wp-content\/uploads\/2018\/03\/La-duda-razonable.jpg?resize=350%2C200&ssl=1","width":350,"height":200,"srcset":"https:\/\/i0.wp.com\/www.alonso-businesscoaching.es\/blog\/wp-content\/uploads\/2018\/03\/La-duda-razonable.jpg?resize=350%2C200&ssl=1 1x, https:\/\/i0.wp.com\/www.alonso-businesscoaching.es\/blog\/wp-content\/uploads\/2018\/03\/La-duda-razonable.jpg?resize=525%2C300&ssl=1 1.5x"},"classes":[]}],"jetpack_sharing_enabled":true,"_links":{"self":[{"href":"https:\/\/www.alonso-businesscoaching.es\/blog\/wp-json\/wp\/v2\/posts\/15233","targetHints":{"allow":["GET"]}}],"collection":[{"href":"https:\/\/www.alonso-businesscoaching.es\/blog\/wp-json\/wp\/v2\/posts"}],"about":[{"href":"https:\/\/www.alonso-businesscoaching.es\/blog\/wp-json\/wp\/v2\/types\/post"}],"author":[{"embeddable":true,"href":"https:\/\/www.alonso-businesscoaching.es\/blog\/wp-json\/wp\/v2\/users\/2"}],"replies":[{"embeddable":true,"href":"https:\/\/www.alonso-businesscoaching.es\/blog\/wp-json\/wp\/v2\/comments?post=15233"}],"version-history":[{"count":16,"href":"https:\/\/www.alonso-businesscoaching.es\/blog\/wp-json\/wp\/v2\/posts\/15233\/revisions"}],"predecessor-version":[{"id":15279,"href":"https:\/\/www.alonso-businesscoaching.es\/blog\/wp-json\/wp\/v2\/posts\/15233\/revisions\/15279"}],"wp:attachment":[{"href":"https:\/\/www.alonso-businesscoaching.es\/blog\/wp-json\/wp\/v2\/media?parent=15233"}],"wp:term":[{"taxonomy":"category","embeddable":true,"href":"https:\/\/www.alonso-businesscoaching.es\/blog\/wp-json\/wp\/v2\/categories?post=15233"},{"taxonomy":"post_tag","embeddable":true,"href":"https:\/\/www.alonso-businesscoaching.es\/blog\/wp-json\/wp\/v2\/tags?post=15233"}],"curies":[{"name":"wp","href":"https:\/\/api.w.org\/{rel}","templated":true}]}}