{"id":15428,"date":"2018-05-12T08:00:18","date_gmt":"2018-05-12T06:00:18","guid":{"rendered":"https:\/\/www.alonso-businesscoaching.es\/blog\/?p=15428"},"modified":"2018-09-23T20:30:48","modified_gmt":"2018-09-23T18:30:48","slug":"lider-tiones-10","status":"publish","type":"post","link":"https:\/\/www.alonso-businesscoaching.es\/blog\/12-05-2018\/lider-tiones-10\/","title":{"rendered":"L\u00edder-tiones&#8230; 10"},"content":{"rendered":"<p><a href=\"https:\/\/www.alonso-businesscoaching.es\/blog\/2010\/12\/04\/el-mejor-lider-coach-es-henry-fonda\/\" target=\"_blank\" rel=\"noopener\"><img data-recalc-dims=\"1\" loading=\"lazy\" decoding=\"async\" data-attachment-id=\"15128\" data-permalink=\"https:\/\/www.alonso-businesscoaching.es\/blog\/10-03-2018\/lider-tiones-1\/la-duda-razonable\/\" data-orig-file=\"https:\/\/i0.wp.com\/www.alonso-businesscoaching.es\/blog\/wp-content\/uploads\/2018\/03\/La-duda-razonable.jpg?fit=621%2C727&amp;ssl=1\" data-orig-size=\"621,727\" data-comments-opened=\"1\" data-image-meta=\"{&quot;aperture&quot;:&quot;0&quot;,&quot;credit&quot;:&quot;&quot;,&quot;camera&quot;:&quot;&quot;,&quot;caption&quot;:&quot;&quot;,&quot;created_timestamp&quot;:&quot;0&quot;,&quot;copyright&quot;:&quot;&quot;,&quot;focal_length&quot;:&quot;0&quot;,&quot;iso&quot;:&quot;0&quot;,&quot;shutter_speed&quot;:&quot;0&quot;,&quot;title&quot;:&quot;&quot;,&quot;orientation&quot;:&quot;0&quot;}\" data-image-title=\"La duda razonable\" data-image-description=\"\" data-image-caption=\"\" data-large-file=\"https:\/\/i0.wp.com\/www.alonso-businesscoaching.es\/blog\/wp-content\/uploads\/2018\/03\/La-duda-razonable.jpg?fit=525%2C615&amp;ssl=1\" class=\"aligncenter size-full wp-image-15128\" src=\"https:\/\/i0.wp.com\/www.alonso-businesscoaching.es\/blog\/wp-content\/uploads\/2018\/03\/La-duda-razonable.jpg?resize=525%2C615&#038;ssl=1\" alt=\"\" width=\"525\" height=\"615\" srcset=\"https:\/\/i0.wp.com\/www.alonso-businesscoaching.es\/blog\/wp-content\/uploads\/2018\/03\/La-duda-razonable.jpg?w=621&amp;ssl=1 621w, https:\/\/i0.wp.com\/www.alonso-businesscoaching.es\/blog\/wp-content\/uploads\/2018\/03\/La-duda-razonable.jpg?resize=256%2C300&amp;ssl=1 256w\" sizes=\"auto, (max-width: 525px) 100vw, 525px\" \/><\/a><\/p>\n<p><a href=\"https:\/\/www.alonso-businesscoaching.es\/blog\/2018\/03\/10\/lider-tiones-1\/\" target=\"_blank\" rel=\"noopener\">Cap\u00edtulo III &#8211; El relato de Davis<\/a><\/p>\n<p>(viene de <a href=\"https:\/\/www.alonso-businesscoaching.es\/blog\/2018\/05\/05\/lider-tiones-9\/\" target=\"_blank\" rel=\"noopener\">L\u00edder-tiones&#8230; 9<\/a>)&#8230; <em>Pero en aquel momento y pese a los t\u00edmidos intentos del Presidente por continuar con el turno de opiniones, n\u00ba10, tan acatarrado como empe\u00f1ado en hostigar, sin atender a lo acordado lo vino a quebrantar para significar como determinante el testimonio de una mujer que dijo haber visto como el acusado mataba a su padre. Testimonio que al instante me encargu\u00e9 de debilitar, pues la mujer habitaba al otro lado de las v\u00edas de un ferrocarril y en el momento del homicidio cruzaba un tren a trav\u00e9s de cuyas ventanillas no parec\u00eda fuera nada f\u00e1cil precisar lo que ocurr\u00eda detr\u00e1s. Pero no siendo esto suficiente para doblegar la opini\u00f3n de n\u00ba10, quise buscar lo que podr\u00eda apagar su convencimiento aprovechando su propio razonar y as\u00ed me acord\u00e9 de los prejuicios varias veces manifestados por \u00e9l hacia la clase menos favorecida, de quien aseguraba no se pod\u00eda confiar. A partir de aquello, solo tuve que recordarle que la mujer que aseguraba haber reconocido al muchacho pertenec\u00eda tambi\u00e9n a esa misma clase social. Como era de esperar, mi argumentaci\u00f3n no fue bien recibida por n\u00ba10, quien busc\u00f3 en la ofensa lavar una herida que no pretend\u00ed causar. Mi reacci\u00f3n no pudo ser otra que la de ignorar su provocaci\u00f3n, pues la templanza en estos casos conviene anteponerla a cualquier deseo de batallar por un honor personal que luego el razonamiento l\u00f3gico podr\u00e1 tener mejor oportunidad de reparar.<\/em><\/p>\n<p><em>Tras esta contrariedad, recuerdo que el Presidente nos invit\u00f3 de nuevo a retomar el orden de intervenciones y siendo n\u00ba5 el siguiente, a todos extra\u00f1\u00f3 que declinase hablar. Se trataba de un hombre reservado cuya indumentaria marcaba con claridad su humilde extracci\u00f3n social dado que, en aquel asfixiante verano del \u00b457, vest\u00eda americana de invierno, quiz\u00e1s la \u00fanica que su econom\u00eda le permiti\u00f3 comprar. Al instante quise interpretar aquel silencio como un s\u00edntoma de inseguridad a la vez que una manera de no traicionar ese esp\u00edritu de clase que en los Estados Unidos parece solo es privativo de quienes llegan a triunfar. Desde entonces, tuve la certeza de que su voto no tardar\u00eda en cambiar<\/em>&#8230; (continuar\u00e1 en L\u00edder-tiones&#8230; 11).<\/p>\n","protected":false},"excerpt":{"rendered":"<p>Cap\u00edtulo III &#8211; El relato de Davis (viene de L\u00edder-tiones&#8230; 9)&#8230; Pero en aquel momento y pese a los t\u00edmidos intentos del Presidente por continuar con el turno de opiniones, n\u00ba10, tan acatarrado como empe\u00f1ado en hostigar, sin atender a lo acordado lo vino a quebrantar para significar como determinante el testimonio de una mujer &hellip; <\/p>\n<p class=\"link-more\"><a href=\"https:\/\/www.alonso-businesscoaching.es\/blog\/12-05-2018\/lider-tiones-10\/\" class=\"more-link\">Continuar leyendo<span class=\"screen-reader-text\"> &#8220;L\u00edder-tiones&#8230; 10&#8221;<\/span><\/a><\/p>\n","protected":false},"author":2,"featured_media":0,"comment_status":"open","ping_status":"open","sticky":false,"template":"","format":"standard","meta":{"om_disable_all_campaigns":false,"_monsterinsights_skip_tracking":false,"_monsterinsights_sitenote_active":false,"_monsterinsights_sitenote_note":"","_monsterinsights_sitenote_category":0,"_s2mail":"","_uf_show_specific_survey":0,"_uf_disable_surveys":false,"jetpack_post_was_ever_published":false,"_jetpack_newsletter_access":"","_jetpack_dont_email_post_to_subs":false,"_jetpack_newsletter_tier_id":0,"_jetpack_memberships_contains_paywalled_content":false,"_jetpack_memberships_contains_paid_content":false,"footnotes":"","jetpack_publicize_message":"","jetpack_publicize_feature_enabled":true,"jetpack_social_post_already_shared":true,"jetpack_social_options":{"image_generator_settings":{"template":"highway","default_image_id":0,"font":"","enabled":false},"version":2}},"categories":[232],"tags":[213],"class_list":["post-15428","post","type-post","status-publish","format-standard","hentry","category-lider-tiones-elrelatodedavis","tag-lider-tiones"],"aioseo_notices":[],"jetpack_publicize_connections":[],"jetpack_featured_media_url":"","jetpack_shortlink":"https:\/\/wp.me\/p5YpnT-40Q","jetpack_likes_enabled":true,"jetpack-related-posts":[{"id":15557,"url":"https:\/\/www.alonso-businesscoaching.es\/blog\/23-06-2018\/lider-tiones-16\/","url_meta":{"origin":15428,"position":0},"title":"L\u00edder-tiones&#8230; 16","author":"Antonio J. Alonso Sampedro","date":"23\/06\/2018","format":false,"excerpt":"Cap\u00edtulo III - El relato de Davis (viene de\u00a0L\u00edder-tiones... 15)... Otra de las pruebas que hab\u00eda convencido a la mayor\u00eda de los presentes en la Sala de Vistas se basaba en el testimonio del anciano vecino del piso inferior, que manifest\u00f3 haber escuchado al inculpado gritar a su padre que\u2026","rel":"","context":"En \u00abL\u00edder-tiones\/el relato de Davis\u00bb","block_context":{"text":"L\u00edder-tiones\/el relato de Davis","link":"https:\/\/www.alonso-businesscoaching.es\/blog\/category\/lider-tiones-elrelatodedavis\/"},"img":{"alt_text":"","src":"https:\/\/i0.wp.com\/www.alonso-businesscoaching.es\/blog\/wp-content\/uploads\/2018\/03\/La-duda-razonable.jpg?resize=350%2C200&ssl=1","width":350,"height":200,"srcset":"https:\/\/i0.wp.com\/www.alonso-businesscoaching.es\/blog\/wp-content\/uploads\/2018\/03\/La-duda-razonable.jpg?resize=350%2C200&ssl=1 1x, https:\/\/i0.wp.com\/www.alonso-businesscoaching.es\/blog\/wp-content\/uploads\/2018\/03\/La-duda-razonable.jpg?resize=525%2C300&ssl=1 1.5x"},"classes":[]},{"id":15683,"url":"https:\/\/www.alonso-businesscoaching.es\/blog\/21-07-2018\/lider-tiones-20\/","url_meta":{"origin":15428,"position":1},"title":"L\u00edder-tiones&#8230; 20","author":"Antonio J. Alonso Sampedro","date":"21\/07\/2018","format":false,"excerpt":"Cap\u00edtulo III - El relato de Davis (viene de L\u00edder-tiones... 19)... Decantada por primera vez la balanza hacia la defensa de la duda razonable como criterio de prudencia y de responsabilidad, era el momento de volver a consultar, por lo que solicit\u00e9 otra votaci\u00f3n. N\u00ba12 y n\u00ba1 cambiaron su opini\u00f3n\u2026","rel":"","context":"En \u00abL\u00edder-tiones\/el relato de Davis\u00bb","block_context":{"text":"L\u00edder-tiones\/el relato de Davis","link":"https:\/\/www.alonso-businesscoaching.es\/blog\/category\/lider-tiones-elrelatodedavis\/"},"img":{"alt_text":"","src":"https:\/\/i0.wp.com\/www.alonso-businesscoaching.es\/blog\/wp-content\/uploads\/2018\/03\/La-duda-razonable.jpg?resize=350%2C200&ssl=1","width":350,"height":200,"srcset":"https:\/\/i0.wp.com\/www.alonso-businesscoaching.es\/blog\/wp-content\/uploads\/2018\/03\/La-duda-razonable.jpg?resize=350%2C200&ssl=1 1x, https:\/\/i0.wp.com\/www.alonso-businesscoaching.es\/blog\/wp-content\/uploads\/2018\/03\/La-duda-razonable.jpg?resize=525%2C300&ssl=1 1.5x"},"classes":[]},{"id":15742,"url":"https:\/\/www.alonso-businesscoaching.es\/blog\/28-07-2018\/lider-tiones-21\/","url_meta":{"origin":15428,"position":2},"title":"L\u00edder-tiones&#8230; 21","author":"Antonio J. Alonso Sampedro","date":"28\/07\/2018","format":false,"excerpt":"Capitulo III - El relato de Davis (viene de Lider-tiones... 20)... Pero entonces apareci\u00f3 quien nadie sospechaba que pudiera cuestionar la fr\u00eda l\u00f3gica de n\u00ba4 y menos tumbar su seguridad. Fue n\u00ba9, el que se fijo en que a n\u00ba4 le molestaban las marcas que dejaban sus gafas en la\u2026","rel":"","context":"En \u00abL\u00edder-tiones\/el relato de Davis\u00bb","block_context":{"text":"L\u00edder-tiones\/el relato de Davis","link":"https:\/\/www.alonso-businesscoaching.es\/blog\/category\/lider-tiones-elrelatodedavis\/"},"img":{"alt_text":"","src":"https:\/\/i0.wp.com\/www.alonso-businesscoaching.es\/blog\/wp-content\/uploads\/2018\/03\/La-duda-razonable.jpg?resize=350%2C200&ssl=1","width":350,"height":200,"srcset":"https:\/\/i0.wp.com\/www.alonso-businesscoaching.es\/blog\/wp-content\/uploads\/2018\/03\/La-duda-razonable.jpg?resize=350%2C200&ssl=1 1x, https:\/\/i0.wp.com\/www.alonso-businesscoaching.es\/blog\/wp-content\/uploads\/2018\/03\/La-duda-razonable.jpg?resize=525%2C300&ssl=1 1.5x"},"classes":[]},{"id":15396,"url":"https:\/\/www.alonso-businesscoaching.es\/blog\/05-05-2018\/lider-tiones-9\/","url_meta":{"origin":15428,"position":3},"title":"L\u00edder-tiones&#8230; 9","author":"Antonio J. Alonso Sampedro","date":"05\/05\/2018","format":false,"excerpt":"Cap\u00edtulo III - El relato de Davis (viene de L\u00edder-tiones... 8)... As\u00ed las cosas, algo estancada la situaci\u00f3n y tras varias opiniones sobre como continuar, al fin conseguimos acordar que cada uno de los once jurados explicase las razones que le llevaron a votar culpable para que yo las pudiera\u2026","rel":"","context":"En \u00abL\u00edder-tiones\/el relato de Davis\u00bb","block_context":{"text":"L\u00edder-tiones\/el relato de Davis","link":"https:\/\/www.alonso-businesscoaching.es\/blog\/category\/lider-tiones-elrelatodedavis\/"},"img":{"alt_text":"","src":"https:\/\/i0.wp.com\/www.alonso-businesscoaching.es\/blog\/wp-content\/uploads\/2018\/03\/La-duda-razonable.jpg?resize=350%2C200&ssl=1","width":350,"height":200,"srcset":"https:\/\/i0.wp.com\/www.alonso-businesscoaching.es\/blog\/wp-content\/uploads\/2018\/03\/La-duda-razonable.jpg?resize=350%2C200&ssl=1 1x, https:\/\/i0.wp.com\/www.alonso-businesscoaching.es\/blog\/wp-content\/uploads\/2018\/03\/La-duda-razonable.jpg?resize=525%2C300&ssl=1 1.5x"},"classes":[]},{"id":15490,"url":"https:\/\/www.alonso-businesscoaching.es\/blog\/02-06-2018\/lider-tiones-13\/","url_meta":{"origin":15428,"position":4},"title":"Lider-tiones&#8230; 13","author":"Antonio J. Alonso Sampedro","date":"02\/06\/2018","format":false,"excerpt":"Cap\u00edtulo III - El relato de Davis (viene de L\u00edder-tiones... 12)... Tras ello, fue n\u00ba3 quien propuso abordar la solidez de otra de las evidencias incriminatorias que mejor y m\u00e1s parec\u00edan demostrar la culpabilidad: la navaja autom\u00e1tica encontrada en el lugar del crimen. Como cada vez que hab\u00eda que precisar\u2026","rel":"","context":"En \u00abL\u00edder-tiones\/el relato de Davis\u00bb","block_context":{"text":"L\u00edder-tiones\/el relato de Davis","link":"https:\/\/www.alonso-businesscoaching.es\/blog\/category\/lider-tiones-elrelatodedavis\/"},"img":{"alt_text":"","src":"https:\/\/i0.wp.com\/www.alonso-businesscoaching.es\/blog\/wp-content\/uploads\/2018\/03\/La-duda-razonable.jpg?resize=350%2C200&ssl=1","width":350,"height":200,"srcset":"https:\/\/i0.wp.com\/www.alonso-businesscoaching.es\/blog\/wp-content\/uploads\/2018\/03\/La-duda-razonable.jpg?resize=350%2C200&ssl=1 1x, https:\/\/i0.wp.com\/www.alonso-businesscoaching.es\/blog\/wp-content\/uploads\/2018\/03\/La-duda-razonable.jpg?resize=525%2C300&ssl=1 1.5x"},"classes":[]},{"id":15192,"url":"https:\/\/www.alonso-businesscoaching.es\/blog\/24-03-2018\/lider-tiones-3\/","url_meta":{"origin":15428,"position":5},"title":"L\u00edder-tiones&#8230; 3","author":"Antonio J. Alonso Sampedro","date":"24\/03\/2018","format":false,"excerpt":"Cap\u00edtulo III\u00a0- El relato de Davis (viene de L\u00edder-tiones... 2)... Cuando el juez nos invit\u00f3 a salir de la sala para dirigirnos a deliberar, quise mirar por \u00faltima vez al acusado, un muchacho moreno y delgado cuya etnia no pude bien identificar y que temblando se mostraba asustado o quiz\u00e1s\u2026","rel":"","context":"En \u00abL\u00edder-tiones\/el relato de Davis\u00bb","block_context":{"text":"L\u00edder-tiones\/el relato de Davis","link":"https:\/\/www.alonso-businesscoaching.es\/blog\/category\/lider-tiones-elrelatodedavis\/"},"img":{"alt_text":"","src":"https:\/\/i0.wp.com\/www.alonso-businesscoaching.es\/blog\/wp-content\/uploads\/2018\/03\/La-duda-razonable.jpg?resize=350%2C200&ssl=1","width":350,"height":200,"srcset":"https:\/\/i0.wp.com\/www.alonso-businesscoaching.es\/blog\/wp-content\/uploads\/2018\/03\/La-duda-razonable.jpg?resize=350%2C200&ssl=1 1x, https:\/\/i0.wp.com\/www.alonso-businesscoaching.es\/blog\/wp-content\/uploads\/2018\/03\/La-duda-razonable.jpg?resize=525%2C300&ssl=1 1.5x"},"classes":[]}],"jetpack_sharing_enabled":true,"_links":{"self":[{"href":"https:\/\/www.alonso-businesscoaching.es\/blog\/wp-json\/wp\/v2\/posts\/15428","targetHints":{"allow":["GET"]}}],"collection":[{"href":"https:\/\/www.alonso-businesscoaching.es\/blog\/wp-json\/wp\/v2\/posts"}],"about":[{"href":"https:\/\/www.alonso-businesscoaching.es\/blog\/wp-json\/wp\/v2\/types\/post"}],"author":[{"embeddable":true,"href":"https:\/\/www.alonso-businesscoaching.es\/blog\/wp-json\/wp\/v2\/users\/2"}],"replies":[{"embeddable":true,"href":"https:\/\/www.alonso-businesscoaching.es\/blog\/wp-json\/wp\/v2\/comments?post=15428"}],"version-history":[{"count":4,"href":"https:\/\/www.alonso-businesscoaching.es\/blog\/wp-json\/wp\/v2\/posts\/15428\/revisions"}],"predecessor-version":[{"id":15432,"href":"https:\/\/www.alonso-businesscoaching.es\/blog\/wp-json\/wp\/v2\/posts\/15428\/revisions\/15432"}],"wp:attachment":[{"href":"https:\/\/www.alonso-businesscoaching.es\/blog\/wp-json\/wp\/v2\/media?parent=15428"}],"wp:term":[{"taxonomy":"category","embeddable":true,"href":"https:\/\/www.alonso-businesscoaching.es\/blog\/wp-json\/wp\/v2\/categories?post=15428"},{"taxonomy":"post_tag","embeddable":true,"href":"https:\/\/www.alonso-businesscoaching.es\/blog\/wp-json\/wp\/v2\/tags?post=15428"}],"curies":[{"name":"wp","href":"https:\/\/api.w.org\/{rel}","templated":true}]}}