{"id":18049,"date":"2019-06-11T07:00:20","date_gmt":"2019-06-11T05:00:20","guid":{"rendered":"https:\/\/www.alonso-businesscoaching.es\/blog\/?p=18049"},"modified":"2019-06-01T11:26:08","modified_gmt":"2019-06-01T09:26:08","slug":"re-flexiones-2-449-genio","status":"publish","type":"post","link":"https:\/\/www.alonso-businesscoaching.es\/blog\/11-06-2019\/re-flexiones-2-449-genio\/","title":{"rendered":"Re-flexiones&#8230; 2.449 (genio)"},"content":{"rendered":"\n<p style=\"text-align:center\"><em>&#8220;El genio hace lo que debe y el talento lo que puede&#8221;<\/em><\/p>\n\n\n\n<div class=\"wp-block-image\"><figure class=\"aligncenter\"><a href=\"https:\/\/es.wikipedia.org\/wiki\/Edward_Bulwer-Lytton\" target=\"_blank\" rel=\"noreferrer noopener\"><img data-recalc-dims=\"1\" loading=\"lazy\" decoding=\"async\" width=\"150\" height=\"150\" data-attachment-id=\"6366\" data-permalink=\"https:\/\/www.alonso-businesscoaching.es\/blog\/16-12-2013\/re-flexiones-787\/edward-george-bulwer-lytton\/\" data-orig-file=\"https:\/\/i0.wp.com\/www.alonso-businesscoaching.es\/blog\/wp-content\/uploads\/2013\/11\/Edward-George-Bulwer-Lytton.jpg?fit=287%2C333&amp;ssl=1\" data-orig-size=\"287,333\" data-comments-opened=\"1\" data-image-meta=\"{&quot;aperture&quot;:&quot;0&quot;,&quot;credit&quot;:&quot;&quot;,&quot;camera&quot;:&quot;&quot;,&quot;caption&quot;:&quot;&quot;,&quot;created_timestamp&quot;:&quot;0&quot;,&quot;copyright&quot;:&quot;&quot;,&quot;focal_length&quot;:&quot;0&quot;,&quot;iso&quot;:&quot;0&quot;,&quot;shutter_speed&quot;:&quot;0&quot;,&quot;title&quot;:&quot;&quot;}\" data-image-title=\"Edward George Bulwer-Lytton\" data-image-description=\"\" data-image-caption=\"\" data-large-file=\"https:\/\/i0.wp.com\/www.alonso-businesscoaching.es\/blog\/wp-content\/uploads\/2013\/11\/Edward-George-Bulwer-Lytton.jpg?fit=287%2C333&amp;ssl=1\" src=\"https:\/\/i0.wp.com\/www.alonso-businesscoaching.es\/blog\/wp-content\/uploads\/2013\/11\/Edward-George-Bulwer-Lytton.jpg?resize=150%2C150&#038;ssl=1\" alt=\"\" class=\"wp-image-6366\" srcset=\"https:\/\/i0.wp.com\/www.alonso-businesscoaching.es\/blog\/wp-content\/uploads\/2013\/11\/Edward-George-Bulwer-Lytton.jpg?resize=150%2C150&amp;ssl=1 150w, https:\/\/i0.wp.com\/www.alonso-businesscoaching.es\/blog\/wp-content\/uploads\/2013\/11\/Edward-George-Bulwer-Lytton.jpg?resize=59%2C59&amp;ssl=1 59w\" sizes=\"auto, (max-width: 150px) 100vw, 150px\" \/><\/a><\/figure><\/div>\n\n\n\n<p style=\"text-align:center\">Edward George Bulwer-Lytton <\/p>\n","protected":false},"excerpt":{"rendered":"<p>&#8220;El genio hace lo que debe y el talento lo que puede&#8221; Edward George Bulwer-Lytton<\/p>\n","protected":false},"author":2,"featured_media":0,"comment_status":"open","ping_status":"open","sticky":false,"template":"","format":"standard","meta":{"om_disable_all_campaigns":false,"_monsterinsights_skip_tracking":false,"_monsterinsights_sitenote_active":false,"_monsterinsights_sitenote_note":"","_monsterinsights_sitenote_category":0,"_s2mail":"","_uf_show_specific_survey":0,"_uf_disable_surveys":false,"jetpack_post_was_ever_published":false,"_jetpack_newsletter_access":"","_jetpack_dont_email_post_to_subs":false,"_jetpack_newsletter_tier_id":0,"_jetpack_memberships_contains_paywalled_content":false,"_jetpack_memberships_contains_paid_content":false,"footnotes":"","jetpack_publicize_message":"","jetpack_publicize_feature_enabled":true,"jetpack_social_post_already_shared":true,"jetpack_social_options":{"image_generator_settings":{"template":"highway","default_image_id":0,"font":"","enabled":false},"version":2}},"categories":[75],"tags":[245],"class_list":["post-18049","post","type-post","status-publish","format-standard","hentry","category-re-flexiones-tematicas","tag-genio"],"aioseo_notices":[],"jetpack_publicize_connections":[],"jetpack_featured_media_url":"","jetpack_shortlink":"https:\/\/wp.me\/p5YpnT-4H7","jetpack_likes_enabled":true,"jetpack-related-posts":[{"id":18142,"url":"https:\/\/www.alonso-businesscoaching.es\/blog\/23-06-2019\/re-flexiones-2-461-genio\/","url_meta":{"origin":18049,"position":0},"title":"Re-flexiones&#8230; 2.461 (genio)","author":"Antonio J. Alonso Sampedro","date":"23\/06\/2019","format":false,"excerpt":"\"Los hombres de genio abundan mucho m\u00e1s de lo que se supone. En realidad, para apreciar plenamente la obra de lo que llamamos genio hace falta poseer todo el genio que necesit\u00f3 para producir la obra\" Edgar Allan Poe","rel":"","context":"En \u00abRe-flexiones\/tem\u00e1ticas\u00bb","block_context":{"text":"Re-flexiones\/tem\u00e1ticas","link":"https:\/\/www.alonso-businesscoaching.es\/blog\/category\/re-flexiones-tematicas\/"},"img":{"alt_text":"","src":"https:\/\/i0.wp.com\/www.alonso-businesscoaching.es\/blog\/wp-content\/uploads\/2017\/01\/Edgar-Allan-Poe1-1-150x150.jpg?resize=350%2C200&ssl=1","width":350,"height":200},"classes":[]},{"id":18138,"url":"https:\/\/www.alonso-businesscoaching.es\/blog\/21-06-2019\/re-flexiones-2-459-genio\/","url_meta":{"origin":18049,"position":1},"title":"Re-flexiones&#8230; 2.459 (genio)","author":"Antonio J. Alonso Sampedro","date":"21\/06\/2019","format":false,"excerpt":"\"Ser el m\u00e1s rico del cementerio no es lo que me importa. Acostarme por la noche y pensar que he hecho algo genial. Eso es lo que m\u00e1s me importa\" Steve Jobs","rel":"","context":"En \u00abRe-flexiones\/tem\u00e1ticas\u00bb","block_context":{"text":"Re-flexiones\/tem\u00e1ticas","link":"https:\/\/www.alonso-businesscoaching.es\/blog\/category\/re-flexiones-tematicas\/"},"img":{"alt_text":"","src":"https:\/\/i0.wp.com\/www.alonso-businesscoaching.es\/blog\/wp-content\/uploads\/2018\/02\/Steve-Jobs1.jpg?resize=350%2C200&ssl=1","width":350,"height":200},"classes":[]},{"id":18057,"url":"https:\/\/www.alonso-businesscoaching.es\/blog\/15-06-2019\/re-flexiones-2-453-genio\/","url_meta":{"origin":18049,"position":2},"title":"Re-flexiones&#8230; 2.453 (genio)","author":"Antonio J. Alonso Sampedro","date":"15\/06\/2019","format":false,"excerpt":"\"Lo que el mundo llama genio es el estado de enfermedad mental que nace del predominio indebido de algunas de las facultades. Las obras de tales genios no son sanas en s\u00ed mismas, y reflejan siempre la demencia mental general\" Edgar Allan Poe","rel":"","context":"En \u00abRe-flexiones\/tem\u00e1ticas\u00bb","block_context":{"text":"Re-flexiones\/tem\u00e1ticas","link":"https:\/\/www.alonso-businesscoaching.es\/blog\/category\/re-flexiones-tematicas\/"},"img":{"alt_text":"","src":"https:\/\/i0.wp.com\/www.alonso-businesscoaching.es\/blog\/wp-content\/uploads\/2017\/01\/Edgar-Allan-Poe1-1-150x150.jpg?resize=350%2C200&ssl=1","width":350,"height":200},"classes":[]},{"id":18030,"url":"https:\/\/www.alonso-businesscoaching.es\/blog\/09-06-2019\/re-flexiones-2-447-genio\/","url_meta":{"origin":18049,"position":3},"title":"Re-flexiones&#8230; 2.447 (genio)","author":"Antonio J. Alonso Sampedro","date":"09\/06\/2019","format":false,"excerpt":"\"A Picasso, hasta los que le detestan, le soportan, porque nunca usa el talento. S\u00f3lo usa el genio. Sus obras nunca son pensamientos. Son actos\" Jean Cocteau","rel":"","context":"En \u00abRe-flexiones\/tem\u00e1ticas\u00bb","block_context":{"text":"Re-flexiones\/tem\u00e1ticas","link":"https:\/\/www.alonso-businesscoaching.es\/blog\/category\/re-flexiones-tematicas\/"},"img":{"alt_text":"","src":"https:\/\/i0.wp.com\/www.alonso-businesscoaching.es\/blog\/wp-content\/uploads\/2017\/04\/Jean-Cocteau.jpg?resize=350%2C200&ssl=1","width":350,"height":200},"classes":[]},{"id":18053,"url":"https:\/\/www.alonso-businesscoaching.es\/blog\/13-06-2019\/re-flexiones-2-451-genio\/","url_meta":{"origin":18049,"position":4},"title":"Re-flexiones&#8230; 2.451 (genio)","author":"Antonio J. Alonso Sampedro","date":"13\/06\/2019","format":false,"excerpt":"\"Hay mujeres que son alocadas y hay mujeres de talento: ninguna tiene esa locura del talento que se llama genio\" Simone de Beauvoir","rel":"","context":"En \u00abRe-flexiones\/tem\u00e1ticas\u00bb","block_context":{"text":"Re-flexiones\/tem\u00e1ticas","link":"https:\/\/www.alonso-businesscoaching.es\/blog\/category\/re-flexiones-tematicas\/"},"img":{"alt_text":"","src":"https:\/\/i0.wp.com\/www.alonso-businesscoaching.es\/blog\/wp-content\/uploads\/2016\/11\/Simone-de-Beauvoir-150x150.jpg?resize=350%2C200&ssl=1","width":350,"height":200},"classes":[]},{"id":11979,"url":"https:\/\/www.alonso-businesscoaching.es\/blog\/03-06-2016\/re-flexiones-1-346-amistad\/","url_meta":{"origin":18049,"position":5},"title":"Re-flexiones&#8230; 1.346 (amistad)","author":"Antonio J. Alonso Sampedro","date":"03\/06\/2016","format":false,"excerpt":"\"Es dif\u00edcil decir qui\u00e9n hace el mayor da\u00f1o: los enemigos con sus peores intenciones o los amigos con las mejores\" Edward George Bulwer-Lytton","rel":"","context":"En \u00abRe-flexiones\/tem\u00e1ticas\u00bb","block_context":{"text":"Re-flexiones\/tem\u00e1ticas","link":"https:\/\/www.alonso-businesscoaching.es\/blog\/category\/re-flexiones-tematicas\/"},"img":{"alt_text":"Edward George Bulwer-Lytton","src":"https:\/\/i0.wp.com\/www.alonso-businesscoaching.es\/blog\/wp-content\/uploads\/2013\/11\/Edward-George-Bulwer-Lytton-150x150.jpg?resize=350%2C200","width":350,"height":200},"classes":[]}],"jetpack_sharing_enabled":true,"_links":{"self":[{"href":"https:\/\/www.alonso-businesscoaching.es\/blog\/wp-json\/wp\/v2\/posts\/18049","targetHints":{"allow":["GET"]}}],"collection":[{"href":"https:\/\/www.alonso-businesscoaching.es\/blog\/wp-json\/wp\/v2\/posts"}],"about":[{"href":"https:\/\/www.alonso-businesscoaching.es\/blog\/wp-json\/wp\/v2\/types\/post"}],"author":[{"embeddable":true,"href":"https:\/\/www.alonso-businesscoaching.es\/blog\/wp-json\/wp\/v2\/users\/2"}],"replies":[{"embeddable":true,"href":"https:\/\/www.alonso-businesscoaching.es\/blog\/wp-json\/wp\/v2\/comments?post=18049"}],"version-history":[{"count":1,"href":"https:\/\/www.alonso-businesscoaching.es\/blog\/wp-json\/wp\/v2\/posts\/18049\/revisions"}],"predecessor-version":[{"id":18050,"href":"https:\/\/www.alonso-businesscoaching.es\/blog\/wp-json\/wp\/v2\/posts\/18049\/revisions\/18050"}],"wp:attachment":[{"href":"https:\/\/www.alonso-businesscoaching.es\/blog\/wp-json\/wp\/v2\/media?parent=18049"}],"wp:term":[{"taxonomy":"category","embeddable":true,"href":"https:\/\/www.alonso-businesscoaching.es\/blog\/wp-json\/wp\/v2\/categories?post=18049"},{"taxonomy":"post_tag","embeddable":true,"href":"https:\/\/www.alonso-businesscoaching.es\/blog\/wp-json\/wp\/v2\/tags?post=18049"}],"curies":[{"name":"wp","href":"https:\/\/api.w.org\/{rel}","templated":true}]}}