{"id":18203,"date":"2019-07-09T07:00:50","date_gmt":"2019-07-09T05:00:50","guid":{"rendered":"https:\/\/www.alonso-businesscoaching.es\/blog\/?p=18203"},"modified":"2019-06-25T18:59:12","modified_gmt":"2019-06-25T16:59:12","slug":"re-flexiones-2-477-grandeza","status":"publish","type":"post","link":"https:\/\/www.alonso-businesscoaching.es\/blog\/09-07-2019\/re-flexiones-2-477-grandeza\/","title":{"rendered":"Re-flexiones&#8230; 2.477 (grandeza)"},"content":{"rendered":"\n<p style=\"text-align:center\"><em>&#8220;Hombres ilustres tienen por tumba la tierra entera&#8221;<\/em><\/p>\n\n\n\n<div class=\"wp-block-image\"><figure class=\"aligncenter\"><a href=\"https:\/\/es.wikipedia.org\/wiki\/Tuc\u00eddides\" target=\"_blank\" rel=\"noreferrer noopener\"><img data-recalc-dims=\"1\" loading=\"lazy\" decoding=\"async\" width=\"120\" height=\"150\" data-attachment-id=\"5417\" data-permalink=\"https:\/\/www.alonso-businesscoaching.es\/blog\/30-07-2013\/re-flexiones-663\/tucidides\/\" data-orig-file=\"https:\/\/i0.wp.com\/www.alonso-businesscoaching.es\/blog\/wp-content\/uploads\/2013\/07\/Tuc%C3%ADdides.jpg?fit=120%2C181&amp;ssl=1\" data-orig-size=\"120,181\" data-comments-opened=\"1\" data-image-meta=\"{&quot;aperture&quot;:&quot;0&quot;,&quot;credit&quot;:&quot;&quot;,&quot;camera&quot;:&quot;&quot;,&quot;caption&quot;:&quot;&quot;,&quot;created_timestamp&quot;:&quot;0&quot;,&quot;copyright&quot;:&quot;&quot;,&quot;focal_length&quot;:&quot;0&quot;,&quot;iso&quot;:&quot;0&quot;,&quot;shutter_speed&quot;:&quot;0&quot;,&quot;title&quot;:&quot;&quot;}\" data-image-title=\"Tuc\u00eddides\" data-image-description=\"\" data-image-caption=\"\" data-large-file=\"https:\/\/i0.wp.com\/www.alonso-businesscoaching.es\/blog\/wp-content\/uploads\/2013\/07\/Tuc%C3%ADdides.jpg?fit=120%2C181&amp;ssl=1\" src=\"https:\/\/i0.wp.com\/www.alonso-businesscoaching.es\/blog\/wp-content\/uploads\/2013\/07\/Tuc%C3%ADdides.jpg?resize=120%2C150&#038;ssl=1\" alt=\"\" class=\"wp-image-5417\"\/><\/a><\/figure><\/div>\n\n\n\n<p style=\"text-align:center\">Tuc\u00eddides <\/p>\n","protected":false},"excerpt":{"rendered":"<p>&#8220;Hombres ilustres tienen por tumba la tierra entera&#8221; Tuc\u00eddides<\/p>\n","protected":false},"author":2,"featured_media":0,"comment_status":"open","ping_status":"open","sticky":false,"template":"","format":"standard","meta":{"om_disable_all_campaigns":false,"_monsterinsights_skip_tracking":false,"_monsterinsights_sitenote_active":false,"_monsterinsights_sitenote_note":"","_monsterinsights_sitenote_category":0,"_s2mail":"","_uf_show_specific_survey":0,"_uf_disable_surveys":false,"jetpack_post_was_ever_published":false,"_jetpack_newsletter_access":"","_jetpack_dont_email_post_to_subs":false,"_jetpack_newsletter_tier_id":0,"_jetpack_memberships_contains_paywalled_content":false,"_jetpack_memberships_contains_paid_content":false,"footnotes":"","jetpack_publicize_message":"","jetpack_publicize_feature_enabled":true,"jetpack_social_post_already_shared":true,"jetpack_social_options":{"image_generator_settings":{"template":"highway","default_image_id":0,"font":"","enabled":false},"version":2}},"categories":[75],"tags":[246],"class_list":["post-18203","post","type-post","status-publish","format-standard","hentry","category-re-flexiones-tematicas","tag-grandeza"],"aioseo_notices":[],"jetpack_publicize_connections":[],"jetpack_featured_media_url":"","jetpack_shortlink":"https:\/\/wp.me\/p5YpnT-4JB","jetpack_likes_enabled":true,"jetpack-related-posts":[{"id":18211,"url":"https:\/\/www.alonso-businesscoaching.es\/blog\/13-07-2019\/re-flexiones-2-481-grandeza\/","url_meta":{"origin":18203,"position":0},"title":"Re-flexiones&#8230; 2.481 (grandeza)","author":"Antonio J. Alonso Sampedro","date":"13\/07\/2019","format":false,"excerpt":"\"Las naciones son como ciertas familias; s\u00f3lo a pesar suyo tienen grandes hombres\" Charles Baudelaire","rel":"","context":"En \u00abRe-flexiones\/tem\u00e1ticas\u00bb","block_context":{"text":"Re-flexiones\/tem\u00e1ticas","link":"https:\/\/www.alonso-businesscoaching.es\/blog\/category\/re-flexiones-tematicas\/"},"img":{"alt_text":"","src":"https:\/\/i0.wp.com\/www.alonso-businesscoaching.es\/blog\/wp-content\/uploads\/2017\/07\/Charles-Baudelaire-150x150.jpg?resize=350%2C200&ssl=1","width":350,"height":200},"classes":[]},{"id":18166,"url":"https:\/\/www.alonso-businesscoaching.es\/blog\/26-06-2019\/re-flexiones-2-464-grandeza\/","url_meta":{"origin":18203,"position":1},"title":"Re-flexiones&#8230; 2.464 (grandeza)","author":"Antonio J. Alonso Sampedro","date":"26\/06\/2019","format":false,"excerpt":"\"Cuanto m\u00e1s se acerca uno a los grandes hombres, m\u00e1s cuenta se da de que son hombres\" Jean de la Bruyere","rel":"","context":"En \u00abRe-flexiones\/tem\u00e1ticas\u00bb","block_context":{"text":"Re-flexiones\/tem\u00e1ticas","link":"https:\/\/www.alonso-businesscoaching.es\/blog\/category\/re-flexiones-tematicas\/"},"img":{"alt_text":"","src":"https:\/\/i0.wp.com\/www.alonso-businesscoaching.es\/blog\/wp-content\/uploads\/2015\/07\/Jean-de-la-Bruyere1-150x150.jpg?resize=350%2C200&ssl=1","width":350,"height":200},"classes":[]},{"id":18189,"url":"https:\/\/www.alonso-businesscoaching.es\/blog\/02-07-2019\/re-flexiones-2-470-grandeza\/","url_meta":{"origin":18203,"position":2},"title":"Re-flexiones&#8230; 2.470 (grandeza)","author":"Antonio J. Alonso Sampedro","date":"02\/07\/2019","format":false,"excerpt":"\"Hay grandes hombres que hacen a todos los dem\u00e1s sentirse peque\u00f1os. Pero la verdadera grandeza consiste en hacer que todos se sientan grandes\" Charles Dickens","rel":"","context":"En \u00abRe-flexiones\/tem\u00e1ticas\u00bb","block_context":{"text":"Re-flexiones\/tem\u00e1ticas","link":"https:\/\/www.alonso-businesscoaching.es\/blog\/category\/re-flexiones-tematicas\/"},"img":{"alt_text":"","src":"https:\/\/i0.wp.com\/www.alonso-businesscoaching.es\/blog\/wp-content\/uploads\/2015\/10\/Charles-Dickens1.jpg?resize=350%2C200&ssl=1","width":350,"height":200},"classes":[]},{"id":18172,"url":"https:\/\/www.alonso-businesscoaching.es\/blog\/29-06-2019\/re-flexiones-2-467-grandeza\/","url_meta":{"origin":18203,"position":3},"title":"Re-flexiones&#8230; 2.467 (grandeza)","author":"Antonio J. Alonso Sampedro","date":"29\/06\/2019","format":false,"excerpt":"\"Un gran hombre demuestra su grandeza por el modo en que trata a los que son o tienen menos que \u00e9l\" Thomas Carlyle","rel":"","context":"En \u00abRe-flexiones\/tem\u00e1ticas\u00bb","block_context":{"text":"Re-flexiones\/tem\u00e1ticas","link":"https:\/\/www.alonso-businesscoaching.es\/blog\/category\/re-flexiones-tematicas\/"},"img":{"alt_text":"","src":"https:\/\/i0.wp.com\/www.alonso-businesscoaching.es\/blog\/wp-content\/uploads\/2017\/03\/Thomas-Carlyle-150x150.jpg?resize=350%2C200&ssl=1","width":350,"height":200},"classes":[]},{"id":18197,"url":"https:\/\/www.alonso-businesscoaching.es\/blog\/06-07-2019\/re-flexiones-2-474-grandeza\/","url_meta":{"origin":18203,"position":4},"title":"Re-flexiones&#8230; 2.474 (grandeza)","author":"Antonio J. Alonso Sampedro","date":"06\/07\/2019","format":false,"excerpt":"\"Muy pocos grandes hombres proceden de un ambiente f\u00e1cil\" Hermann Keyserling","rel":"","context":"En \u00abRe-flexiones\/tem\u00e1ticas\u00bb","block_context":{"text":"Re-flexiones\/tem\u00e1ticas","link":"https:\/\/www.alonso-businesscoaching.es\/blog\/category\/re-flexiones-tematicas\/"},"img":{"alt_text":"","src":"https:\/\/i0.wp.com\/www.alonso-businesscoaching.es\/blog\/wp-content\/uploads\/2013\/10\/Hermann-Keyserling-150x150.jpg?resize=350%2C200&ssl=1","width":350,"height":200},"classes":[]},{"id":18195,"url":"https:\/\/www.alonso-businesscoaching.es\/blog\/05-07-2019\/re-flexiones-2-473-grandeza\/","url_meta":{"origin":18203,"position":5},"title":"Re-flexiones&#8230; 2.473 (grandeza)","author":"Antonio J. Alonso Sampedro","date":"05\/07\/2019","format":false,"excerpt":"\"No existen pa\u00edses peque\u00f1os. La grandeza de un pueblo no se mide por el n\u00famero de sus componentes, como no se mide por su estatura la grandeza de un hombre\" Victor Hugo","rel":"","context":"En \u00abRe-flexiones\/tem\u00e1ticas\u00bb","block_context":{"text":"Re-flexiones\/tem\u00e1ticas","link":"https:\/\/www.alonso-businesscoaching.es\/blog\/category\/re-flexiones-tematicas\/"},"img":{"alt_text":"","src":"https:\/\/i0.wp.com\/www.alonso-businesscoaching.es\/blog\/wp-content\/uploads\/2015\/11\/Victor-Hugo1.jpg?resize=350%2C200&ssl=1","width":350,"height":200},"classes":[]}],"jetpack_sharing_enabled":true,"_links":{"self":[{"href":"https:\/\/www.alonso-businesscoaching.es\/blog\/wp-json\/wp\/v2\/posts\/18203","targetHints":{"allow":["GET"]}}],"collection":[{"href":"https:\/\/www.alonso-businesscoaching.es\/blog\/wp-json\/wp\/v2\/posts"}],"about":[{"href":"https:\/\/www.alonso-businesscoaching.es\/blog\/wp-json\/wp\/v2\/types\/post"}],"author":[{"embeddable":true,"href":"https:\/\/www.alonso-businesscoaching.es\/blog\/wp-json\/wp\/v2\/users\/2"}],"replies":[{"embeddable":true,"href":"https:\/\/www.alonso-businesscoaching.es\/blog\/wp-json\/wp\/v2\/comments?post=18203"}],"version-history":[{"count":1,"href":"https:\/\/www.alonso-businesscoaching.es\/blog\/wp-json\/wp\/v2\/posts\/18203\/revisions"}],"predecessor-version":[{"id":18204,"href":"https:\/\/www.alonso-businesscoaching.es\/blog\/wp-json\/wp\/v2\/posts\/18203\/revisions\/18204"}],"wp:attachment":[{"href":"https:\/\/www.alonso-businesscoaching.es\/blog\/wp-json\/wp\/v2\/media?parent=18203"}],"wp:term":[{"taxonomy":"category","embeddable":true,"href":"https:\/\/www.alonso-businesscoaching.es\/blog\/wp-json\/wp\/v2\/categories?post=18203"},{"taxonomy":"post_tag","embeddable":true,"href":"https:\/\/www.alonso-businesscoaching.es\/blog\/wp-json\/wp\/v2\/tags?post=18203"}],"curies":[{"name":"wp","href":"https:\/\/api.w.org\/{rel}","templated":true}]}}