{"id":20003,"date":"2020-07-08T18:55:24","date_gmt":"2020-07-08T16:55:24","guid":{"rendered":"https:\/\/www.alonso-businesscoaching.es\/blog\/?p=20003"},"modified":"2020-07-09T18:39:57","modified_gmt":"2020-07-09T16:39:57","slug":"mi-recomendacion-musical-de-los-palaus","status":"publish","type":"post","link":"https:\/\/www.alonso-businesscoaching.es\/blog\/08-07-2020\/mi-recomendacion-musical-de-los-palaus\/","title":{"rendered":"Mi recomendaci\u00f3n musical de los Palaus&#8230;"},"content":{"rendered":"\n<div class=\"wp-block-image\"><figure class=\"aligncenter size-large\"><a href=\"https:\/\/lesarts.com\/Folleto_tem2020-2021.pdf\" target=\"_blank\" rel=\"noopener noreferrer\"><img data-recalc-dims=\"1\" loading=\"lazy\" decoding=\"async\" width=\"500\" height=\"500\" data-attachment-id=\"20004\" data-permalink=\"https:\/\/www.alonso-businesscoaching.es\/blog\/08-07-2020\/mi-recomendacion-musical-de-los-palaus\/temporada-2020-21-les-arts\/\" data-orig-file=\"https:\/\/i0.wp.com\/www.alonso-businesscoaching.es\/blog\/wp-content\/uploads\/2020\/07\/Temporada-2020-21-Les-Arts.png?fit=500%2C500&amp;ssl=1\" data-orig-size=\"500,500\" data-comments-opened=\"1\" data-image-meta=\"{&quot;aperture&quot;:&quot;0&quot;,&quot;credit&quot;:&quot;&quot;,&quot;camera&quot;:&quot;&quot;,&quot;caption&quot;:&quot;&quot;,&quot;created_timestamp&quot;:&quot;0&quot;,&quot;copyright&quot;:&quot;&quot;,&quot;focal_length&quot;:&quot;0&quot;,&quot;iso&quot;:&quot;0&quot;,&quot;shutter_speed&quot;:&quot;0&quot;,&quot;title&quot;:&quot;&quot;,&quot;orientation&quot;:&quot;0&quot;}\" data-image-title=\"Temporada-2020-21-Les-Arts\" data-image-description=\"\" data-image-caption=\"\" data-large-file=\"https:\/\/i0.wp.com\/www.alonso-businesscoaching.es\/blog\/wp-content\/uploads\/2020\/07\/Temporada-2020-21-Les-Arts.png?fit=500%2C500&amp;ssl=1\" src=\"https:\/\/i0.wp.com\/www.alonso-businesscoaching.es\/blog\/wp-content\/uploads\/2020\/07\/Temporada-2020-21-Les-Arts.png?resize=500%2C500&#038;ssl=1\" alt=\"\" class=\"wp-image-20004\" srcset=\"https:\/\/i0.wp.com\/www.alonso-businesscoaching.es\/blog\/wp-content\/uploads\/2020\/07\/Temporada-2020-21-Les-Arts.png?w=500&amp;ssl=1 500w, https:\/\/i0.wp.com\/www.alonso-businesscoaching.es\/blog\/wp-content\/uploads\/2020\/07\/Temporada-2020-21-Les-Arts.png?resize=300%2C300&amp;ssl=1 300w, https:\/\/i0.wp.com\/www.alonso-businesscoaching.es\/blog\/wp-content\/uploads\/2020\/07\/Temporada-2020-21-Les-Arts.png?resize=150%2C150&amp;ssl=1 150w, https:\/\/i0.wp.com\/www.alonso-businesscoaching.es\/blog\/wp-content\/uploads\/2020\/07\/Temporada-2020-21-Les-Arts.png?resize=100%2C100&amp;ssl=1 100w, https:\/\/i0.wp.com\/www.alonso-businesscoaching.es\/blog\/wp-content\/uploads\/2020\/07\/Temporada-2020-21-Les-Arts.png?resize=50%2C50&amp;ssl=1 50w\" sizes=\"auto, (max-width: 500px) 100vw, 500px\" \/><\/a><\/figure><\/div>\n\n\n\n<p>Vaya por delante que cualquier concierto u \u00f3pera, por muy santificados que sus intervinientes (obras, compositores, instrumentistas, cantantes, directores, escen\u00f3grafos, etc.) puedan estar, siempre ser\u00e1n susceptibles de no corresponder a las expectativas generadas, pues esa es la magia del arte musical, que otorga al azar la potestad de reinar.<\/p>\n\n\n\n<p>No obstante, a mayor calidad de la propuesta mayores son las posibilidades de acertar y este es el criterio que me mueve a recomendar lo m\u00e1s atractivo de las nuevas programaciones de los Palaus de Les Arts y de la M\u00fasica de Valencia para la pr\u00f3xima Temporada 2020-21 (acceso a los folletos pinchando en las im\u00e1genes respectivas), con reducci\u00f3n de aforos y mascarillas susceptibles de obligatoriedad.<\/p>\n\n\n\n<p>Con \u00e1nimo de ajustar los presupuestos, seleccionar\u00e9 solo lo mejor (frontera de divisi\u00f3n que siempre ser\u00e1 subjetiva), dividiendo mi recomendaci\u00f3n entre lo \u201cImperativo\u201d (lo imperdible para el aficionado musical) y lo \u201cImportante\u201d (lo susceptible de elecci\u00f3n en atenci\u00f3n a otros gustos y compromisos), quedando lo dem\u00e1s justificado por alg\u00fan despiste m\u00edo a la hora de atinar. <\/p>\n\n\n\n<p>PALAU DE LES ARTS<\/p>\n\n\n\n<p>&#8211; Imperativo: \u00d3peras&#8230; \u201cFin de Partie\u201d, \u201cLa Cenerentola\u201d, \u201cFalstaff\u201d, \u201cTrist\u00e1n e Isolda\u201d y \u201cCavalleria Rusticana\/Pagliacci\u201d.<\/p>\n\n\n\n<p>&#8211; Importante: \u00d3peras&#8230; &#8220;Il tutore burlato&#8221;, &#8220;Mitridate&#8221; y &#8220;L\u00b4Isola disabitata&#8221;. Recitales&#8230; Sonya Yoncheva, Ren\u00e9 Pape y Joyce Didonato. Conciertos&#8230; Daniele Gatti y Fabio Luisi.<\/p>\n\n\n\n<p>PALAU DE LA M\u00daSICA<\/p>\n\n\n\n<p>&#8211; Imperativo: Abonos 10 y 22.<\/p>\n\n\n\n<p>&#8211; Importante: Abonos 5, 6, 13, 14, 15, 16, 18, 20 y 24.<\/p>\n\n\n\n<div class=\"wp-block-image\"><figure class=\"aligncenter size-large\"><a href=\"https:\/\/www.palauvalencia.com\/wp-content\/uploads\/2020\/06\/palau-iturbi-folleto-conciertos-abono-2idiomas-web.pdf\" target=\"_blank\" rel=\"noopener noreferrer\"><img data-recalc-dims=\"1\" loading=\"lazy\" decoding=\"async\" width=\"525\" height=\"394\" data-attachment-id=\"20005\" data-permalink=\"https:\/\/www.alonso-businesscoaching.es\/blog\/08-07-2020\/mi-recomendacion-musical-de-los-palaus\/temporada-2020-21-palau-de-la-musica\/\" data-orig-file=\"https:\/\/i0.wp.com\/www.alonso-businesscoaching.es\/blog\/wp-content\/uploads\/2020\/07\/Temporada-2020-21-Palau-de-la-M%C3%BAsica.png?fit=960%2C720&amp;ssl=1\" data-orig-size=\"960,720\" data-comments-opened=\"1\" data-image-meta=\"{&quot;aperture&quot;:&quot;0&quot;,&quot;credit&quot;:&quot;&quot;,&quot;camera&quot;:&quot;&quot;,&quot;caption&quot;:&quot;&quot;,&quot;created_timestamp&quot;:&quot;0&quot;,&quot;copyright&quot;:&quot;&quot;,&quot;focal_length&quot;:&quot;0&quot;,&quot;iso&quot;:&quot;0&quot;,&quot;shutter_speed&quot;:&quot;0&quot;,&quot;title&quot;:&quot;&quot;,&quot;orientation&quot;:&quot;0&quot;}\" data-image-title=\"Temporada-2020-21-Palau-de-la-M\u00fasica\" data-image-description=\"\" data-image-caption=\"\" data-large-file=\"https:\/\/i0.wp.com\/www.alonso-businesscoaching.es\/blog\/wp-content\/uploads\/2020\/07\/Temporada-2020-21-Palau-de-la-M%C3%BAsica.png?fit=525%2C394&amp;ssl=1\" src=\"https:\/\/i0.wp.com\/www.alonso-businesscoaching.es\/blog\/wp-content\/uploads\/2020\/07\/Temporada-2020-21-Palau-de-la-M%C3%BAsica.png?resize=525%2C394&#038;ssl=1\" alt=\"\" class=\"wp-image-20005\" srcset=\"https:\/\/i0.wp.com\/www.alonso-businesscoaching.es\/blog\/wp-content\/uploads\/2020\/07\/Temporada-2020-21-Palau-de-la-M%C3%BAsica.png?w=960&amp;ssl=1 960w, https:\/\/i0.wp.com\/www.alonso-businesscoaching.es\/blog\/wp-content\/uploads\/2020\/07\/Temporada-2020-21-Palau-de-la-M%C3%BAsica.png?resize=300%2C225&amp;ssl=1 300w, https:\/\/i0.wp.com\/www.alonso-businesscoaching.es\/blog\/wp-content\/uploads\/2020\/07\/Temporada-2020-21-Palau-de-la-M%C3%BAsica.png?resize=768%2C576&amp;ssl=1 768w\" sizes=\"auto, (max-width: 767px) 89vw, (max-width: 1000px) 54vw, (max-width: 1071px) 543px, 580px\" \/><\/a><\/figure><\/div>\n","protected":false},"excerpt":{"rendered":"<p>Vaya por delante que cualquier concierto u \u00f3pera, por muy santificados que sus intervinientes (obras, compositores, instrumentistas, cantantes, directores, escen\u00f3grafos, etc.) puedan estar, siempre ser\u00e1n susceptibles de no corresponder a las expectativas generadas, pues esa es la magia del arte musical, que otorga al azar la potestad de reinar. No obstante, a mayor calidad de &hellip; <\/p>\n<p class=\"link-more\"><a href=\"https:\/\/www.alonso-businesscoaching.es\/blog\/08-07-2020\/mi-recomendacion-musical-de-los-palaus\/\" class=\"more-link\">Continuar leyendo<span class=\"screen-reader-text\"> &#8220;Mi recomendaci\u00f3n musical de los Palaus&#8230;&#8221;<\/span><\/a><\/p>\n","protected":false},"author":2,"featured_media":0,"comment_status":"open","ping_status":"open","sticky":false,"template":"","format":"standard","meta":{"om_disable_all_campaigns":false,"_monsterinsights_skip_tracking":false,"_monsterinsights_sitenote_active":false,"_monsterinsights_sitenote_note":"","_monsterinsights_sitenote_category":0,"_s2mail":"","_uf_show_specific_survey":0,"_uf_disable_surveys":false,"jetpack_post_was_ever_published":false,"_jetpack_newsletter_access":"","_jetpack_dont_email_post_to_subs":false,"_jetpack_newsletter_tier_id":0,"_jetpack_memberships_contains_paywalled_content":false,"_jetpack_memberships_contains_paid_content":false,"footnotes":"","jetpack_publicize_message":"","jetpack_publicize_feature_enabled":true,"jetpack_social_post_already_shared":true,"jetpack_social_options":{"image_generator_settings":{"template":"highway","default_image_id":0,"font":"","enabled":false},"version":2}},"categories":[26],"tags":[44],"class_list":["post-20003","post","type-post","status-publish","format-standard","hentry","category-music-tiones","tag-musica"],"aioseo_notices":[],"jetpack_publicize_connections":[],"jetpack_featured_media_url":"","jetpack_shortlink":"https:\/\/wp.me\/p5YpnT-5cD","jetpack_likes_enabled":true,"jetpack-related-posts":[{"id":18788,"url":"https:\/\/www.alonso-businesscoaching.es\/blog\/19-01-2020\/dos-palaus-para-bruckner-y-strauss\/","url_meta":{"origin":20003,"position":0},"title":"Dos &#8220;Palaus&#8221; para Bruckner y Strauss","author":"Antonio J. Alonso Sampedro","date":"19\/01\/2020","format":false,"excerpt":"En d\u00edas consecutivos (viernes y s\u00e1bado pasados) mis esperanzados pasos me llevaron a dos \u201cPalaus\u201d cuya fisonom\u00eda parec\u00eda muy relacionada con la m\u00fasica que iba a escuchar: la de Anton Bruckner en la Lonja de Valencia y la de Richard Strauss en Les Arts. Esperanza de comprobar c\u00f3mo sonar\u00eda la\u2026","rel":"","context":"En \u00abMusic-tiones\u00bb","block_context":{"text":"Music-tiones","link":"https:\/\/www.alonso-businesscoaching.es\/blog\/category\/music-tiones\/"},"img":{"alt_text":"","src":"https:\/\/i0.wp.com\/www.alonso-businesscoaching.es\/blog\/wp-content\/uploads\/2020\/01\/20200118_184047-scaled.jpg?resize=350%2C200&ssl=1","width":350,"height":200,"srcset":"https:\/\/i0.wp.com\/www.alonso-businesscoaching.es\/blog\/wp-content\/uploads\/2020\/01\/20200118_184047-scaled.jpg?resize=350%2C200&ssl=1 1x, https:\/\/i0.wp.com\/www.alonso-businesscoaching.es\/blog\/wp-content\/uploads\/2020\/01\/20200118_184047-scaled.jpg?resize=525%2C300&ssl=1 1.5x, https:\/\/i0.wp.com\/www.alonso-businesscoaching.es\/blog\/wp-content\/uploads\/2020\/01\/20200118_184047-scaled.jpg?resize=700%2C400&ssl=1 2x, https:\/\/i0.wp.com\/www.alonso-businesscoaching.es\/blog\/wp-content\/uploads\/2020\/01\/20200118_184047-scaled.jpg?resize=1050%2C600&ssl=1 3x, https:\/\/i0.wp.com\/www.alonso-businesscoaching.es\/blog\/wp-content\/uploads\/2020\/01\/20200118_184047-scaled.jpg?resize=1400%2C800&ssl=1 4x"},"classes":[]},{"id":20398,"url":"https:\/\/www.alonso-businesscoaching.es\/blog\/30-10-2020\/fin-de-partie-y-su-premio-mundial\/","url_meta":{"origin":20003,"position":1},"title":"&#8220;Fin de partie&#8221; y su premio mundial","author":"Antonio J. Alonso Sampedro","date":"30\/10\/2020","format":false,"excerpt":"La idoneidad en la concesi\u00f3n de un premio art\u00edstico siempre es dif\u00edcil de objetivar. No obstante, al otorgarlo conviene explicar las razones que avalan esa decisi\u00f3n para conocimiento de quienes lo quieran valorar. La primera producci\u00f3n de la \u00f3pera \u201cFin de partie\u201d (Gy\u00f6rgy Kurt\u00e1g-2018) obtuvo el Premio Internacional de \u00d3pera\u2026","rel":"","context":"En \u00abMusic-tiones\u00bb","block_context":{"text":"Music-tiones","link":"https:\/\/www.alonso-businesscoaching.es\/blog\/category\/music-tiones\/"},"img":{"alt_text":"","src":"https:\/\/i0.wp.com\/www.alonso-businesscoaching.es\/blog\/wp-content\/uploads\/2020\/10\/20201029_194234-scaled.jpg?resize=350%2C200&ssl=1","width":350,"height":200,"srcset":"https:\/\/i0.wp.com\/www.alonso-businesscoaching.es\/blog\/wp-content\/uploads\/2020\/10\/20201029_194234-scaled.jpg?resize=350%2C200&ssl=1 1x, https:\/\/i0.wp.com\/www.alonso-businesscoaching.es\/blog\/wp-content\/uploads\/2020\/10\/20201029_194234-scaled.jpg?resize=525%2C300&ssl=1 1.5x, https:\/\/i0.wp.com\/www.alonso-businesscoaching.es\/blog\/wp-content\/uploads\/2020\/10\/20201029_194234-scaled.jpg?resize=700%2C400&ssl=1 2x, https:\/\/i0.wp.com\/www.alonso-businesscoaching.es\/blog\/wp-content\/uploads\/2020\/10\/20201029_194234-scaled.jpg?resize=1050%2C600&ssl=1 3x, https:\/\/i0.wp.com\/www.alonso-businesscoaching.es\/blog\/wp-content\/uploads\/2020\/10\/20201029_194234-scaled.jpg?resize=1400%2C800&ssl=1 4x"},"classes":[]},{"id":30835,"url":"https:\/\/www.alonso-businesscoaching.es\/blog\/21-02-2026\/london-symphony-orchestra-g-noseda-palau-musica-valencia-20-02-2026\/","url_meta":{"origin":20003,"position":2},"title":"London Symphony Orchestra \/ G. Noseda \/ Palau M\u00fasica Valencia \/ 20-02-2026","author":"Antonio J. Alonso Sampedro","date":"21\/02\/2026","format":false,"excerpt":"INTERPRETACI\u00d3N MUSICAL9T\u00c9CNICA INSTRUMENTAL8SONIDO7DIRECCI\u00d3N (Gianandrea Noseda)8SOLISTA DE PIANO (Seong-Jin Cho)9PROGRAMA-\"El beso del hada\" (I. Stravinski-1928), \"Concierto para piano y orquesta n.\u00ba 2\" (F. Chopin-1830), \"Sinfon\u00eda n.\u00ba 2\" (A. Borod\u00edn-1877)8RESPUESTA DEL P\u00daBLICO8VALORACI\u00d3N GENERAL8,1","rel":"","context":"En \u00abMusic-tiones\u00bb","block_context":{"text":"Music-tiones","link":"https:\/\/www.alonso-businesscoaching.es\/blog\/category\/music-tiones\/"},"img":{"alt_text":"","src":"https:\/\/i0.wp.com\/www.alonso-businesscoaching.es\/blog\/wp-content\/uploads\/2026\/02\/LSO-Noseda-final.jpg?resize=350%2C200&ssl=1","width":350,"height":200,"srcset":"https:\/\/i0.wp.com\/www.alonso-businesscoaching.es\/blog\/wp-content\/uploads\/2026\/02\/LSO-Noseda-final.jpg?resize=350%2C200&ssl=1 1x, https:\/\/i0.wp.com\/www.alonso-businesscoaching.es\/blog\/wp-content\/uploads\/2026\/02\/LSO-Noseda-final.jpg?resize=525%2C300&ssl=1 1.5x, https:\/\/i0.wp.com\/www.alonso-businesscoaching.es\/blog\/wp-content\/uploads\/2026\/02\/LSO-Noseda-final.jpg?resize=700%2C400&ssl=1 2x, https:\/\/i0.wp.com\/www.alonso-businesscoaching.es\/blog\/wp-content\/uploads\/2026\/02\/LSO-Noseda-final.jpg?resize=1050%2C600&ssl=1 3x, https:\/\/i0.wp.com\/www.alonso-businesscoaching.es\/blog\/wp-content\/uploads\/2026\/02\/LSO-Noseda-final.jpg?resize=1400%2C800&ssl=1 4x"},"classes":[]},{"id":25482,"url":"https:\/\/www.alonso-businesscoaching.es\/blog\/11-11-2023\/la-musica-para-el-cine-es-la-clasica-actual\/","url_meta":{"origin":20003,"position":3},"title":"\u00a1La m\u00fasica para el cine es la \u201ccl\u00e1sica\u201d actual!","author":"Antonio J. Alonso Sampedro","date":"11\/11\/2023","format":false,"excerpt":"Una vez m\u00e1s visita Valencia la \u201cFilm Symphony Orchestra\u201d con un programa centrado en la m\u00fasica para el cine y sin fallar, una vez m\u00e1s agota las entradas, lo que no consigue casi ninguna otra formaci\u00f3n del panorama cl\u00e1sico orquestal. \u00bfC\u00f3mo explicar este imparable fen\u00f3meno, que sin duda es ajeno\u2026","rel":"","context":"En \u00abHitchcock-tiones\u00bb","block_context":{"text":"Hitchcock-tiones","link":"https:\/\/www.alonso-businesscoaching.es\/blog\/category\/hitchcock-tiones\/"},"img":{"alt_text":"","src":"https:\/\/i0.wp.com\/www.alonso-businesscoaching.es\/blog\/wp-content\/uploads\/2020\/04\/Vertigo1.png?resize=350%2C200&ssl=1","width":350,"height":200,"srcset":"https:\/\/i0.wp.com\/www.alonso-businesscoaching.es\/blog\/wp-content\/uploads\/2020\/04\/Vertigo1.png?resize=350%2C200&ssl=1 1x, https:\/\/i0.wp.com\/www.alonso-businesscoaching.es\/blog\/wp-content\/uploads\/2020\/04\/Vertigo1.png?resize=525%2C300&ssl=1 1.5x, https:\/\/i0.wp.com\/www.alonso-businesscoaching.es\/blog\/wp-content\/uploads\/2020\/04\/Vertigo1.png?resize=700%2C400&ssl=1 2x"},"classes":[]},{"id":20628,"url":"https:\/\/www.alonso-businesscoaching.es\/blog\/08-12-2020\/la-mejor-pelicula-musical-de-todo-los-tiempos-y-dos\/","url_meta":{"origin":20003,"position":4},"title":"&#8220;\u00a1La mejor pel\u00edcula musical de todos los tiempos!&#8221;&#8230; y dos","author":"Antonio J. Alonso Sampedro","date":"08\/12\/2020","format":false,"excerpt":"El 13 de febrero de 2019 escrib\u00eda... \u201c\u00a1La mejor pel\u00edcula musical de todos los tiempos!\u201d, a prop\u00f3sito de su programaci\u00f3n en \u201cLa 2\u201d. No han transcurrido ni dos a\u00f1os para que de nuevo la podamos (mejor, debamos) ver hoy en televisi\u00f3n (tambi\u00e9n en \u201cLa 2\u201d). Como continuaci\u00f3n de lo escrito\u2026","rel":"","context":"En \u00abMusic-tiones\u00bb","block_context":{"text":"Music-tiones","link":"https:\/\/www.alonso-businesscoaching.es\/blog\/category\/music-tiones\/"},"img":{"alt_text":"","src":"https:\/\/i0.wp.com\/www.alonso-businesscoaching.es\/blog\/wp-content\/uploads\/2020\/12\/West-Side-Story.png?resize=350%2C200&ssl=1","width":350,"height":200},"classes":[]},{"id":24239,"url":"https:\/\/www.alonso-businesscoaching.es\/blog\/18-03-2023\/la-paradoja-musical-de-la-mascleta\/","url_meta":{"origin":20003,"position":5},"title":"La paradoja musical de la &#8220;Masclet\u00e1&#8221;","author":"Antonio J. Alonso Sampedro","date":"18\/03\/2023","format":false,"excerpt":"En plena semana grande de Fallas, trasladar una opini\u00f3n distinta al sentir popular sobre las \u201cMascletaes\u201d no parece una buena idea, a menos que la pueda argumentar. Pero ni esto, pues es bien conocido que las tradiciones y los sentimientos son inmunes a los datos y su carga de objetividad.\u2026","rel":"","context":"En \u00abMusic-tiones\u00bb","block_context":{"text":"Music-tiones","link":"https:\/\/www.alonso-businesscoaching.es\/blog\/category\/music-tiones\/"},"img":{"alt_text":"","src":"https:\/\/i0.wp.com\/www.alonso-businesscoaching.es\/blog\/wp-content\/uploads\/2023\/03\/Mascleta.jpg?resize=350%2C200&ssl=1","width":350,"height":200,"srcset":"https:\/\/i0.wp.com\/www.alonso-businesscoaching.es\/blog\/wp-content\/uploads\/2023\/03\/Mascleta.jpg?resize=350%2C200&ssl=1 1x, https:\/\/i0.wp.com\/www.alonso-businesscoaching.es\/blog\/wp-content\/uploads\/2023\/03\/Mascleta.jpg?resize=525%2C300&ssl=1 1.5x, https:\/\/i0.wp.com\/www.alonso-businesscoaching.es\/blog\/wp-content\/uploads\/2023\/03\/Mascleta.jpg?resize=700%2C400&ssl=1 2x, https:\/\/i0.wp.com\/www.alonso-businesscoaching.es\/blog\/wp-content\/uploads\/2023\/03\/Mascleta.jpg?resize=1050%2C600&ssl=1 3x"},"classes":[]}],"jetpack_sharing_enabled":true,"_links":{"self":[{"href":"https:\/\/www.alonso-businesscoaching.es\/blog\/wp-json\/wp\/v2\/posts\/20003","targetHints":{"allow":["GET"]}}],"collection":[{"href":"https:\/\/www.alonso-businesscoaching.es\/blog\/wp-json\/wp\/v2\/posts"}],"about":[{"href":"https:\/\/www.alonso-businesscoaching.es\/blog\/wp-json\/wp\/v2\/types\/post"}],"author":[{"embeddable":true,"href":"https:\/\/www.alonso-businesscoaching.es\/blog\/wp-json\/wp\/v2\/users\/2"}],"replies":[{"embeddable":true,"href":"https:\/\/www.alonso-businesscoaching.es\/blog\/wp-json\/wp\/v2\/comments?post=20003"}],"version-history":[{"count":12,"href":"https:\/\/www.alonso-businesscoaching.es\/blog\/wp-json\/wp\/v2\/posts\/20003\/revisions"}],"predecessor-version":[{"id":20021,"href":"https:\/\/www.alonso-businesscoaching.es\/blog\/wp-json\/wp\/v2\/posts\/20003\/revisions\/20021"}],"wp:attachment":[{"href":"https:\/\/www.alonso-businesscoaching.es\/blog\/wp-json\/wp\/v2\/media?parent=20003"}],"wp:term":[{"taxonomy":"category","embeddable":true,"href":"https:\/\/www.alonso-businesscoaching.es\/blog\/wp-json\/wp\/v2\/categories?post=20003"},{"taxonomy":"post_tag","embeddable":true,"href":"https:\/\/www.alonso-businesscoaching.es\/blog\/wp-json\/wp\/v2\/tags?post=20003"}],"curies":[{"name":"wp","href":"https:\/\/api.w.org\/{rel}","templated":true}]}}