{"id":20133,"date":"2020-09-25T07:00:00","date_gmt":"2020-09-25T05:00:00","guid":{"rendered":"https:\/\/www.alonso-businesscoaching.es\/blog\/?p=20133"},"modified":"2020-07-21T18:31:22","modified_gmt":"2020-07-21T16:31:22","slug":"re-flexiones-2-921-mundo","status":"publish","type":"post","link":"https:\/\/www.alonso-businesscoaching.es\/blog\/25-09-2020\/re-flexiones-2-921-mundo\/","title":{"rendered":"Re-flexiones&#8230; 2.921 (mundo)"},"content":{"rendered":"\n<p class=\"has-text-align-center\"><em>&#8220;El mundo no fue hecho en el tiempo, sino con el tiempo&#8221;<\/em><\/p>\n\n\n\n<div class=\"wp-block-image\"><figure class=\"aligncenter size-thumbnail\"><a href=\"https:\/\/es.wikipedia.org\/wiki\/Agust%C3%ADn_de_Hipona\" target=\"_blank\" rel=\"noopener noreferrer\"><img data-recalc-dims=\"1\" loading=\"lazy\" decoding=\"async\" width=\"150\" height=\"150\" data-attachment-id=\"11302\" data-permalink=\"https:\/\/www.alonso-businesscoaching.es\/blog\/07-12-2015\/re-flexiones-1-167-alma\/san-agustin1\/\" data-orig-file=\"https:\/\/i0.wp.com\/www.alonso-businesscoaching.es\/blog\/wp-content\/uploads\/2015\/11\/San-Agust%C3%ADn1.jpg?fit=405%2C481&amp;ssl=1\" data-orig-size=\"405,481\" data-comments-opened=\"1\" data-image-meta=\"{&quot;aperture&quot;:&quot;0&quot;,&quot;credit&quot;:&quot;&quot;,&quot;camera&quot;:&quot;&quot;,&quot;caption&quot;:&quot;&quot;,&quot;created_timestamp&quot;:&quot;0&quot;,&quot;copyright&quot;:&quot;&quot;,&quot;focal_length&quot;:&quot;0&quot;,&quot;iso&quot;:&quot;0&quot;,&quot;shutter_speed&quot;:&quot;0&quot;,&quot;title&quot;:&quot;&quot;,&quot;orientation&quot;:&quot;0&quot;}\" data-image-title=\"San Agust\u00edn1\" data-image-description=\"\" data-image-caption=\"\" data-large-file=\"https:\/\/i0.wp.com\/www.alonso-businesscoaching.es\/blog\/wp-content\/uploads\/2015\/11\/San-Agust%C3%ADn1.jpg?fit=405%2C481&amp;ssl=1\" src=\"https:\/\/i0.wp.com\/www.alonso-businesscoaching.es\/blog\/wp-content\/uploads\/2015\/11\/San-Agust%C3%ADn1.jpg?resize=150%2C150&#038;ssl=1\" alt=\"\" class=\"wp-image-11302\" srcset=\"https:\/\/i0.wp.com\/www.alonso-businesscoaching.es\/blog\/wp-content\/uploads\/2015\/11\/San-Agust%C3%ADn1.jpg?resize=150%2C150&amp;ssl=1 150w, https:\/\/i0.wp.com\/www.alonso-businesscoaching.es\/blog\/wp-content\/uploads\/2015\/11\/San-Agust%C3%ADn1.jpg?resize=59%2C59&amp;ssl=1 59w, https:\/\/i0.wp.com\/www.alonso-businesscoaching.es\/blog\/wp-content\/uploads\/2015\/11\/San-Agust%C3%ADn1.jpg?zoom=2&amp;resize=150%2C150&amp;ssl=1 300w\" sizes=\"auto, (max-width: 150px) 100vw, 150px\" \/><\/a><\/figure><\/div>\n\n\n\n<p class=\"has-text-align-center\">San Agust\u00edn<\/p>\n","protected":false},"excerpt":{"rendered":"<p>&#8220;El mundo no fue hecho en el tiempo, sino con el tiempo&#8221; San Agust\u00edn<\/p>\n","protected":false},"author":2,"featured_media":0,"comment_status":"open","ping_status":"open","sticky":false,"template":"","format":"standard","meta":{"om_disable_all_campaigns":false,"_monsterinsights_skip_tracking":false,"_monsterinsights_sitenote_active":false,"_monsterinsights_sitenote_note":"","_monsterinsights_sitenote_category":0,"_s2mail":"","_uf_show_specific_survey":0,"_uf_disable_surveys":false,"jetpack_post_was_ever_published":false,"_jetpack_newsletter_access":"","_jetpack_dont_email_post_to_subs":false,"_jetpack_newsletter_tier_id":0,"_jetpack_memberships_contains_paywalled_content":false,"_jetpack_memberships_contains_paid_content":false,"footnotes":"","jetpack_publicize_message":"","jetpack_publicize_feature_enabled":true,"jetpack_social_post_already_shared":true,"jetpack_social_options":{"image_generator_settings":{"template":"highway","default_image_id":0,"font":"","enabled":false},"version":2}},"categories":[75],"tags":[267],"class_list":["post-20133","post","type-post","status-publish","format-standard","hentry","category-re-flexiones-tematicas","tag-mundo"],"aioseo_notices":[],"jetpack_publicize_connections":[],"jetpack_featured_media_url":"","jetpack_shortlink":"https:\/\/wp.me\/p5YpnT-5eJ","jetpack_likes_enabled":true,"jetpack-related-posts":[{"id":22680,"url":"https:\/\/www.alonso-businesscoaching.es\/blog\/26-05-2022\/re-flexiones-3-429-verdad\/","url_meta":{"origin":20133,"position":0},"title":"Re-flexiones&#8230; 3.429 (verdad)","author":"Antonio J. Alonso Sampedro","date":"26\/05\/2022","format":false,"excerpt":"\"Existir\u00e1 la verdad aunque el mundo perezca\" San Agust\u00edn","rel":"","context":"En \u00abRe-flexiones\/tem\u00e1ticas\u00bb","block_context":{"text":"Re-flexiones\/tem\u00e1ticas","link":"https:\/\/www.alonso-businesscoaching.es\/blog\/category\/re-flexiones-tematicas\/"},"img":{"alt_text":"","src":"https:\/\/i0.wp.com\/www.alonso-businesscoaching.es\/blog\/wp-content\/uploads\/2021\/12\/San-Agustin2-150x150.png?resize=350%2C200&ssl=1","width":350,"height":200},"classes":[]},{"id":28981,"url":"https:\/\/www.alonso-businesscoaching.es\/blog\/11-07-2025\/re-flexiones-4-665-vejez\/","url_meta":{"origin":20133,"position":1},"title":"Re-flexiones&#8230; 4.665 (vejez)","author":"Antonio J. Alonso Sampedro","date":"11\/07\/2025","format":false,"excerpt":"\"Todo el mundo quisiera vivir largo tiempo, pero nadie querr\u00eda ser viejo\" Jonathan Swift","rel":"","context":"En \u00abRe-flexiones\/tem\u00e1ticas\u00bb","block_context":{"text":"Re-flexiones\/tem\u00e1ticas","link":"https:\/\/www.alonso-businesscoaching.es\/blog\/category\/re-flexiones-tematicas\/"},"img":{"alt_text":"","src":"https:\/\/i0.wp.com\/www.alonso-businesscoaching.es\/blog\/wp-content\/uploads\/2023\/09\/Jonathan-Swift2.jpg?resize=350%2C200&ssl=1","width":350,"height":200,"srcset":"https:\/\/i0.wp.com\/www.alonso-businesscoaching.es\/blog\/wp-content\/uploads\/2023\/09\/Jonathan-Swift2.jpg?resize=350%2C200&ssl=1 1x, https:\/\/i0.wp.com\/www.alonso-businesscoaching.es\/blog\/wp-content\/uploads\/2023\/09\/Jonathan-Swift2.jpg?resize=525%2C300&ssl=1 1.5x, https:\/\/i0.wp.com\/www.alonso-businesscoaching.es\/blog\/wp-content\/uploads\/2023\/09\/Jonathan-Swift2.jpg?resize=700%2C400&ssl=1 2x"},"classes":[]},{"id":28171,"url":"https:\/\/www.alonso-businesscoaching.es\/blog\/09-02-2025\/re-flexiones-4-514-trabajo\/","url_meta":{"origin":20133,"position":2},"title":"Re-flexiones&#8230; 4.514 (trabajo)","author":"Antonio J. Alonso Sampedro","date":"09\/02\/2025","format":false,"excerpt":"\"A dos hombres venero yo en este mundo: al labrador sufrido de mano callosa y nervuda, en la que permanecer\u00e1 para siempre una real e indeleble majestad, puesto que en ella est\u00e1 el cetro de este mundo. Y a aquel que trabaja por las imprescindibles necesidades del esp\u00edritu; no por\u2026","rel":"","context":"En \u00abRe-flexiones\/tem\u00e1ticas\u00bb","block_context":{"text":"Re-flexiones\/tem\u00e1ticas","link":"https:\/\/www.alonso-businesscoaching.es\/blog\/category\/re-flexiones-tematicas\/"},"img":{"alt_text":"","src":"https:\/\/i0.wp.com\/www.alonso-businesscoaching.es\/blog\/wp-content\/uploads\/2017\/03\/Thomas-Carlyle-150x150.jpg?resize=350%2C200&ssl=1","width":350,"height":200},"classes":[]},{"id":19873,"url":"https:\/\/www.alonso-businesscoaching.es\/blog\/25-06-2020\/re-flexiones-2-829-errores\/","url_meta":{"origin":20133,"position":3},"title":"Re-flexiones&#8230; 2.829 (errores)","author":"Antonio J. Alonso Sampedro","date":"25\/06\/2020","format":false,"excerpt":"\"Un error no se convierte en verdad por el hecho de que todo el mundo crea en \u00e9l\" Mahatma Gandhi","rel":"","context":"En \u00abRe-flexiones\/tem\u00e1ticas\u00bb","block_context":{"text":"Re-flexiones\/tem\u00e1ticas","link":"https:\/\/www.alonso-businesscoaching.es\/blog\/category\/re-flexiones-tematicas\/"},"img":{"alt_text":"","src":"https:\/\/i0.wp.com\/www.alonso-businesscoaching.es\/blog\/wp-content\/uploads\/2016\/04\/Mahatma-Gandhi1.jpg?resize=350%2C200&ssl=1","width":350,"height":200,"srcset":"https:\/\/i0.wp.com\/www.alonso-businesscoaching.es\/blog\/wp-content\/uploads\/2016\/04\/Mahatma-Gandhi1.jpg?resize=350%2C200&ssl=1 1x, https:\/\/i0.wp.com\/www.alonso-businesscoaching.es\/blog\/wp-content\/uploads\/2016\/04\/Mahatma-Gandhi1.jpg?resize=525%2C300&ssl=1 1.5x"},"classes":[]},{"id":20127,"url":"https:\/\/www.alonso-businesscoaching.es\/blog\/23-09-2020\/re-flexiones-2-919-mundo\/","url_meta":{"origin":20133,"position":4},"title":"Re-flexiones&#8230; 2.919 (mundo)","author":"Antonio J. Alonso Sampedro","date":"23\/09\/2020","format":false,"excerpt":"\"Y as\u00ed va el mundo. Hay veces en que deseo sinceramente que No\u00e9 y su comitiva hubiesen perdido el barco\" Mark Twain","rel":"","context":"En \u00abRe-flexiones\/tem\u00e1ticas\u00bb","block_context":{"text":"Re-flexiones\/tem\u00e1ticas","link":"https:\/\/www.alonso-businesscoaching.es\/blog\/category\/re-flexiones-tematicas\/"},"img":{"alt_text":"","src":"https:\/\/i0.wp.com\/www.alonso-businesscoaching.es\/blog\/wp-content\/uploads\/2015\/07\/Mark-Twain1.jpg?resize=350%2C200&ssl=1","width":350,"height":200},"classes":[]},{"id":20141,"url":"https:\/\/www.alonso-businesscoaching.es\/blog\/29-09-2020\/re-flexiones-2-925-mundo\/","url_meta":{"origin":20133,"position":5},"title":"Re-flexiones&#8230; 2.925 (mundo)","author":"Antonio J. Alonso Sampedro","date":"29\/09\/2020","format":false,"excerpt":"\"El mundo es un absurdo animado que rueda en el vac\u00edo para asombro de sus habitantes\" Gustavo Adolfo B\u00e9cquer","rel":"","context":"En \u00abRe-flexiones\/tem\u00e1ticas\u00bb","block_context":{"text":"Re-flexiones\/tem\u00e1ticas","link":"https:\/\/www.alonso-businesscoaching.es\/blog\/category\/re-flexiones-tematicas\/"},"img":{"alt_text":"","src":"https:\/\/i0.wp.com\/www.alonso-businesscoaching.es\/blog\/wp-content\/uploads\/2017\/01\/Gustavo-Adolfo-B%C3%A9cquer1.jpg?resize=350%2C200&ssl=1","width":350,"height":200},"classes":[]}],"jetpack_sharing_enabled":true,"_links":{"self":[{"href":"https:\/\/www.alonso-businesscoaching.es\/blog\/wp-json\/wp\/v2\/posts\/20133","targetHints":{"allow":["GET"]}}],"collection":[{"href":"https:\/\/www.alonso-businesscoaching.es\/blog\/wp-json\/wp\/v2\/posts"}],"about":[{"href":"https:\/\/www.alonso-businesscoaching.es\/blog\/wp-json\/wp\/v2\/types\/post"}],"author":[{"embeddable":true,"href":"https:\/\/www.alonso-businesscoaching.es\/blog\/wp-json\/wp\/v2\/users\/2"}],"replies":[{"embeddable":true,"href":"https:\/\/www.alonso-businesscoaching.es\/blog\/wp-json\/wp\/v2\/comments?post=20133"}],"version-history":[{"count":1,"href":"https:\/\/www.alonso-businesscoaching.es\/blog\/wp-json\/wp\/v2\/posts\/20133\/revisions"}],"predecessor-version":[{"id":20134,"href":"https:\/\/www.alonso-businesscoaching.es\/blog\/wp-json\/wp\/v2\/posts\/20133\/revisions\/20134"}],"wp:attachment":[{"href":"https:\/\/www.alonso-businesscoaching.es\/blog\/wp-json\/wp\/v2\/media?parent=20133"}],"wp:term":[{"taxonomy":"category","embeddable":true,"href":"https:\/\/www.alonso-businesscoaching.es\/blog\/wp-json\/wp\/v2\/categories?post=20133"},{"taxonomy":"post_tag","embeddable":true,"href":"https:\/\/www.alonso-businesscoaching.es\/blog\/wp-json\/wp\/v2\/tags?post=20133"}],"curies":[{"name":"wp","href":"https:\/\/api.w.org\/{rel}","templated":true}]}}