{"id":20511,"date":"2020-11-21T11:05:24","date_gmt":"2020-11-21T10:05:24","guid":{"rendered":"https:\/\/www.alonso-businesscoaching.es\/blog\/?p=20511"},"modified":"2020-11-22T17:28:49","modified_gmt":"2020-11-22T16:28:49","slug":"il-tutore-burlato-por-el-televisor-y-volant","status":"publish","type":"post","link":"https:\/\/www.alonso-businesscoaching.es\/blog\/21-11-2020\/il-tutore-burlato-por-el-televisor-y-volant\/","title":{"rendered":"&#8220;Il tutore burlato&#8221;&#8230; por el televisor y Volant"},"content":{"rendered":"\n<figure class=\"wp-block-image size-large\"><a href=\"https:\/\/www.lesarts.com\/es\/temporada-2020-2021\/opera\/il-tutore-burlato\/\" target=\"_blank\" rel=\"noopener noreferrer\"><img data-recalc-dims=\"1\" loading=\"lazy\" decoding=\"async\" width=\"525\" height=\"309\" data-attachment-id=\"20512\" data-permalink=\"https:\/\/www.alonso-businesscoaching.es\/blog\/21-11-2020\/il-tutore-burlato-por-el-televisor-y-volant\/il-tutore-burlato\/\" data-orig-file=\"https:\/\/i0.wp.com\/www.alonso-businesscoaching.es\/blog\/wp-content\/uploads\/2020\/11\/Il-tutore-burlato.png?fit=768%2C452&amp;ssl=1\" data-orig-size=\"768,452\" data-comments-opened=\"1\" data-image-meta=\"{&quot;aperture&quot;:&quot;0&quot;,&quot;credit&quot;:&quot;&quot;,&quot;camera&quot;:&quot;&quot;,&quot;caption&quot;:&quot;&quot;,&quot;created_timestamp&quot;:&quot;0&quot;,&quot;copyright&quot;:&quot;&quot;,&quot;focal_length&quot;:&quot;0&quot;,&quot;iso&quot;:&quot;0&quot;,&quot;shutter_speed&quot;:&quot;0&quot;,&quot;title&quot;:&quot;&quot;,&quot;orientation&quot;:&quot;0&quot;}\" data-image-title=\"Il-tutore-burlato\" data-image-description=\"\" data-image-caption=\"\" data-large-file=\"https:\/\/i0.wp.com\/www.alonso-businesscoaching.es\/blog\/wp-content\/uploads\/2020\/11\/Il-tutore-burlato.png?fit=525%2C309&amp;ssl=1\" src=\"https:\/\/i0.wp.com\/www.alonso-businesscoaching.es\/blog\/wp-content\/uploads\/2020\/11\/Il-tutore-burlato.png?resize=525%2C309&#038;ssl=1\" alt=\"\" class=\"wp-image-20512\" srcset=\"https:\/\/i0.wp.com\/www.alonso-businesscoaching.es\/blog\/wp-content\/uploads\/2020\/11\/Il-tutore-burlato.png?w=768&amp;ssl=1 768w, https:\/\/i0.wp.com\/www.alonso-businesscoaching.es\/blog\/wp-content\/uploads\/2020\/11\/Il-tutore-burlato.png?resize=300%2C177&amp;ssl=1 300w\" sizes=\"auto, (max-width: 767px) 89vw, (max-width: 1000px) 54vw, (max-width: 1071px) 543px, 580px\" \/><\/a><\/figure>\n\n\n\n<p>Por el televisor he presenciado en directo la pen\u00faltima representaci\u00f3n de \u201cIl tutore burlato\u201d (<a href=\"https:\/\/es.wikipedia.org\/wiki\/Vicente_Mart%C3%ADn_y_Soler\" target=\"_blank\" rel=\"noreferrer noopener\">Vicente Mart\u00edn y Soler<\/a>-1774) que ha desembarcado en la Temporada 2020\/21 del Palau de Les Arts tras una gira por m\u00e1s de veinte localidades de la Comunidad Valenciana a lomos del cami\u00f3n de <a href=\"https:\/\/www.lesarts.com\/es\/temporada-2019-2020\/opera\/il-tutore-burlato-20\/\" target=\"_blank\" rel=\"noreferrer noopener\">Les Arts Volant<\/a> que, como dice la promoci\u00f3n, es una versi\u00f3n moderna de La Barraca, el teatro ambulante que Federico Garc\u00eda Lorca fund\u00f3 para llevar el arte esc\u00e9nico all\u00ed donde no hab\u00eda m\u00e1s oportunidad. No puedo estar m\u00e1s de acuerdo con esta iniciativa, necesaria para acercar la \u00f3pera a nuevos p\u00fablicos en lugar de lo habitual, es decir, que deban viajar a Les Arts. Pero tambi\u00e9n necesaria para descentralizar el elevado presupuesto destinado a la \u00d3pera que no puede concentrarse en el Cap i casal, so pena de incurrir en comparativos agravios por desigualdad territorial.<\/p>\n\n\n\n<p>Esta nueva producci\u00f3n, modesta por su presupuesto pero ambiciosa en su ejecuci\u00f3n, es un ejemplo de lo que debe hacer la \u201csegunda unidad\u201d de un teatro de \u00f3pera p\u00fablico para rentabilizar culturalmente lo que gasta y genera su &#8220;primera unidad&#8221;. La \u00d3pera no ser\u00e1 elitista si a una gran parte del p\u00fablico potencial se le ofrece la oportunidad.<\/p>\n\n\n\n<p>Todo lo escuchado y visto en esta primera \u00f3pera (bufa) compuesta por un veintea\u00f1ero Mart\u00edn y Soler tiene un nivel de digna calidad que la hace merecedora de ser representada en cualquier teatro de categor\u00eda internacional. Nada es sobresaliente pero todo es notable, en especial la colorista y divertida puesta en escena de Jaume Policarpo y Jos\u00e9 Mar\u00eda Adame, que se valen de t\u00edteres gemelos de los personajes y vestuarios de \u00e9poca filtrados por el gusto minimalista actual. Respecto a esto, no pude adivinar la raz\u00f3n por la cual en ocasiones los cantantes se desprend\u00edan de su marioneta\/avatar para continuar la interpretaci\u00f3n, pues la sobreimpresi\u00f3n del texto (en blanco) resultaba a menudo ilegible, algo dif\u00edcil de solucionar dado que cualquier color puede tener en la escena su igual. Los cantantes (del Centro de Perfeccionamiento del Palau de Les Arts) cumplieron sin brillar, porque no debemos olvidar que la t\u00e9cnica nunca podr\u00e1 mudar la voz de cada cual. La orquesta y la direcci\u00f3n musical (Crist\u00f3bal Soler) se adaptaron al amable estilo mozartiano de la partitura y hay que mencionar al pianista Carlos S\u00e1nchis que, desde el escenario, interpret\u00f3 como si se tratase de un personaje m\u00e1s.<\/p>\n\n\n\n<p>Pero lo m\u00e1s curioso para m\u00ed de esta visualizaci\u00f3n \u201con line\u201d es que al fin he podido comprobar algo que es imposible en una funci\u00f3n presencial: conocer la opini\u00f3n del espectador mientras transcurre la representaci\u00f3n, pues la pantalla ofrec\u00eda el n\u00famero de conectados a tiempo real. La cifra m\u00e1xima, hacia el comienzo, no super\u00f3 los 125 y adelgaz\u00f3 progresivamente hasta finalizar con unos 80, lo cual me lleva a pensar que a un tercio no les gust\u00f3 o que, dada la gratuidad, se hab\u00edan apuntado algunos por simple curiosidad. Pero en definitiva, no podemos olvidar que en torno a una media de  100 asistentes \u201con line\u201d no es un aforo conforme a esta propuesta de calidad ofrecida por una instituci\u00f3n de prestigio como el Palau de Les Arts.<\/p>\n\n\n\n<p>Finalmente y dado que en este principio de temporada se han eliminado los entreactos, trasladar una inquietud respecto de los pr\u00f3ximos t\u00edtulos que llegar\u00e1n, cuya duraci\u00f3n (\u201cLa Cenerentola\u201d\/3 h., \u201cFalstaff\u201d\/2:50 h., \u201cTrist\u00e1n e Isolda\u201d\/4:30 h., \u201cCavalleria Rusticana-Pagliacci\u201d\/3 h.) excede lo que una persona normal, sentada y enmascarada, puede aguantar sin soluci\u00f3n de continuidad&#8230;<\/p>\n","protected":false},"excerpt":{"rendered":"<p>Por el televisor he presenciado en directo la pen\u00faltima representaci\u00f3n de \u201cIl tutore burlato\u201d (Vicente Mart\u00edn y Soler-1774) que ha desembarcado en la Temporada 2020\/21 del Palau de Les Arts tras una gira por m\u00e1s de veinte localidades de la Comunidad Valenciana a lomos del cami\u00f3n de Les Arts Volant que, como dice la promoci\u00f3n, &hellip; <\/p>\n<p class=\"link-more\"><a href=\"https:\/\/www.alonso-businesscoaching.es\/blog\/21-11-2020\/il-tutore-burlato-por-el-televisor-y-volant\/\" class=\"more-link\">Continuar leyendo<span class=\"screen-reader-text\"> &#8220;&#8220;Il tutore burlato&#8221;&#8230; por el televisor y Volant&#8221;<\/span><\/a><\/p>\n","protected":false},"author":2,"featured_media":0,"comment_status":"open","ping_status":"open","sticky":false,"template":"","format":"standard","meta":{"om_disable_all_campaigns":false,"_monsterinsights_skip_tracking":false,"_monsterinsights_sitenote_active":false,"_monsterinsights_sitenote_note":"","_monsterinsights_sitenote_category":0,"_s2mail":"","_uf_show_specific_survey":0,"_uf_disable_surveys":false,"jetpack_post_was_ever_published":false,"_jetpack_newsletter_access":"","_jetpack_dont_email_post_to_subs":false,"_jetpack_newsletter_tier_id":0,"_jetpack_memberships_contains_paywalled_content":false,"_jetpack_memberships_contains_paid_content":false,"footnotes":"","jetpack_publicize_message":"","jetpack_publicize_feature_enabled":true,"jetpack_social_post_already_shared":true,"jetpack_social_options":{"image_generator_settings":{"template":"highway","default_image_id":0,"font":"","enabled":false},"version":2}},"categories":[26],"tags":[44],"class_list":["post-20511","post","type-post","status-publish","format-standard","hentry","category-music-tiones","tag-musica"],"aioseo_notices":[],"jetpack_publicize_connections":[],"jetpack_featured_media_url":"","jetpack_shortlink":"https:\/\/wp.me\/p5YpnT-5kP","jetpack_likes_enabled":true,"jetpack-related-posts":[{"id":20003,"url":"https:\/\/www.alonso-businesscoaching.es\/blog\/08-07-2020\/mi-recomendacion-musical-de-los-palaus\/","url_meta":{"origin":20511,"position":0},"title":"Mi recomendaci\u00f3n musical de los Palaus&#8230;","author":"Antonio J. Alonso Sampedro","date":"08\/07\/2020","format":false,"excerpt":"Vaya por delante que cualquier concierto u \u00f3pera, por muy santificados que sus intervinientes (obras, compositores, instrumentistas, cantantes, directores, escen\u00f3grafos, etc.) puedan estar, siempre ser\u00e1n susceptibles de no corresponder a las expectativas generadas, pues esa es la magia del arte musical, que otorga al azar la potestad de reinar. No\u2026","rel":"","context":"En \u00abMusic-tiones\u00bb","block_context":{"text":"Music-tiones","link":"https:\/\/www.alonso-businesscoaching.es\/blog\/category\/music-tiones\/"},"img":{"alt_text":"","src":"https:\/\/i0.wp.com\/www.alonso-businesscoaching.es\/blog\/wp-content\/uploads\/2020\/07\/Temporada-2020-21-Palau-de-la-M%C3%BAsica.png?resize=350%2C200&ssl=1","width":350,"height":200,"srcset":"https:\/\/i0.wp.com\/www.alonso-businesscoaching.es\/blog\/wp-content\/uploads\/2020\/07\/Temporada-2020-21-Palau-de-la-M%C3%BAsica.png?resize=350%2C200&ssl=1 1x, https:\/\/i0.wp.com\/www.alonso-businesscoaching.es\/blog\/wp-content\/uploads\/2020\/07\/Temporada-2020-21-Palau-de-la-M%C3%BAsica.png?resize=525%2C300&ssl=1 1.5x, https:\/\/i0.wp.com\/www.alonso-businesscoaching.es\/blog\/wp-content\/uploads\/2020\/07\/Temporada-2020-21-Palau-de-la-M%C3%BAsica.png?resize=700%2C400&ssl=1 2x"},"classes":[]},{"id":2803,"url":"https:\/\/www.alonso-businesscoaching.es\/blog\/17-03-2012\/re-flexiones-260\/","url_meta":{"origin":20511,"position":1},"title":"Re-flexiones\u2026 260","author":"Antonio J. Alonso Sampedro","date":"17\/03\/2012","format":false,"excerpt":"\u201cDonde funciona un televisor, seguro que hay alguien que no est\u00e1 leyendo\u201d John Irving","rel":"","context":"En \u00abRe-flexiones\/generales\u00bb","block_context":{"text":"Re-flexiones\/generales","link":"https:\/\/www.alonso-businesscoaching.es\/blog\/category\/re-flexiones-generales\/"},"img":{"alt_text":"","src":"","width":0,"height":0},"classes":[]},{"id":20837,"url":"https:\/\/www.alonso-businesscoaching.es\/blog\/19-01-2021\/pinchazo-de-gergiev-de-calatrava-o-de-mi-audicion\/","url_meta":{"origin":20511,"position":2},"title":"\u00bfPinchazo de Gergiev, de Calatrava o de mi audici\u00f3n&#8230;?","author":"Antonio J. Alonso Sampedro","date":"19\/01\/2021","format":false,"excerpt":"Ayer nos visit\u00f3, una vez m\u00e1s, la maquinaria infalible de la Orquesta del Teatro Mariinsky de San Petersburgo (en versi\u00f3n reducida, aunque en la potencia del sonido no se not\u00f3) con Valery Gergiev al todopoderoso mando. El concierto lo program\u00f3 el Palau de la M\u00fasica de Valencia y fue ubicado\u2026","rel":"","context":"En \u00abMusic-tiones\u00bb","block_context":{"text":"Music-tiones","link":"https:\/\/www.alonso-businesscoaching.es\/blog\/category\/music-tiones\/"},"img":{"alt_text":"","src":"https:\/\/i0.wp.com\/www.alonso-businesscoaching.es\/blog\/wp-content\/uploads\/2021\/01\/20210118_184035-scaled.jpg?resize=350%2C200&ssl=1","width":350,"height":200,"srcset":"https:\/\/i0.wp.com\/www.alonso-businesscoaching.es\/blog\/wp-content\/uploads\/2021\/01\/20210118_184035-scaled.jpg?resize=350%2C200&ssl=1 1x, https:\/\/i0.wp.com\/www.alonso-businesscoaching.es\/blog\/wp-content\/uploads\/2021\/01\/20210118_184035-scaled.jpg?resize=525%2C300&ssl=1 1.5x, https:\/\/i0.wp.com\/www.alonso-businesscoaching.es\/blog\/wp-content\/uploads\/2021\/01\/20210118_184035-scaled.jpg?resize=700%2C400&ssl=1 2x, https:\/\/i0.wp.com\/www.alonso-businesscoaching.es\/blog\/wp-content\/uploads\/2021\/01\/20210118_184035-scaled.jpg?resize=1050%2C600&ssl=1 3x, https:\/\/i0.wp.com\/www.alonso-businesscoaching.es\/blog\/wp-content\/uploads\/2021\/01\/20210118_184035-scaled.jpg?resize=1400%2C800&ssl=1 4x"},"classes":[]},{"id":19609,"url":"https:\/\/www.alonso-businesscoaching.es\/blog\/13-04-2020\/es-la-opera-un-bien-de-primera-necesidad\/","url_meta":{"origin":20511,"position":3},"title":"\u00bfEs la \u00d3pera un bien de primera necesidad&#8230;?","author":"Antonio J. Alonso Sampedro","date":"13\/04\/2020","format":false,"excerpt":"Desgraciadamente, solo cuando cambiamos de lugar aparecen motivos para dudar. La continuidad no propicia la discusi\u00f3n, lo que lleva a la inmovilidad. Una de las preguntas que me asaltan en estos corona-momentos en los que la vida parece estar centrifugando su cotidianidad, se refiere a si la \u00d3pera es un\u2026","rel":"","context":"En \u00abMusic-tiones\u00bb","block_context":{"text":"Music-tiones","link":"https:\/\/www.alonso-businesscoaching.es\/blog\/category\/music-tiones\/"},"img":{"alt_text":"","src":"https:\/\/i0.wp.com\/www.alonso-businesscoaching.es\/blog\/wp-content\/uploads\/2020\/04\/El-anillo-del-Nibelungo.png?resize=350%2C200&ssl=1","width":350,"height":200,"srcset":"https:\/\/i0.wp.com\/www.alonso-businesscoaching.es\/blog\/wp-content\/uploads\/2020\/04\/El-anillo-del-Nibelungo.png?resize=350%2C200&ssl=1 1x, https:\/\/i0.wp.com\/www.alonso-businesscoaching.es\/blog\/wp-content\/uploads\/2020\/04\/El-anillo-del-Nibelungo.png?resize=525%2C300&ssl=1 1.5x, https:\/\/i0.wp.com\/www.alonso-businesscoaching.es\/blog\/wp-content\/uploads\/2020\/04\/El-anillo-del-Nibelungo.png?resize=700%2C400&ssl=1 2x"},"classes":[]},{"id":3242,"url":"https:\/\/www.alonso-businesscoaching.es\/blog\/15-03-2009\/tomar-decisiones\/","url_meta":{"origin":20511,"position":4},"title":"\u00a1Tomar decisiones!","author":"Antonio J. Alonso Sampedro","date":"15\/03\/2009","format":false,"excerpt":"Primera situaci\u00f3n: es domingo y terminas de comer. Casi sin saber el por qu\u00e9, te diriges autom\u00e1ticamente al sof\u00e1 y enciendes el televisor. Luego, miras la hora y ya son la 8. \u00a1Maldita sea!, he perdido toda la tarde. Segunda situaci\u00f3n: es domingo y terminas de comer. La semana laboral\u2026","rel":"","context":"En \u00abCoach-tiones\u00bb","block_context":{"text":"Coach-tiones","link":"https:\/\/www.alonso-businesscoaching.es\/blog\/category\/coach-tiones\/"},"img":{"alt_text":"","src":"https:\/\/i0.wp.com\/www.alonso-businesscoaching.es\/blog\/wp-content\/uploads\/2009\/03\/Tomar-decisiones.jpg?resize=350%2C200&ssl=1","width":350,"height":200,"srcset":"https:\/\/i0.wp.com\/www.alonso-businesscoaching.es\/blog\/wp-content\/uploads\/2009\/03\/Tomar-decisiones.jpg?resize=350%2C200&ssl=1 1x, https:\/\/i0.wp.com\/www.alonso-businesscoaching.es\/blog\/wp-content\/uploads\/2009\/03\/Tomar-decisiones.jpg?resize=525%2C300&ssl=1 1.5x, https:\/\/i0.wp.com\/www.alonso-businesscoaching.es\/blog\/wp-content\/uploads\/2009\/03\/Tomar-decisiones.jpg?resize=700%2C400&ssl=1 2x"},"classes":[]},{"id":27618,"url":"https:\/\/www.alonso-businesscoaching.es\/blog\/10-11-2024\/el-contagio-de-un-emocional-virus-que-depende-de-la-television\/","url_meta":{"origin":20511,"position":5},"title":"El &#8220;Contagio&#8221;&#8230; de un emocional virus que depende de la televisi\u00f3n","author":"Antonio J. Alonso Sampedro","date":"10\/11\/2024","format":false,"excerpt":"Hay un virus que se transmite por la vista y el o\u00eddo, es el m\u00e1s contagioso y su vacunaci\u00f3n depende de los medios de comunicaci\u00f3n. Afecta en especial a los humanos, casi sin excepci\u00f3n y sus consecuencias son tan imprevisibles como alejadas de la raz\u00f3n. Para el portador puede llegar\u2026","rel":"","context":"En \u00abDana-tiones-2024\u00bb","block_context":{"text":"Dana-tiones-2024","link":"https:\/\/www.alonso-businesscoaching.es\/blog\/category\/dana-tiones-2024\/"},"img":{"alt_text":"","src":"https:\/\/i0.wp.com\/www.alonso-businesscoaching.es\/blog\/wp-content\/uploads\/2024\/11\/Contagio-Dana-24.jpg?resize=350%2C200&ssl=1","width":350,"height":200,"srcset":"https:\/\/i0.wp.com\/www.alonso-businesscoaching.es\/blog\/wp-content\/uploads\/2024\/11\/Contagio-Dana-24.jpg?resize=350%2C200&ssl=1 1x, https:\/\/i0.wp.com\/www.alonso-businesscoaching.es\/blog\/wp-content\/uploads\/2024\/11\/Contagio-Dana-24.jpg?resize=525%2C300&ssl=1 1.5x, https:\/\/i0.wp.com\/www.alonso-businesscoaching.es\/blog\/wp-content\/uploads\/2024\/11\/Contagio-Dana-24.jpg?resize=700%2C400&ssl=1 2x"},"classes":[]}],"jetpack_sharing_enabled":true,"_links":{"self":[{"href":"https:\/\/www.alonso-businesscoaching.es\/blog\/wp-json\/wp\/v2\/posts\/20511","targetHints":{"allow":["GET"]}}],"collection":[{"href":"https:\/\/www.alonso-businesscoaching.es\/blog\/wp-json\/wp\/v2\/posts"}],"about":[{"href":"https:\/\/www.alonso-businesscoaching.es\/blog\/wp-json\/wp\/v2\/types\/post"}],"author":[{"embeddable":true,"href":"https:\/\/www.alonso-businesscoaching.es\/blog\/wp-json\/wp\/v2\/users\/2"}],"replies":[{"embeddable":true,"href":"https:\/\/www.alonso-businesscoaching.es\/blog\/wp-json\/wp\/v2\/comments?post=20511"}],"version-history":[{"count":7,"href":"https:\/\/www.alonso-businesscoaching.es\/blog\/wp-json\/wp\/v2\/posts\/20511\/revisions"}],"predecessor-version":[{"id":20536,"href":"https:\/\/www.alonso-businesscoaching.es\/blog\/wp-json\/wp\/v2\/posts\/20511\/revisions\/20536"}],"wp:attachment":[{"href":"https:\/\/www.alonso-businesscoaching.es\/blog\/wp-json\/wp\/v2\/media?parent=20511"}],"wp:term":[{"taxonomy":"category","embeddable":true,"href":"https:\/\/www.alonso-businesscoaching.es\/blog\/wp-json\/wp\/v2\/categories?post=20511"},{"taxonomy":"post_tag","embeddable":true,"href":"https:\/\/www.alonso-businesscoaching.es\/blog\/wp-json\/wp\/v2\/tags?post=20511"}],"curies":[{"name":"wp","href":"https:\/\/api.w.org\/{rel}","templated":true}]}}