{"id":22599,"date":"2022-04-22T18:37:56","date_gmt":"2022-04-22T16:37:56","guid":{"rendered":"https:\/\/www.alonso-businesscoaching.es\/blog\/?p=22599"},"modified":"2022-04-24T18:06:48","modified_gmt":"2022-04-24T16:06:48","slug":"la-paradojica-sinfonia-leningrado-en-el-teatro-principal","status":"publish","type":"post","link":"https:\/\/www.alonso-businesscoaching.es\/blog\/22-04-2022\/la-paradojica-sinfonia-leningrado-en-el-teatro-principal\/","title":{"rendered":"La parad\u00f3jica Sinfon\u00eda &#8220;Leningrado&#8221; en el Teatro Principal"},"content":{"rendered":"\n<figure class=\"wp-block-image size-large\"><a href=\"https:\/\/www.palauvalencia.com\/evento\/orquesta-de-valencia-10\/\" target=\"_blank\" rel=\"noopener\"><img data-recalc-dims=\"1\" loading=\"lazy\" decoding=\"async\" width=\"525\" height=\"700\" data-attachment-id=\"22600\" data-permalink=\"https:\/\/www.alonso-businesscoaching.es\/blog\/22-04-2022\/la-paradojica-sinfonia-leningrado-en-el-teatro-principal\/20220421_191140\/\" data-orig-file=\"https:\/\/i0.wp.com\/www.alonso-businesscoaching.es\/blog\/wp-content\/uploads\/2022\/04\/20220421_191140-scaled-e1650643996188.jpg?fit=1920%2C2560&amp;ssl=1\" data-orig-size=\"1920,2560\" data-comments-opened=\"1\" data-image-meta=\"{&quot;aperture&quot;:&quot;1.79&quot;,&quot;credit&quot;:&quot;&quot;,&quot;camera&quot;:&quot;SM-A226B&quot;,&quot;caption&quot;:&quot;&quot;,&quot;created_timestamp&quot;:&quot;1650568300&quot;,&quot;copyright&quot;:&quot;&quot;,&quot;focal_length&quot;:&quot;4.71&quot;,&quot;iso&quot;:&quot;749&quot;,&quot;shutter_speed&quot;:&quot;0.03&quot;,&quot;title&quot;:&quot;&quot;,&quot;orientation&quot;:&quot;1&quot;}\" data-image-title=\"20220421_191140\" data-image-description=\"\" data-image-caption=\"\" data-large-file=\"https:\/\/i0.wp.com\/www.alonso-businesscoaching.es\/blog\/wp-content\/uploads\/2022\/04\/20220421_191140-scaled-e1650643996188.jpg?fit=525%2C700&amp;ssl=1\" src=\"https:\/\/i0.wp.com\/www.alonso-businesscoaching.es\/blog\/wp-content\/uploads\/2022\/04\/20220421_191140-scaled-e1650643996188-1500x2000.jpg?resize=525%2C700&#038;ssl=1\" alt=\"\" class=\"wp-image-22600\" srcset=\"https:\/\/i0.wp.com\/www.alonso-businesscoaching.es\/blog\/wp-content\/uploads\/2022\/04\/20220421_191140-scaled-e1650643996188.jpg?resize=1500%2C2000&amp;ssl=1 1500w, https:\/\/i0.wp.com\/www.alonso-businesscoaching.es\/blog\/wp-content\/uploads\/2022\/04\/20220421_191140-scaled-e1650643996188.jpg?resize=225%2C300&amp;ssl=1 225w, https:\/\/i0.wp.com\/www.alonso-businesscoaching.es\/blog\/wp-content\/uploads\/2022\/04\/20220421_191140-scaled-e1650643996188.jpg?resize=768%2C1024&amp;ssl=1 768w, https:\/\/i0.wp.com\/www.alonso-businesscoaching.es\/blog\/wp-content\/uploads\/2022\/04\/20220421_191140-scaled-e1650643996188.jpg?resize=1152%2C1536&amp;ssl=1 1152w, https:\/\/i0.wp.com\/www.alonso-businesscoaching.es\/blog\/wp-content\/uploads\/2022\/04\/20220421_191140-scaled-e1650643996188.jpg?resize=1536%2C2048&amp;ssl=1 1536w, https:\/\/i0.wp.com\/www.alonso-businesscoaching.es\/blog\/wp-content\/uploads\/2022\/04\/20220421_191140-scaled-e1650643996188.jpg?w=1920&amp;ssl=1 1920w, https:\/\/i0.wp.com\/www.alonso-businesscoaching.es\/blog\/wp-content\/uploads\/2022\/04\/20220421_191140-scaled-e1650643996188.jpg?w=1050&amp;ssl=1 1050w\" sizes=\"auto, (max-width: 767px) 89vw, (max-width: 1000px) 54vw, (max-width: 1071px) 543px, 580px\" \/><\/a><\/figure>\n\n\n\n<p>Cuando el oto\u00f1o pasado planifiqu\u00e9 mi temporada musical, no eleg\u00ed el Concierto 18 de Abono del Palau de la M\u00fasica de Valencia que se celebrar\u00eda el 21\/04\/22 y dirigir\u00eda la coreana Shiyeon Sung a la Orquesta de Valencia en el Teatro Principal. En el atractivo programa (adem\u00e1s del conocido Preludio de \u201cLa Revoltosa\u201d de R. Chap\u00ed-1897 y el famos\u00edsimo Concierto n\u00ba1 para viol\u00edn de M. Bruch-1866) destacaba la ic\u00f3nica Sinfon\u00eda n\u00ba7 \u201cLeningrado\u201d (D. Shostak\u00f3vich-1942), cuya interpretaci\u00f3n estaba seguro no se podr\u00eda ni acercar a la hist\u00f3rica que nos ofreci\u00f3 en 2018 la Orquesta Sinf\u00f3nica del Teatro Mariinski de San Petersburgo con su mandam\u00e1s, Valery Gergiev y que en su momento as\u00ed vine a calificar:<\/p>\n\n\n\n<p>\u201cLa interpretaci\u00f3n, monumental, quedar\u00e1 en los anales del Palau como un hito dif\u00edcil de superar. A la mitolog\u00eda de la S\u00e9ptima del maestro Shostak\u00f3vich (con su estreno en pleno asedio de las tropas nazis sobre Leningrado y los fam\u00e9licos m\u00fasicos rusos sin fuerzas para soplar), se un\u00eda el prestigio de la orquesta m\u00e1s famosa de esa ciudad y su director, el gran Gergiev, capaz de dominar casi doscientos profesores (participaba tambi\u00e9n la Orquesta de Valencia) con solo el personal aleteo de sus manos y su \u201cmondadientes\u201d a modo de discreta batuta, pero con un poder imperial. El crescendo del hipn\u00f3tico tema principal del primer movimiento, que Shostak\u00f3vich orquest\u00f3 a la manera del bolero de Ravel (caja militar incluida), fue descomunal, desde el pian\u00edsimo inicial hasta una masclet\u00e1 final que certifica la calidad del hormig\u00f3n con el que fue construido el Palau. Hay momentos en los que est\u00e1n justificados los decibelios para expresar un pensamiento musical y este era uno de los que no se pueden criticar\u201d.<\/p>\n\n\n\n<p>Pero ayer (mismo d\u00eda del concierto) me decid\u00ed a comprar una entrada por un motivo extramusical, propiciado por la casualidad de una programaci\u00f3n que en su momento (quiz\u00e1s un par de a\u00f1os atr\u00e1s) no pod\u00eda sospechar que la \u201cLeningrado\u201d coincidir\u00eda con un escenario b\u00e9lico similar al que propici\u00f3 su composici\u00f3n, aunque con opuesto signo militar: es ahora Rusia quien protagoniza una invasi\u00f3n y asedia a una ciudad, Mari\u00fapol, que con su nombre bien se podr\u00eda retitular esta sinfon\u00eda que denuncia lo que nunca nadie podr\u00e1 justificar.<\/p>\n\n\n\n<p>En 2018, al escuchar la S\u00e9ptima de Shostak\u00f3vich fue inevitable empatizar con el sufrimiento de un inocente pueblo ruso ante los bombardeos del maligno ejercito alem\u00e1n. Ejercito alem\u00e1n que ahora bendecimos mientras al pueblo ruso venimos a demonizar. \u00bfQui\u00e9n son los verdaderos responsables de esta o aquella atrocidad&#8230;? \u00bfLos pueblos, los ej\u00e9rcitos o quienes les vienen a gobernar\u2026?<\/p>\n\n\n\n<p>La escasa calidad interpretativa del concierto me reafirm\u00f3 en mi decisi\u00f3n inicial y as\u00ed, me dediqu\u00e9 a reflexionar sobre la \u201cLeningrado\u201d y su significaci\u00f3n actual&#8230;<\/p>\n\n\n\n<figure class=\"wp-block-image size-large\"><img data-recalc-dims=\"1\" loading=\"lazy\" decoding=\"async\" width=\"525\" height=\"394\" data-attachment-id=\"22601\" data-permalink=\"https:\/\/www.alonso-businesscoaching.es\/blog\/22-04-2022\/la-paradojica-sinfonia-leningrado-en-el-teatro-principal\/20220421_214532\/\" data-orig-file=\"https:\/\/i0.wp.com\/www.alonso-businesscoaching.es\/blog\/wp-content\/uploads\/2022\/04\/20220421_214532-scaled.jpg?fit=2560%2C1920&amp;ssl=1\" data-orig-size=\"2560,1920\" data-comments-opened=\"1\" data-image-meta=\"{&quot;aperture&quot;:&quot;1.79&quot;,&quot;credit&quot;:&quot;&quot;,&quot;camera&quot;:&quot;SM-A226B&quot;,&quot;caption&quot;:&quot;&quot;,&quot;created_timestamp&quot;:&quot;1650577532&quot;,&quot;copyright&quot;:&quot;&quot;,&quot;focal_length&quot;:&quot;4.71&quot;,&quot;iso&quot;:&quot;2865&quot;,&quot;shutter_speed&quot;:&quot;0.069&quot;,&quot;title&quot;:&quot;&quot;,&quot;orientation&quot;:&quot;1&quot;}\" data-image-title=\"20220421_214532\" data-image-description=\"\" data-image-caption=\"\" data-large-file=\"https:\/\/i0.wp.com\/www.alonso-businesscoaching.es\/blog\/wp-content\/uploads\/2022\/04\/20220421_214532-scaled.jpg?fit=525%2C394&amp;ssl=1\" src=\"https:\/\/i0.wp.com\/www.alonso-businesscoaching.es\/blog\/wp-content\/uploads\/2022\/04\/20220421_214532.jpg?resize=525%2C394&#038;ssl=1\" alt=\"\" class=\"wp-image-22601\" srcset=\"https:\/\/i0.wp.com\/www.alonso-businesscoaching.es\/blog\/wp-content\/uploads\/2022\/04\/20220421_214532-scaled.jpg?resize=2000%2C1500&amp;ssl=1 2000w, https:\/\/i0.wp.com\/www.alonso-businesscoaching.es\/blog\/wp-content\/uploads\/2022\/04\/20220421_214532-scaled.jpg?resize=300%2C225&amp;ssl=1 300w, https:\/\/i0.wp.com\/www.alonso-businesscoaching.es\/blog\/wp-content\/uploads\/2022\/04\/20220421_214532-scaled.jpg?resize=768%2C576&amp;ssl=1 768w, https:\/\/i0.wp.com\/www.alonso-businesscoaching.es\/blog\/wp-content\/uploads\/2022\/04\/20220421_214532-scaled.jpg?resize=1536%2C1152&amp;ssl=1 1536w, https:\/\/i0.wp.com\/www.alonso-businesscoaching.es\/blog\/wp-content\/uploads\/2022\/04\/20220421_214532-scaled.jpg?resize=2048%2C1536&amp;ssl=1 2048w, https:\/\/i0.wp.com\/www.alonso-businesscoaching.es\/blog\/wp-content\/uploads\/2022\/04\/20220421_214532-scaled.jpg?w=1050&amp;ssl=1 1050w\" sizes=\"auto, (max-width: 767px) 89vw, (max-width: 1000px) 54vw, (max-width: 1071px) 543px, 580px\" \/><\/figure>\n","protected":false},"excerpt":{"rendered":"<p>Cuando el oto\u00f1o pasado planifiqu\u00e9 mi temporada musical, no eleg\u00ed el Concierto 18 de Abono del Palau de la M\u00fasica de Valencia que se celebrar\u00eda el 21\/04\/22 y dirigir\u00eda la coreana Shiyeon Sung a la Orquesta de Valencia en el Teatro Principal. En el atractivo programa (adem\u00e1s del conocido Preludio de \u201cLa Revoltosa\u201d de R. &hellip; <\/p>\n<p class=\"link-more\"><a href=\"https:\/\/www.alonso-businesscoaching.es\/blog\/22-04-2022\/la-paradojica-sinfonia-leningrado-en-el-teatro-principal\/\" class=\"more-link\">Continuar leyendo<span class=\"screen-reader-text\"> &#8220;La parad\u00f3jica Sinfon\u00eda &#8220;Leningrado&#8221; en el Teatro Principal&#8221;<\/span><\/a><\/p>\n","protected":false},"author":2,"featured_media":0,"comment_status":"open","ping_status":"open","sticky":false,"template":"","format":"standard","meta":{"om_disable_all_campaigns":false,"_monsterinsights_skip_tracking":false,"_monsterinsights_sitenote_active":false,"_monsterinsights_sitenote_note":"","_monsterinsights_sitenote_category":0,"_s2mail":"yes","_uf_show_specific_survey":0,"_uf_disable_surveys":false,"jetpack_post_was_ever_published":false,"_jetpack_newsletter_access":"","_jetpack_dont_email_post_to_subs":false,"_jetpack_newsletter_tier_id":0,"_jetpack_memberships_contains_paywalled_content":false,"_jetpack_memberships_contains_paid_content":false,"footnotes":"","jetpack_publicize_message":"","jetpack_publicize_feature_enabled":true,"jetpack_social_post_already_shared":true,"jetpack_social_options":{"image_generator_settings":{"template":"highway","default_image_id":0,"font":"","enabled":false},"version":2}},"categories":[26],"tags":[44],"class_list":["post-22599","post","type-post","status-publish","format-standard","hentry","category-music-tiones","tag-musica"],"aioseo_notices":[],"jetpack_publicize_connections":[],"jetpack_featured_media_url":"","jetpack_shortlink":"https:\/\/wp.me\/p5YpnT-5Sv","jetpack_likes_enabled":true,"jetpack-related-posts":[{"id":20837,"url":"https:\/\/www.alonso-businesscoaching.es\/blog\/19-01-2021\/pinchazo-de-gergiev-de-calatrava-o-de-mi-audicion\/","url_meta":{"origin":22599,"position":0},"title":"\u00bfPinchazo de Gergiev, de Calatrava o de mi audici\u00f3n&#8230;?","author":"Antonio J. Alonso Sampedro","date":"19\/01\/2021","format":false,"excerpt":"Ayer nos visit\u00f3, una vez m\u00e1s, la maquinaria infalible de la Orquesta del Teatro Mariinsky de San Petersburgo (en versi\u00f3n reducida, aunque en la potencia del sonido no se not\u00f3) con Valery Gergiev al todopoderoso mando. El concierto lo program\u00f3 el Palau de la M\u00fasica de Valencia y fue ubicado\u2026","rel":"","context":"En \u00abMusic-tiones\u00bb","block_context":{"text":"Music-tiones","link":"https:\/\/www.alonso-businesscoaching.es\/blog\/category\/music-tiones\/"},"img":{"alt_text":"","src":"https:\/\/i0.wp.com\/www.alonso-businesscoaching.es\/blog\/wp-content\/uploads\/2021\/01\/20210118_184035-scaled.jpg?resize=350%2C200&ssl=1","width":350,"height":200,"srcset":"https:\/\/i0.wp.com\/www.alonso-businesscoaching.es\/blog\/wp-content\/uploads\/2021\/01\/20210118_184035-scaled.jpg?resize=350%2C200&ssl=1 1x, https:\/\/i0.wp.com\/www.alonso-businesscoaching.es\/blog\/wp-content\/uploads\/2021\/01\/20210118_184035-scaled.jpg?resize=525%2C300&ssl=1 1.5x, https:\/\/i0.wp.com\/www.alonso-businesscoaching.es\/blog\/wp-content\/uploads\/2021\/01\/20210118_184035-scaled.jpg?resize=700%2C400&ssl=1 2x, https:\/\/i0.wp.com\/www.alonso-businesscoaching.es\/blog\/wp-content\/uploads\/2021\/01\/20210118_184035-scaled.jpg?resize=1050%2C600&ssl=1 3x, https:\/\/i0.wp.com\/www.alonso-businesscoaching.es\/blog\/wp-content\/uploads\/2021\/01\/20210118_184035-scaled.jpg?resize=1400%2C800&ssl=1 4x"},"classes":[]},{"id":30835,"url":"https:\/\/www.alonso-businesscoaching.es\/blog\/21-02-2026\/london-symphony-orchestra-g-noseda-palau-musica-valencia-20-02-2026\/","url_meta":{"origin":22599,"position":1},"title":"London Symphony Orchestra \/ G. Noseda \/ Palau M\u00fasica Valencia \/ 20-02-2026","author":"Antonio J. Alonso Sampedro","date":"21\/02\/2026","format":false,"excerpt":"INTERPRETACI\u00d3N MUSICAL9T\u00c9CNICA INSTRUMENTAL8SONIDO7DIRECCI\u00d3N (Gianandrea Noseda)8SOLISTA DE PIANO (Seong-Jin Cho)9PROGRAMA-\"El beso del hada\" (I. Stravinski-1928), \"Concierto para piano y orquesta n.\u00ba 2\" (F. Chopin-1830), \"Sinfon\u00eda n.\u00ba 2\" (A. Borod\u00edn-1877)8RESPUESTA DEL P\u00daBLICO8VALORACI\u00d3N GENERAL8,1","rel":"","context":"En \u00abMusic-tiones\u00bb","block_context":{"text":"Music-tiones","link":"https:\/\/www.alonso-businesscoaching.es\/blog\/category\/music-tiones\/"},"img":{"alt_text":"","src":"https:\/\/i0.wp.com\/www.alonso-businesscoaching.es\/blog\/wp-content\/uploads\/2026\/02\/LSO-Noseda-final.jpg?resize=350%2C200&ssl=1","width":350,"height":200,"srcset":"https:\/\/i0.wp.com\/www.alonso-businesscoaching.es\/blog\/wp-content\/uploads\/2026\/02\/LSO-Noseda-final.jpg?resize=350%2C200&ssl=1 1x, https:\/\/i0.wp.com\/www.alonso-businesscoaching.es\/blog\/wp-content\/uploads\/2026\/02\/LSO-Noseda-final.jpg?resize=525%2C300&ssl=1 1.5x, https:\/\/i0.wp.com\/www.alonso-businesscoaching.es\/blog\/wp-content\/uploads\/2026\/02\/LSO-Noseda-final.jpg?resize=700%2C400&ssl=1 2x, https:\/\/i0.wp.com\/www.alonso-businesscoaching.es\/blog\/wp-content\/uploads\/2026\/02\/LSO-Noseda-final.jpg?resize=1050%2C600&ssl=1 3x, https:\/\/i0.wp.com\/www.alonso-businesscoaching.es\/blog\/wp-content\/uploads\/2026\/02\/LSO-Noseda-final.jpg?resize=1400%2C800&ssl=1 4x"},"classes":[]},{"id":23477,"url":"https:\/\/www.alonso-businesscoaching.es\/blog\/20-10-2022\/pires-abre-la-temporada-del-palau-de-la-musica-de-valencia\/","url_meta":{"origin":22599,"position":2},"title":"Pires abre la temporada del Palau de la M\u00fasica de Valencia","author":"Antonio J. Alonso Sampedro","date":"20\/10\/2022","format":false,"excerpt":"Buena entrada, pero el Teatro Principal, aun con su limitado aforo, no se llen\u00f3\u2026 Cuando en 1987 se inaugur\u00f3 el Palau de la M\u00fasica de Valencia, yo entonces era uno de sus m\u00e1s j\u00f3venes visitantes y hoy sigue siendo igual. Esta sorprendente paradoja temporal no augura buenos tiempos futuros para\u2026","rel":"","context":"En \u00abMusic-tiones\u00bb","block_context":{"text":"Music-tiones","link":"https:\/\/www.alonso-businesscoaching.es\/blog\/category\/music-tiones\/"},"img":{"alt_text":"","src":"https:\/\/i0.wp.com\/www.alonso-businesscoaching.es\/blog\/wp-content\/uploads\/2022\/10\/IMG-20221019-WA0000.jpg?resize=350%2C200&ssl=1","width":350,"height":200,"srcset":"https:\/\/i0.wp.com\/www.alonso-businesscoaching.es\/blog\/wp-content\/uploads\/2022\/10\/IMG-20221019-WA0000.jpg?resize=350%2C200&ssl=1 1x, https:\/\/i0.wp.com\/www.alonso-businesscoaching.es\/blog\/wp-content\/uploads\/2022\/10\/IMG-20221019-WA0000.jpg?resize=525%2C300&ssl=1 1.5x, https:\/\/i0.wp.com\/www.alonso-businesscoaching.es\/blog\/wp-content\/uploads\/2022\/10\/IMG-20221019-WA0000.jpg?resize=700%2C400&ssl=1 2x, https:\/\/i0.wp.com\/www.alonso-businesscoaching.es\/blog\/wp-content\/uploads\/2022\/10\/IMG-20221019-WA0000.jpg?resize=1050%2C600&ssl=1 3x, https:\/\/i0.wp.com\/www.alonso-businesscoaching.es\/blog\/wp-content\/uploads\/2022\/10\/IMG-20221019-WA0000.jpg?resize=1400%2C800&ssl=1 4x"},"classes":[]},{"id":25421,"url":"https:\/\/www.alonso-businesscoaching.es\/blog\/01-11-2023\/orquesta-de-la-radio-de-berlin-y-jurowski-oir-no-es-escuchar\/","url_meta":{"origin":22599,"position":3},"title":"Orquesta de la Radio de Berl\u00edn y Jurowski: o\u00edr no es escuchar","author":"Antonio J. Alonso Sampedro","date":"01\/11\/2023","format":false,"excerpt":"Tras cuatro a\u00f1os de interminables obras, al fin he vuelto a mi a\u00f1orado Palau de la M\u00fasica de Valencia, sala de conciertos que llen\u00f3 mi juventud de incipientes emociones prolongadas hasta la actualidad. La m\u00fasica que se llama \u201ccl\u00e1sica\u201d, pero que deber\u00eda tener otra denominaci\u00f3n m\u00e1s particular, revela hasta donde\u2026","rel":"","context":"En \u00abMusic-tiones\u00bb","block_context":{"text":"Music-tiones","link":"https:\/\/www.alonso-businesscoaching.es\/blog\/category\/music-tiones\/"},"img":{"alt_text":"","src":"https:\/\/i0.wp.com\/www.alonso-businesscoaching.es\/blog\/wp-content\/uploads\/2023\/11\/20231031_191644-rotated.jpg?resize=350%2C200&ssl=1","width":350,"height":200,"srcset":"https:\/\/i0.wp.com\/www.alonso-businesscoaching.es\/blog\/wp-content\/uploads\/2023\/11\/20231031_191644-rotated.jpg?resize=350%2C200&ssl=1 1x, https:\/\/i0.wp.com\/www.alonso-businesscoaching.es\/blog\/wp-content\/uploads\/2023\/11\/20231031_191644-rotated.jpg?resize=525%2C300&ssl=1 1.5x, https:\/\/i0.wp.com\/www.alonso-businesscoaching.es\/blog\/wp-content\/uploads\/2023\/11\/20231031_191644-rotated.jpg?resize=700%2C400&ssl=1 2x, https:\/\/i0.wp.com\/www.alonso-businesscoaching.es\/blog\/wp-content\/uploads\/2023\/11\/20231031_191644-rotated.jpg?resize=1050%2C600&ssl=1 3x, https:\/\/i0.wp.com\/www.alonso-businesscoaching.es\/blog\/wp-content\/uploads\/2023\/11\/20231031_191644-rotated.jpg?resize=1400%2C800&ssl=1 4x"},"classes":[]},{"id":25571,"url":"https:\/\/www.alonso-businesscoaching.es\/blog\/28-11-2023\/daniele-gatti-y-la-mahler-chamber-orchestra-en-el-palau-de-la-musica-de-valencia\/","url_meta":{"origin":22599,"position":4},"title":"Daniele Gatti y la Mahler Chamber Orchestra en el Palau de la M\u00fasica de Valencia","author":"Antonio J. Alonso Sampedro","date":"28\/11\/2023","format":false,"excerpt":"En agosto de 2011 asist\u00ed al \u201cParsifal\u201d de mi vida en\u2026 Bayreuth, dirigido por Daniele Gatti, a quien toda mi vida estar\u00e9 agradecido por aquel milagro que varias veces cort\u00f3 mi respiraci\u00f3n. Sal\u00ed desde Espa\u00f1a en moto y por una tonta ca\u00edda en Suiza (al arrancar en un sem\u00e1foro), me\u2026","rel":"","context":"En \u00abMusic-tiones\u00bb","block_context":{"text":"Music-tiones","link":"https:\/\/www.alonso-businesscoaching.es\/blog\/category\/music-tiones\/"},"img":{"alt_text":"","src":"https:\/\/i0.wp.com\/www.alonso-businesscoaching.es\/blog\/wp-content\/uploads\/2024\/01\/Daniele-Gatti-y-Mahler-Chamber-Orchestra.jpg?resize=350%2C200&ssl=1","width":350,"height":200,"srcset":"https:\/\/i0.wp.com\/www.alonso-businesscoaching.es\/blog\/wp-content\/uploads\/2024\/01\/Daniele-Gatti-y-Mahler-Chamber-Orchestra.jpg?resize=350%2C200&ssl=1 1x, https:\/\/i0.wp.com\/www.alonso-businesscoaching.es\/blog\/wp-content\/uploads\/2024\/01\/Daniele-Gatti-y-Mahler-Chamber-Orchestra.jpg?resize=525%2C300&ssl=1 1.5x, https:\/\/i0.wp.com\/www.alonso-businesscoaching.es\/blog\/wp-content\/uploads\/2024\/01\/Daniele-Gatti-y-Mahler-Chamber-Orchestra.jpg?resize=700%2C400&ssl=1 2x"},"classes":[]},{"id":26117,"url":"https:\/\/www.alonso-businesscoaching.es\/blog\/05-03-2024\/una-orquesta-filarmonica-checa-con-resultado-desigual\/","url_meta":{"origin":22599,"position":5},"title":"Una &#8220;Orquesta Filarm\u00f3nica Checa&#8221; con resultado desigual","author":"Antonio J. Alonso Sampedro","date":"05\/03\/2024","format":false,"excerpt":"No lo puedo evitar y como tantos, tambi\u00e9n soy un mit\u00f3mano musical. El irresistible influjo de los \u00e9xitos pasados de orquestas, directores, solistas y cantantes, imantan mi inter\u00e9s por lo que fueron y sin necesidad de que lo sigan siendo, esto \u00faltimo en el caso de las orquestas, cuya vida\u2026","rel":"","context":"En \u00abMusic-tiones\u00bb","block_context":{"text":"Music-tiones","link":"https:\/\/www.alonso-businesscoaching.es\/blog\/category\/music-tiones\/"},"img":{"alt_text":"","src":"https:\/\/i0.wp.com\/www.alonso-businesscoaching.es\/blog\/wp-content\/uploads\/2024\/03\/Orquesta-Filarmonica-Checa-24.jpg?resize=350%2C200&ssl=1","width":350,"height":200,"srcset":"https:\/\/i0.wp.com\/www.alonso-businesscoaching.es\/blog\/wp-content\/uploads\/2024\/03\/Orquesta-Filarmonica-Checa-24.jpg?resize=350%2C200&ssl=1 1x, https:\/\/i0.wp.com\/www.alonso-businesscoaching.es\/blog\/wp-content\/uploads\/2024\/03\/Orquesta-Filarmonica-Checa-24.jpg?resize=525%2C300&ssl=1 1.5x"},"classes":[]}],"jetpack_sharing_enabled":true,"_links":{"self":[{"href":"https:\/\/www.alonso-businesscoaching.es\/blog\/wp-json\/wp\/v2\/posts\/22599","targetHints":{"allow":["GET"]}}],"collection":[{"href":"https:\/\/www.alonso-businesscoaching.es\/blog\/wp-json\/wp\/v2\/posts"}],"about":[{"href":"https:\/\/www.alonso-businesscoaching.es\/blog\/wp-json\/wp\/v2\/types\/post"}],"author":[{"embeddable":true,"href":"https:\/\/www.alonso-businesscoaching.es\/blog\/wp-json\/wp\/v2\/users\/2"}],"replies":[{"embeddable":true,"href":"https:\/\/www.alonso-businesscoaching.es\/blog\/wp-json\/wp\/v2\/comments?post=22599"}],"version-history":[{"count":5,"href":"https:\/\/www.alonso-businesscoaching.es\/blog\/wp-json\/wp\/v2\/posts\/22599\/revisions"}],"predecessor-version":[{"id":22629,"href":"https:\/\/www.alonso-businesscoaching.es\/blog\/wp-json\/wp\/v2\/posts\/22599\/revisions\/22629"}],"wp:attachment":[{"href":"https:\/\/www.alonso-businesscoaching.es\/blog\/wp-json\/wp\/v2\/media?parent=22599"}],"wp:term":[{"taxonomy":"category","embeddable":true,"href":"https:\/\/www.alonso-businesscoaching.es\/blog\/wp-json\/wp\/v2\/categories?post=22599"},{"taxonomy":"post_tag","embeddable":true,"href":"https:\/\/www.alonso-businesscoaching.es\/blog\/wp-json\/wp\/v2\/tags?post=22599"}],"curies":[{"name":"wp","href":"https:\/\/api.w.org\/{rel}","templated":true}]}}