{"id":22988,"date":"2022-07-16T07:00:00","date_gmt":"2022-07-16T05:00:00","guid":{"rendered":"https:\/\/www.alonso-businesscoaching.es\/blog\/?p=22988"},"modified":"2022-06-15T09:52:45","modified_gmt":"2022-06-15T07:52:45","slug":"re-flexiones-3-480-verdad","status":"publish","type":"post","link":"https:\/\/www.alonso-businesscoaching.es\/blog\/16-07-2022\/re-flexiones-3-480-verdad\/","title":{"rendered":"Re-flexiones&#8230; 3.480 (verdad)"},"content":{"rendered":"\n<p class=\"has-text-align-center\"><em>&#8220;S\u00f3lo en soledad se siente la sed de la verdad&#8221;<\/em><\/p>\n\n\n<div class=\"wp-block-image\">\n<figure class=\"aligncenter size-thumbnail is-resized\"><a href=\"https:\/\/es.wikipedia.org\/wiki\/Mar%C3%ADa_Zambrano\" target=\"_blank\" rel=\"noreferrer noopener\"><img loading=\"lazy\" decoding=\"async\" data-attachment-id=\"11576\" data-permalink=\"https:\/\/www.alonso-businesscoaching.es\/blog\/04-03-2016\/re-flexiones-1-255-amar\/maria-zambrano\/\" data-orig-file=\"https:\/\/i0.wp.com\/www.alonso-businesscoaching.es\/blog\/wp-content\/uploads\/2016\/02\/Mar%C3%ADa-Zambrano.jpg?fit=320%2C320&amp;ssl=1\" data-orig-size=\"320,320\" data-comments-opened=\"1\" data-image-meta=\"{&quot;aperture&quot;:&quot;0&quot;,&quot;credit&quot;:&quot;&quot;,&quot;camera&quot;:&quot;&quot;,&quot;caption&quot;:&quot;&quot;,&quot;created_timestamp&quot;:&quot;0&quot;,&quot;copyright&quot;:&quot;&quot;,&quot;focal_length&quot;:&quot;0&quot;,&quot;iso&quot;:&quot;0&quot;,&quot;shutter_speed&quot;:&quot;0&quot;,&quot;title&quot;:&quot;&quot;,&quot;orientation&quot;:&quot;0&quot;}\" data-image-title=\"Mar\u00eda Zambrano\" data-image-description=\"\" data-image-caption=\"\" data-large-file=\"https:\/\/i0.wp.com\/www.alonso-businesscoaching.es\/blog\/wp-content\/uploads\/2016\/02\/Mar%C3%ADa-Zambrano.jpg?fit=320%2C320&amp;ssl=1\" src=\"https:\/\/i0.wp.com\/www.alonso-businesscoaching.es\/blog\/wp-content\/uploads\/2016\/02\/Mar\u00eda-Zambrano.jpg?resize=150%2C150&amp;ssl=1\" alt=\"\" class=\"wp-image-11576\" width=\"150\" height=\"150\" srcset=\"https:\/\/i0.wp.com\/www.alonso-businesscoaching.es\/blog\/wp-content\/uploads\/2016\/02\/Mar%C3%ADa-Zambrano.jpg?w=320&amp;ssl=1 320w, https:\/\/i0.wp.com\/www.alonso-businesscoaching.es\/blog\/wp-content\/uploads\/2016\/02\/Mar%C3%ADa-Zambrano.jpg?resize=150%2C150&amp;ssl=1 150w, https:\/\/i0.wp.com\/www.alonso-businesscoaching.es\/blog\/wp-content\/uploads\/2016\/02\/Mar%C3%ADa-Zambrano.jpg?resize=300%2C300&amp;ssl=1 300w, https:\/\/i0.wp.com\/www.alonso-businesscoaching.es\/blog\/wp-content\/uploads\/2016\/02\/Mar%C3%ADa-Zambrano.jpg?resize=59%2C59&amp;ssl=1 59w, https:\/\/i0.wp.com\/www.alonso-businesscoaching.es\/blog\/wp-content\/uploads\/2016\/02\/Mar%C3%ADa-Zambrano.jpg?resize=144%2C144&amp;ssl=1 144w\" sizes=\"auto, (max-width: 150px) 100vw, 150px\" \/><\/a><\/figure>\n<\/div>\n\n\n<p class=\"has-text-align-center\">Mar\u00eda Zambrano<\/p>\n","protected":false},"excerpt":{"rendered":"<p>&#8220;S\u00f3lo en soledad se siente la sed de la verdad&#8221; Mar\u00eda Zambrano<\/p>\n","protected":false},"author":2,"featured_media":0,"comment_status":"open","ping_status":"open","sticky":false,"template":"","format":"standard","meta":{"om_disable_all_campaigns":false,"_monsterinsights_skip_tracking":false,"_monsterinsights_sitenote_active":false,"_monsterinsights_sitenote_note":"","_monsterinsights_sitenote_category":0,"_s2mail":"yes","_uf_show_specific_survey":0,"_uf_disable_surveys":false,"jetpack_post_was_ever_published":false,"_jetpack_newsletter_access":"","_jetpack_dont_email_post_to_subs":false,"_jetpack_newsletter_tier_id":0,"_jetpack_memberships_contains_paywalled_content":false,"_jetpack_memberships_contains_paid_content":false,"footnotes":"","jetpack_publicize_message":"","jetpack_publicize_feature_enabled":true,"jetpack_social_post_already_shared":true,"jetpack_social_options":{"image_generator_settings":{"template":"highway","default_image_id":0,"font":"","enabled":false},"version":2}},"categories":[75],"tags":[295],"class_list":["post-22988","post","type-post","status-publish","format-standard","hentry","category-re-flexiones-tematicas","tag-verdad"],"aioseo_notices":[],"jetpack_publicize_connections":[],"jetpack_featured_media_url":"","jetpack_shortlink":"https:\/\/wp.me\/p5YpnT-5YM","jetpack_likes_enabled":true,"jetpack-related-posts":[{"id":23009,"url":"https:\/\/www.alonso-businesscoaching.es\/blog\/24-07-2022\/re-flexiones-3-488-verdad\/","url_meta":{"origin":22988,"position":0},"title":"Re-flexiones&#8230; 3.488 (verdad)","author":"Antonio J. Alonso Sampedro","date":"24\/07\/2022","format":false,"excerpt":"\"Las grandes verdades no suelen decirse hablando\" Mar\u00eda Zambrano","rel":"","context":"En \u00abRe-flexiones\/tem\u00e1ticas\u00bb","block_context":{"text":"Re-flexiones\/tem\u00e1ticas","link":"https:\/\/www.alonso-businesscoaching.es\/blog\/category\/re-flexiones-tematicas\/"},"img":{"alt_text":"","src":"https:\/\/i0.wp.com\/www.alonso-businesscoaching.es\/blog\/wp-content\/uploads\/2016\/02\/Mar\u00eda-Zambrano.jpg?resize=350%2C200&ssl=1","width":350,"height":200},"classes":[]},{"id":22568,"url":"https:\/\/www.alonso-businesscoaching.es\/blog\/23-04-2022\/re-flexiones-3-396-verdad\/","url_meta":{"origin":22988,"position":1},"title":"Re-flexiones&#8230; 3.396 (verdad)","author":"Antonio J. Alonso Sampedro","date":"23\/04\/2022","format":false,"excerpt":"\"La libertad de buscar y decir la verdad es un elemento esencial de la comunicaci\u00f3n humana, no s\u00f3lo en relaci\u00f3n con los hechos y la informaci\u00f3n, sino tambi\u00e9n y especialmente sobre la naturaleza y destino de la persona humana, respecto a la sociedad y el bien com\u00fan, respecto a nuestra\u2026","rel":"","context":"En \u00abRe-flexiones\/tem\u00e1ticas\u00bb","block_context":{"text":"Re-flexiones\/tem\u00e1ticas","link":"https:\/\/www.alonso-businesscoaching.es\/blog\/category\/re-flexiones-tematicas\/"},"img":{"alt_text":"","src":"https:\/\/i0.wp.com\/www.alonso-businesscoaching.es\/blog\/wp-content\/uploads\/2016\/01\/Juan-Pablo-II1.jpg?resize=350%2C200&ssl=1","width":350,"height":200,"srcset":"https:\/\/i0.wp.com\/www.alonso-businesscoaching.es\/blog\/wp-content\/uploads\/2016\/01\/Juan-Pablo-II1.jpg?resize=350%2C200&ssl=1 1x, https:\/\/i0.wp.com\/www.alonso-businesscoaching.es\/blog\/wp-content\/uploads\/2016\/01\/Juan-Pablo-II1.jpg?resize=525%2C300&ssl=1 1.5x"},"classes":[]},{"id":22618,"url":"https:\/\/www.alonso-businesscoaching.es\/blog\/06-05-2022\/re-flexiones-3-409-verdad\/","url_meta":{"origin":22988,"position":2},"title":"Re-flexiones&#8230; 3.409 (verdad)","author":"Antonio J. Alonso Sampedro","date":"06\/05\/2022","format":false,"excerpt":"\"En la escala de lo c\u00f3smico s\u00f3lo lo fant\u00e1stico tiene posibilidades de ser verdadero\" Pierre Theilhard de Chardin","rel":"","context":"En \u00abRe-flexiones\/tem\u00e1ticas\u00bb","block_context":{"text":"Re-flexiones\/tem\u00e1ticas","link":"https:\/\/www.alonso-businesscoaching.es\/blog\/category\/re-flexiones-tematicas\/"},"img":{"alt_text":"","src":"https:\/\/i0.wp.com\/www.alonso-businesscoaching.es\/blog\/wp-content\/uploads\/2022\/04\/Pierre-Teilhard-de-Chardin1-150x150.jpg?resize=350%2C200&ssl=1","width":350,"height":200},"classes":[]},{"id":22834,"url":"https:\/\/www.alonso-businesscoaching.es\/blog\/11-06-2022\/re-flexiones-3-445-verdad\/","url_meta":{"origin":22988,"position":3},"title":"Re-flexiones&#8230; 3.445 (verdad)","author":"Antonio J. Alonso Sampedro","date":"11\/06\/2022","format":false,"excerpt":"\"El reino de la verdad se divide, objetivamente, en distintas esferas. No est\u00e1 en nuestro albedr\u00edo el modo y el punto de deslinde entre las esferas de la verdad\" Edmund Husserl","rel":"","context":"En \u00abRe-flexiones\/tem\u00e1ticas\u00bb","block_context":{"text":"Re-flexiones\/tem\u00e1ticas","link":"https:\/\/www.alonso-businesscoaching.es\/blog\/category\/re-flexiones-tematicas\/"},"img":{"alt_text":"","src":"https:\/\/i0.wp.com\/www.alonso-businesscoaching.es\/blog\/wp-content\/uploads\/2013\/06\/Edmund-Husserl.jpg?resize=350%2C200&ssl=1","width":350,"height":200,"srcset":"https:\/\/i0.wp.com\/www.alonso-businesscoaching.es\/blog\/wp-content\/uploads\/2013\/06\/Edmund-Husserl.jpg?resize=350%2C200&ssl=1 1x, https:\/\/i0.wp.com\/www.alonso-businesscoaching.es\/blog\/wp-content\/uploads\/2013\/06\/Edmund-Husserl.jpg?resize=525%2C300&ssl=1 1.5x"},"classes":[]},{"id":23086,"url":"https:\/\/www.alonso-businesscoaching.es\/blog\/20-08-2022\/re-flexiones-3-515-verdad\/","url_meta":{"origin":22988,"position":4},"title":"Re-flexiones&#8230; 3.515 (verdad)","author":"Antonio J. Alonso Sampedro","date":"20\/08\/2022","format":false,"excerpt":"\"La verdad siempre se halla en la simplicidad y no en la multiplicidad y confusi\u00f3n de las cosas\" Isaac Newton","rel":"","context":"En \u00abRe-flexiones\/tem\u00e1ticas\u00bb","block_context":{"text":"Re-flexiones\/tem\u00e1ticas","link":"https:\/\/www.alonso-businesscoaching.es\/blog\/category\/re-flexiones-tematicas\/"},"img":{"alt_text":"","src":"https:\/\/i0.wp.com\/www.alonso-businesscoaching.es\/blog\/wp-content\/uploads\/2022\/06\/Isaac-Newton1.jpg?resize=350%2C200&ssl=1","width":350,"height":200,"srcset":"https:\/\/i0.wp.com\/www.alonso-businesscoaching.es\/blog\/wp-content\/uploads\/2022\/06\/Isaac-Newton1.jpg?resize=350%2C200&ssl=1 1x, https:\/\/i0.wp.com\/www.alonso-businesscoaching.es\/blog\/wp-content\/uploads\/2022\/06\/Isaac-Newton1.jpg?resize=525%2C300&ssl=1 1.5x"},"classes":[]},{"id":22581,"url":"https:\/\/www.alonso-businesscoaching.es\/blog\/29-04-2022\/re-flexiones-3-402-verdad\/","url_meta":{"origin":22988,"position":5},"title":"Re-flexiones&#8230; 3.402 (verdad)","author":"Antonio J. Alonso Sampedro","date":"29\/04\/2022","format":false,"excerpt":"\"La verdad existe. S\u00f3lo se inventa la mentira\" Georges Braque","rel":"","context":"En \u00abRe-flexiones\/tem\u00e1ticas\u00bb","block_context":{"text":"Re-flexiones\/tem\u00e1ticas","link":"https:\/\/www.alonso-businesscoaching.es\/blog\/category\/re-flexiones-tematicas\/"},"img":{"alt_text":"","src":"https:\/\/i0.wp.com\/www.alonso-businesscoaching.es\/blog\/wp-content\/uploads\/2014\/06\/Georges-Braque-150x150.jpg?resize=350%2C200&ssl=1","width":350,"height":200},"classes":[]}],"jetpack_sharing_enabled":true,"_links":{"self":[{"href":"https:\/\/www.alonso-businesscoaching.es\/blog\/wp-json\/wp\/v2\/posts\/22988","targetHints":{"allow":["GET"]}}],"collection":[{"href":"https:\/\/www.alonso-businesscoaching.es\/blog\/wp-json\/wp\/v2\/posts"}],"about":[{"href":"https:\/\/www.alonso-businesscoaching.es\/blog\/wp-json\/wp\/v2\/types\/post"}],"author":[{"embeddable":true,"href":"https:\/\/www.alonso-businesscoaching.es\/blog\/wp-json\/wp\/v2\/users\/2"}],"replies":[{"embeddable":true,"href":"https:\/\/www.alonso-businesscoaching.es\/blog\/wp-json\/wp\/v2\/comments?post=22988"}],"version-history":[{"count":1,"href":"https:\/\/www.alonso-businesscoaching.es\/blog\/wp-json\/wp\/v2\/posts\/22988\/revisions"}],"predecessor-version":[{"id":22989,"href":"https:\/\/www.alonso-businesscoaching.es\/blog\/wp-json\/wp\/v2\/posts\/22988\/revisions\/22989"}],"wp:attachment":[{"href":"https:\/\/www.alonso-businesscoaching.es\/blog\/wp-json\/wp\/v2\/media?parent=22988"}],"wp:term":[{"taxonomy":"category","embeddable":true,"href":"https:\/\/www.alonso-businesscoaching.es\/blog\/wp-json\/wp\/v2\/categories?post=22988"},{"taxonomy":"post_tag","embeddable":true,"href":"https:\/\/www.alonso-businesscoaching.es\/blog\/wp-json\/wp\/v2\/tags?post=22988"}],"curies":[{"name":"wp","href":"https:\/\/api.w.org\/{rel}","templated":true}]}}