{"id":22997,"date":"2022-07-20T07:00:00","date_gmt":"2022-07-20T05:00:00","guid":{"rendered":"https:\/\/www.alonso-businesscoaching.es\/blog\/?p=22997"},"modified":"2022-06-16T09:25:28","modified_gmt":"2022-06-16T07:25:28","slug":"re-flexiones-3-484-verdad","status":"publish","type":"post","link":"https:\/\/www.alonso-businesscoaching.es\/blog\/20-07-2022\/re-flexiones-3-484-verdad\/","title":{"rendered":"Re-flexiones&#8230; 3.484 (verdad)"},"content":{"rendered":"\n<p class=\"has-text-align-center\"><em>&#8220;Yo amo la verdad, quiero y deseo que todos me la digan&#8221;<\/em><\/p>\n\n\n<div class=\"wp-block-image\">\n<figure class=\"aligncenter size-thumbnail is-resized\"><a href=\"https:\/\/es.wikipedia.org\/wiki\/Plauto\" target=\"_blank\" rel=\"noreferrer noopener\"><img loading=\"lazy\" decoding=\"async\" data-attachment-id=\"22998\" data-permalink=\"https:\/\/www.alonso-businesscoaching.es\/blog\/20-07-2022\/re-flexiones-3-484-verdad\/plauto1\/\" data-orig-file=\"https:\/\/i0.wp.com\/www.alonso-businesscoaching.es\/blog\/wp-content\/uploads\/2022\/06\/Plauto1.jpg?fit=340%2C367&amp;ssl=1\" data-orig-size=\"340,367\" data-comments-opened=\"1\" data-image-meta=\"{&quot;aperture&quot;:&quot;0&quot;,&quot;credit&quot;:&quot;&quot;,&quot;camera&quot;:&quot;&quot;,&quot;caption&quot;:&quot;&quot;,&quot;created_timestamp&quot;:&quot;0&quot;,&quot;copyright&quot;:&quot;&quot;,&quot;focal_length&quot;:&quot;0&quot;,&quot;iso&quot;:&quot;0&quot;,&quot;shutter_speed&quot;:&quot;0&quot;,&quot;title&quot;:&quot;&quot;,&quot;orientation&quot;:&quot;0&quot;}\" data-image-title=\"Plauto1\" data-image-description=\"\" data-image-caption=\"\" data-large-file=\"https:\/\/i0.wp.com\/www.alonso-businesscoaching.es\/blog\/wp-content\/uploads\/2022\/06\/Plauto1.jpg?fit=340%2C367&amp;ssl=1\" src=\"https:\/\/i0.wp.com\/www.alonso-businesscoaching.es\/blog\/wp-content\/uploads\/2022\/06\/Plauto1.jpg?resize=150%2C150&amp;ssl=1\" alt=\"\" class=\"wp-image-22998\" width=\"150\" height=\"150\" srcset=\"https:\/\/i0.wp.com\/www.alonso-businesscoaching.es\/blog\/wp-content\/uploads\/2022\/06\/Plauto1.jpg?resize=150%2C150&amp;ssl=1 150w, https:\/\/i0.wp.com\/www.alonso-businesscoaching.es\/blog\/wp-content\/uploads\/2022\/06\/Plauto1.jpg?resize=100%2C100&amp;ssl=1 100w, https:\/\/i0.wp.com\/www.alonso-businesscoaching.es\/blog\/wp-content\/uploads\/2022\/06\/Plauto1.jpg?zoom=2&amp;resize=150%2C150&amp;ssl=1 300w\" sizes=\"auto, (max-width: 150px) 100vw, 150px\" \/><\/a><\/figure>\n<\/div>\n\n\n<p class=\"has-text-align-center\">Plauto<\/p>\n","protected":false},"excerpt":{"rendered":"<p>&#8220;Yo amo la verdad, quiero y deseo que todos me la digan&#8221; Plauto<\/p>\n","protected":false},"author":2,"featured_media":0,"comment_status":"open","ping_status":"open","sticky":false,"template":"","format":"standard","meta":{"om_disable_all_campaigns":false,"_monsterinsights_skip_tracking":false,"_monsterinsights_sitenote_active":false,"_monsterinsights_sitenote_note":"","_monsterinsights_sitenote_category":0,"_s2mail":"yes","_uf_show_specific_survey":0,"_uf_disable_surveys":false,"jetpack_post_was_ever_published":false,"_jetpack_newsletter_access":"","_jetpack_dont_email_post_to_subs":false,"_jetpack_newsletter_tier_id":0,"_jetpack_memberships_contains_paywalled_content":false,"_jetpack_memberships_contains_paid_content":false,"footnotes":"","jetpack_publicize_message":"","jetpack_publicize_feature_enabled":true,"jetpack_social_post_already_shared":true,"jetpack_social_options":{"image_generator_settings":{"template":"highway","default_image_id":0,"font":"","enabled":false},"version":2}},"categories":[75],"tags":[295],"class_list":["post-22997","post","type-post","status-publish","format-standard","hentry","category-re-flexiones-tematicas","tag-verdad"],"aioseo_notices":[],"jetpack_publicize_connections":[],"jetpack_featured_media_url":"","jetpack_shortlink":"https:\/\/wp.me\/p5YpnT-5YV","jetpack_likes_enabled":true,"jetpack-related-posts":[{"id":22982,"url":"https:\/\/www.alonso-businesscoaching.es\/blog\/15-07-2022\/re-flexiones-3-479-verdad\/","url_meta":{"origin":22997,"position":0},"title":"Re-flexiones&#8230; 3.479 (verdad)","author":"Antonio J. Alonso Sampedro","date":"15\/07\/2022","format":false,"excerpt":"\"Me gusta m\u00e1s la verdad cuando soy yo quien la descubre que cuando es otro quien me la muestra\" Vincent Voiture","rel":"","context":"En \u00abRe-flexiones\/tem\u00e1ticas\u00bb","block_context":{"text":"Re-flexiones\/tem\u00e1ticas","link":"https:\/\/www.alonso-businesscoaching.es\/blog\/category\/re-flexiones-tematicas\/"},"img":{"alt_text":"","src":"https:\/\/i0.wp.com\/www.alonso-businesscoaching.es\/blog\/wp-content\/uploads\/2022\/06\/Vincent-Voiture1.jpg?resize=350%2C200&ssl=1","width":350,"height":200},"classes":[]},{"id":22990,"url":"https:\/\/www.alonso-businesscoaching.es\/blog\/17-07-2022\/re-flexiones-3-481-verdad\/","url_meta":{"origin":22997,"position":1},"title":"Re-flexiones&#8230; 3.481 (verdad)","author":"Antonio J. Alonso Sampedro","date":"17\/07\/2022","format":false,"excerpt":"\"A todos nos gusta m\u00e1s la verdad que la mentira, pero cuando se trata de nuestra vida, a menudo preferimos la mentira a la verdad, porque la mentira justifica nuestra mala vida, mientras que la verdad la desenmascara\" Le\u00f3n Tolst\u00f3i","rel":"","context":"En \u00abRe-flexiones\/tem\u00e1ticas\u00bb","block_context":{"text":"Re-flexiones\/tem\u00e1ticas","link":"https:\/\/www.alonso-businesscoaching.es\/blog\/category\/re-flexiones-tematicas\/"},"img":{"alt_text":"","src":"https:\/\/i0.wp.com\/www.alonso-businesscoaching.es\/blog\/wp-content\/uploads\/2015\/12\/Le%C3%B3n-Tolst%C3%B3i1.jpg?resize=350%2C200&ssl=1","width":350,"height":200,"srcset":"https:\/\/i0.wp.com\/www.alonso-businesscoaching.es\/blog\/wp-content\/uploads\/2015\/12\/Le%C3%B3n-Tolst%C3%B3i1.jpg?resize=350%2C200&ssl=1 1x, https:\/\/i0.wp.com\/www.alonso-businesscoaching.es\/blog\/wp-content\/uploads\/2015\/12\/Le%C3%B3n-Tolst%C3%B3i1.jpg?resize=525%2C300&ssl=1 1.5x"},"classes":[]},{"id":23037,"url":"https:\/\/www.alonso-businesscoaching.es\/blog\/03-08-2022\/re-flexiones-3-498-verdad\/","url_meta":{"origin":22997,"position":2},"title":"Re-flexiones&#8230; 3.498 (verdad)","author":"Antonio J. Alonso Sampedro","date":"03\/08\/2022","format":false,"excerpt":"\"Quiz\u00e1 est\u00e9 yo equivocado y t\u00fa en lo cierto, quiz\u00e1 con un esfuerzo a la verdad nos acerquemos\" Karl Raimund Popper","rel":"","context":"En \u00abRe-flexiones\/tem\u00e1ticas\u00bb","block_context":{"text":"Re-flexiones\/tem\u00e1ticas","link":"https:\/\/www.alonso-businesscoaching.es\/blog\/category\/re-flexiones-tematicas\/"},"img":{"alt_text":"","src":"https:\/\/i0.wp.com\/www.alonso-businesscoaching.es\/blog\/wp-content\/uploads\/2013\/12\/Karl-Raimund-Popper.jpg?resize=350%2C200&ssl=1","width":350,"height":200},"classes":[]},{"id":23033,"url":"https:\/\/www.alonso-businesscoaching.es\/blog\/01-08-2022\/re-flexiones-3-496-verdad\/","url_meta":{"origin":22997,"position":3},"title":"Re-flexiones&#8230; 3.496 (verdad)","author":"Antonio J. Alonso Sampedro","date":"01\/08\/2022","format":false,"excerpt":"\"A pesar de ser un solitario mi conciencia de pertenecer a la comunidad invisible de aquellos que luchan por la verdad, la belleza y la justicia me ha impedido sentirme aislado\" Albert Einstein","rel":"","context":"En \u00abRe-flexiones\/tem\u00e1ticas\u00bb","block_context":{"text":"Re-flexiones\/tem\u00e1ticas","link":"https:\/\/www.alonso-businesscoaching.es\/blog\/category\/re-flexiones-tematicas\/"},"img":{"alt_text":"","src":"https:\/\/i0.wp.com\/www.alonso-businesscoaching.es\/blog\/wp-content\/uploads\/2015\/07\/Albert-Einstein1.jpg?resize=350%2C200&ssl=1","width":350,"height":200,"srcset":"https:\/\/i0.wp.com\/www.alonso-businesscoaching.es\/blog\/wp-content\/uploads\/2015\/07\/Albert-Einstein1.jpg?resize=350%2C200&ssl=1 1x, https:\/\/i0.wp.com\/www.alonso-businesscoaching.es\/blog\/wp-content\/uploads\/2015\/07\/Albert-Einstein1.jpg?resize=525%2C300&ssl=1 1.5x"},"classes":[]},{"id":22662,"url":"https:\/\/www.alonso-businesscoaching.es\/blog\/18-05-2022\/re-flexiones-3-421-verdad\/","url_meta":{"origin":22997,"position":4},"title":"Re-flexiones&#8230; 3.421 (verdad)","author":"Antonio J. Alonso Sampedro","date":"18\/05\/2022","format":false,"excerpt":"\"Para poder ense\u00f1ar a todos los hombres a decir la verdad, es preciso que aprendan a o\u00edrla\" Samuel Johnson","rel":"","context":"En \u00abRe-flexiones\/tem\u00e1ticas\u00bb","block_context":{"text":"Re-flexiones\/tem\u00e1ticas","link":"https:\/\/www.alonso-businesscoaching.es\/blog\/category\/re-flexiones-tematicas\/"},"img":{"alt_text":"","src":"https:\/\/i0.wp.com\/www.alonso-businesscoaching.es\/blog\/wp-content\/uploads\/2016\/04\/Samuel-Johnson1.jpg?resize=350%2C200&ssl=1","width":350,"height":200},"classes":[]},{"id":22822,"url":"https:\/\/www.alonso-businesscoaching.es\/blog\/07-06-2022\/re-flexiones-3-441-verdad\/","url_meta":{"origin":22997,"position":5},"title":"Re-flexiones&#8230; 3.441 (verdad)","author":"Antonio J. Alonso Sampedro","date":"07\/06\/2022","format":false,"excerpt":"\"La belleza es verdad; la verdad, belleza. Esto es todo lo que sabes sobre la tierra, y todo lo que necesitas saber\" John Keats","rel":"","context":"En \u00abRe-flexiones\/tem\u00e1ticas\u00bb","block_context":{"text":"Re-flexiones\/tem\u00e1ticas","link":"https:\/\/www.alonso-businesscoaching.es\/blog\/category\/re-flexiones-tematicas\/"},"img":{"alt_text":"","src":"https:\/\/i0.wp.com\/www.alonso-businesscoaching.es\/blog\/wp-content\/uploads\/2013\/04\/John-Keats.jpg?resize=350%2C200&ssl=1","width":350,"height":200},"classes":[]}],"jetpack_sharing_enabled":true,"_links":{"self":[{"href":"https:\/\/www.alonso-businesscoaching.es\/blog\/wp-json\/wp\/v2\/posts\/22997","targetHints":{"allow":["GET"]}}],"collection":[{"href":"https:\/\/www.alonso-businesscoaching.es\/blog\/wp-json\/wp\/v2\/posts"}],"about":[{"href":"https:\/\/www.alonso-businesscoaching.es\/blog\/wp-json\/wp\/v2\/types\/post"}],"author":[{"embeddable":true,"href":"https:\/\/www.alonso-businesscoaching.es\/blog\/wp-json\/wp\/v2\/users\/2"}],"replies":[{"embeddable":true,"href":"https:\/\/www.alonso-businesscoaching.es\/blog\/wp-json\/wp\/v2\/comments?post=22997"}],"version-history":[{"count":1,"href":"https:\/\/www.alonso-businesscoaching.es\/blog\/wp-json\/wp\/v2\/posts\/22997\/revisions"}],"predecessor-version":[{"id":22999,"href":"https:\/\/www.alonso-businesscoaching.es\/blog\/wp-json\/wp\/v2\/posts\/22997\/revisions\/22999"}],"wp:attachment":[{"href":"https:\/\/www.alonso-businesscoaching.es\/blog\/wp-json\/wp\/v2\/media?parent=22997"}],"wp:term":[{"taxonomy":"category","embeddable":true,"href":"https:\/\/www.alonso-businesscoaching.es\/blog\/wp-json\/wp\/v2\/categories?post=22997"},{"taxonomy":"post_tag","embeddable":true,"href":"https:\/\/www.alonso-businesscoaching.es\/blog\/wp-json\/wp\/v2\/tags?post=22997"}],"curies":[{"name":"wp","href":"https:\/\/api.w.org\/{rel}","templated":true}]}}