{"id":23248,"date":"2022-09-18T19:58:16","date_gmt":"2022-09-18T17:58:16","guid":{"rendered":"https:\/\/www.alonso-businesscoaching.es\/blog\/?p=23248"},"modified":"2022-09-18T19:58:20","modified_gmt":"2022-09-18T17:58:20","slug":"contra-viento-y-pandemia","status":"publish","type":"post","link":"https:\/\/www.alonso-businesscoaching.es\/blog\/18-09-2022\/contra-viento-y-pandemia\/","title":{"rendered":"Contra viento y pandemia"},"content":{"rendered":"\n<figure class=\"wp-block-image size-full\"><a href=\"https:\/\/www.amazon.es\/Marathon-15-115-Claves-Superaci%C3%B3n-Personal\/dp\/1530250285\" target=\"_blank\" rel=\"noreferrer noopener\"><img data-recalc-dims=\"1\" loading=\"lazy\" decoding=\"async\" width=\"525\" height=\"700\" data-attachment-id=\"23249\" data-permalink=\"https:\/\/www.alonso-businesscoaching.es\/blog\/18-09-2022\/contra-viento-y-pandemia\/20220818_124031\/\" data-orig-file=\"https:\/\/i0.wp.com\/www.alonso-businesscoaching.es\/blog\/wp-content\/uploads\/2022\/09\/20220818_124031-scaled.jpg?fit=1920%2C2560&amp;ssl=1\" data-orig-size=\"1920,2560\" data-comments-opened=\"1\" data-image-meta=\"{&quot;aperture&quot;:&quot;1.79&quot;,&quot;credit&quot;:&quot;&quot;,&quot;camera&quot;:&quot;SM-A226B&quot;,&quot;caption&quot;:&quot;&quot;,&quot;created_timestamp&quot;:&quot;1660826431&quot;,&quot;copyright&quot;:&quot;&quot;,&quot;focal_length&quot;:&quot;4.71&quot;,&quot;iso&quot;:&quot;100&quot;,&quot;shutter_speed&quot;:&quot;0&quot;,&quot;title&quot;:&quot;&quot;,&quot;orientation&quot;:&quot;1&quot;}\" data-image-title=\"20220818_124031\" data-image-description=\"\" data-image-caption=\"\" data-large-file=\"https:\/\/i0.wp.com\/www.alonso-businesscoaching.es\/blog\/wp-content\/uploads\/2022\/09\/20220818_124031-scaled.jpg?fit=525%2C700&amp;ssl=1\" src=\"https:\/\/i0.wp.com\/www.alonso-businesscoaching.es\/blog\/wp-content\/uploads\/2022\/09\/20220818_124031-scaled.jpg?resize=525%2C700&#038;ssl=1\" alt=\"\" class=\"wp-image-23249\"\/><\/a><figcaption>En la cima del Alto de Las Guarramillas el 18\/08\/22<\/figcaption><\/figure>\n\n\n\n<p>Mucho de lo conseguido en la vida tiene su valor por la acumulaci\u00f3n de una misma actuaci\u00f3n, cuya unidad puede atesorar m\u00e9rito pero la repetici\u00f3n sin falta todav\u00eda lo tiene m\u00e1s. No es lo mismo ser algunas veces puntual que serlo siempre y aun a pesar de los imprevistos que puedan condicionar.<\/p>\n\n\n\n<p>As\u00ed, cada Agosto me siento en la obligaci\u00f3n personal de no fallar en mi cita solitaria e individual de llegarme corriendo desde la Plaza Mayor de Segovia hasta la Bola del Mundo (m\u00e1s all\u00e1 del Puerto de Navacerrada, en el Alto de Las Guarramillas a 2.265 metros) y volver, traves\u00eda de sesenta y tantos kil\u00f3metros con desnivel que comenz\u00f3 hace m\u00e1s de dos d\u00e9cadas como algo ocasional y a\u00f1o tras a\u00f1o va adquiriendo la relevancia de su continuidad, convirti\u00e9ndose en un reto de dificultad creciente contra mi sexagenaria edad.<\/p>\n\n\n\n<p>Pero este verano ha sido especial. En pleno proceso de aclimataci\u00f3n a la altura de los mil metros de Segovia sobre mi acostumbrado nivel valenciano del mar, el 8 de julio me contagi\u00e9 de Covid y tras cuatro d\u00edas de fiebre no esperaba que durante todo ese mes un malestar en forma de la fatiga cr\u00f3nica me fuera a acompa\u00f1ar, condicionando unos entrenamientos que m\u00e1s parec\u00edan penitencias de Semana Santa en un ag\u00f3nico procesionar.<\/p>\n\n\n\n<p>Desatendiendo los muchos consejos ajenos que me recomendaban aparcar por este a\u00f1o mi reto anual, contra viento y pandemia, una vez m\u00e1s lo he vuelto a lograr.<\/p>\n\n\n\n<p class=\"has-text-align-center\">\u00a1Qu\u00e9 f\u00e1cil es encontrar argumentos para abandonar\u2026 cuando la conciencia quiere ser tan indulgente como falaz!<\/p>\n\n\n\n<figure class=\"wp-block-image size-large\"><a href=\"https:\/\/www.amazon.es\/Marathon-15-115-CLAVES-SUPERACI%C3%93N-PERSONAL-ebook\/dp\/B01CNPIRFO\/\" target=\"_blank\" rel=\"noreferrer noopener\"><img data-recalc-dims=\"1\" loading=\"lazy\" decoding=\"async\" width=\"525\" height=\"394\" data-attachment-id=\"23250\" data-permalink=\"https:\/\/www.alonso-businesscoaching.es\/blog\/18-09-2022\/contra-viento-y-pandemia\/20220818_131106\/\" data-orig-file=\"https:\/\/i0.wp.com\/www.alonso-businesscoaching.es\/blog\/wp-content\/uploads\/2022\/09\/20220818_131106-scaled.jpg?fit=2560%2C1920&amp;ssl=1\" data-orig-size=\"2560,1920\" data-comments-opened=\"1\" data-image-meta=\"{&quot;aperture&quot;:&quot;2&quot;,&quot;credit&quot;:&quot;&quot;,&quot;camera&quot;:&quot;SM-A226B&quot;,&quot;caption&quot;:&quot;&quot;,&quot;created_timestamp&quot;:&quot;1660828266&quot;,&quot;copyright&quot;:&quot;&quot;,&quot;focal_length&quot;:&quot;2.78&quot;,&quot;iso&quot;:&quot;103&quot;,&quot;shutter_speed&quot;:&quot;0&quot;,&quot;title&quot;:&quot;&quot;,&quot;orientation&quot;:&quot;1&quot;}\" data-image-title=\"20220818_131106\" data-image-description=\"\" data-image-caption=\"\" data-large-file=\"https:\/\/i0.wp.com\/www.alonso-businesscoaching.es\/blog\/wp-content\/uploads\/2022\/09\/20220818_131106-scaled.jpg?fit=525%2C394&amp;ssl=1\" src=\"https:\/\/i0.wp.com\/www.alonso-businesscoaching.es\/blog\/wp-content\/uploads\/2022\/09\/20220818_131106.jpg?resize=525%2C394&#038;ssl=1\" alt=\"\" class=\"wp-image-23250\" srcset=\"https:\/\/i0.wp.com\/www.alonso-businesscoaching.es\/blog\/wp-content\/uploads\/2022\/09\/20220818_131106-scaled.jpg?resize=2000%2C1500&amp;ssl=1 2000w, https:\/\/i0.wp.com\/www.alonso-businesscoaching.es\/blog\/wp-content\/uploads\/2022\/09\/20220818_131106-scaled.jpg?resize=300%2C225&amp;ssl=1 300w, https:\/\/i0.wp.com\/www.alonso-businesscoaching.es\/blog\/wp-content\/uploads\/2022\/09\/20220818_131106-scaled.jpg?resize=768%2C576&amp;ssl=1 768w, https:\/\/i0.wp.com\/www.alonso-businesscoaching.es\/blog\/wp-content\/uploads\/2022\/09\/20220818_131106-scaled.jpg?resize=1536%2C1152&amp;ssl=1 1536w, https:\/\/i0.wp.com\/www.alonso-businesscoaching.es\/blog\/wp-content\/uploads\/2022\/09\/20220818_131106-scaled.jpg?resize=2048%2C1536&amp;ssl=1 2048w, https:\/\/i0.wp.com\/www.alonso-businesscoaching.es\/blog\/wp-content\/uploads\/2022\/09\/20220818_131106-scaled.jpg?w=1050&amp;ssl=1 1050w\" sizes=\"auto, (max-width: 767px) 89vw, (max-width: 1000px) 54vw, (max-width: 1071px) 543px, 580px\" \/><\/a><figcaption>Acompa\u00f1ado por un par de admiradoras<\/figcaption><\/figure>\n","protected":false},"excerpt":{"rendered":"<p>Mucho de lo conseguido en la vida tiene su valor por la acumulaci\u00f3n de una misma actuaci\u00f3n, cuya unidad puede atesorar m\u00e9rito pero la repetici\u00f3n sin falta todav\u00eda lo tiene m\u00e1s. No es lo mismo ser algunas veces puntual que serlo siempre y aun a pesar de los imprevistos que puedan condicionar. As\u00ed, cada Agosto &hellip; <\/p>\n<p class=\"link-more\"><a href=\"https:\/\/www.alonso-businesscoaching.es\/blog\/18-09-2022\/contra-viento-y-pandemia\/\" class=\"more-link\">Continuar leyendo<span class=\"screen-reader-text\"> &#8220;Contra viento y pandemia&#8221;<\/span><\/a><\/p>\n","protected":false},"author":2,"featured_media":0,"comment_status":"open","ping_status":"open","sticky":false,"template":"","format":"standard","meta":{"om_disable_all_campaigns":false,"_monsterinsights_skip_tracking":false,"_monsterinsights_sitenote_active":false,"_monsterinsights_sitenote_note":"","_monsterinsights_sitenote_category":0,"_s2mail":"yes","_uf_show_specific_survey":0,"_uf_disable_surveys":false,"jetpack_post_was_ever_published":false,"_jetpack_newsletter_access":"","_jetpack_dont_email_post_to_subs":false,"_jetpack_newsletter_tier_id":0,"_jetpack_memberships_contains_paywalled_content":false,"_jetpack_memberships_contains_paid_content":false,"footnotes":"","jetpack_publicize_message":"","jetpack_publicize_feature_enabled":true,"jetpack_social_post_already_shared":true,"jetpack_social_options":{"image_generator_settings":{"template":"highway","default_image_id":0,"font":"","enabled":false},"version":2}},"categories":[68],"tags":[70],"class_list":["post-23248","post","type-post","status-publish","format-standard","hentry","category-marath-tiones-semanal","tag-marath-tiones"],"aioseo_notices":[],"jetpack_publicize_connections":[],"jetpack_featured_media_url":"","jetpack_shortlink":"https:\/\/wp.me\/p5YpnT-62Y","jetpack_likes_enabled":true,"jetpack-related-posts":[{"id":11588,"url":"https:\/\/www.alonso-businesscoaching.es\/blog\/07-03-2016\/re-flexiones-1-258-ambicion\/","url_meta":{"origin":23248,"position":0},"title":"Re-flexiones&#8230; 1.258 (ambici\u00f3n)","author":"Antonio J. Alonso Sampedro","date":"07\/03\/2016","format":false,"excerpt":"\"La ambici\u00f3n est\u00e1 m\u00e1s descontenta de lo que no tiene que satisfecha de lo que tiene\" F\u00e9nelon","rel":"","context":"En \u00abRe-flexiones\/tem\u00e1ticas\u00bb","block_context":{"text":"Re-flexiones\/tem\u00e1ticas","link":"https:\/\/www.alonso-businesscoaching.es\/blog\/category\/re-flexiones-tematicas\/"},"img":{"alt_text":"F\u00e9nelon1","src":"https:\/\/i0.wp.com\/www.alonso-businesscoaching.es\/blog\/wp-content\/uploads\/2015\/09\/F%C3%A9nelon1-150x150.jpg?resize=350%2C200","width":350,"height":200},"classes":[]},{"id":3211,"url":"https:\/\/www.alonso-businesscoaching.es\/blog\/12-09-2009\/la-marca-personal\/","url_meta":{"origin":23248,"position":1},"title":"La Marca Personal","author":"Antonio J. Alonso Sampedro","date":"12\/09\/2009","format":false,"excerpt":"En la d\u00e9cada de los \u00b460 del siglo pasado, cuando el Marketing todav\u00eda era una disciplina incipiente y necesitada de desarrollo acad\u00e9mico, ya se dec\u00eda eso de que\u2026 quien tiene una marca reconocida, tiene un tesoro.\u00a0Poco tiempo transcurri\u00f3 desde entonces para poderlo confirmar con total seguridad, cuando muchas de las\u2026","rel":"","context":"En \u00abCoach-tiones\u00bb","block_context":{"text":"Coach-tiones","link":"https:\/\/www.alonso-businesscoaching.es\/blog\/category\/coach-tiones\/"},"img":{"alt_text":"","src":"https:\/\/i0.wp.com\/www.alonso-businesscoaching.es\/blog\/wp-content\/uploads\/2009\/09\/La-Marca-Personal.jpg?resize=350%2C200&ssl=1","width":350,"height":200},"classes":[]},{"id":30869,"url":"https:\/\/www.alonso-businesscoaching.es\/blog\/06-03-2026\/re-flexiones-4-863-vida\/","url_meta":{"origin":23248,"position":2},"title":"Re-flexiones&#8230; 4.863 (vida)","author":"Antonio J. Alonso Sampedro","date":"06\/03\/2026","format":false,"excerpt":"\"\u00bfLa vida? \u00a1Bah! No tiene ning\u00fan valor. Dentro de lo barato, es de lo m\u00e1s barato\" Jack London","rel":"","context":"En \u00abRe-flexiones\/tem\u00e1ticas\u00bb","block_context":{"text":"Re-flexiones\/tem\u00e1ticas","link":"https:\/\/www.alonso-businesscoaching.es\/blog\/category\/re-flexiones-tematicas\/"},"img":{"alt_text":"","src":"https:\/\/i0.wp.com\/www.alonso-businesscoaching.es\/blog\/wp-content\/uploads\/2018\/03\/Jack-London-150x150.jpg?resize=350%2C200&ssl=1","width":350,"height":200},"classes":[]},{"id":27169,"url":"https:\/\/www.alonso-businesscoaching.es\/blog\/19-10-2024\/brunilda-tiene-genero-la-violencia-fragmento-8\/","url_meta":{"origin":23248,"position":3},"title":"\u201cBRUNILDA\u201d (\u00bfTiene g\u00e9nero la violencia?)\u2026 Fragmento-8","author":"Antonio J. Alonso Sampedro","date":"19\/10\/2024","format":false,"excerpt":"...Por entonces, yo era una avispada ni\u00f1a y ya intu\u00eda que una madre lo es todo el tiempo y sin objeci\u00f3n, pero que tambi\u00e9n es alguien con necesidad de otros \u00e1mbitos de relaci\u00f3n. Porque un hijo de ning\u00fan modo debiera creerse en el derecho natural de serlo todo para sus\u2026","rel":"","context":"En \u00abG\u00e9nero-tiones\u00bb","block_context":{"text":"G\u00e9nero-tiones","link":"https:\/\/www.alonso-businesscoaching.es\/blog\/category\/genero-tiones\/"},"img":{"alt_text":"","src":"https:\/\/i0.wp.com\/www.alonso-businesscoaching.es\/blog\/wp-content\/uploads\/2024\/07\/BRUNILDA-horizontal-RR-SS-1-scaled.jpg?resize=350%2C200&ssl=1","width":350,"height":200,"srcset":"https:\/\/i0.wp.com\/www.alonso-businesscoaching.es\/blog\/wp-content\/uploads\/2024\/07\/BRUNILDA-horizontal-RR-SS-1-scaled.jpg?resize=350%2C200&ssl=1 1x, https:\/\/i0.wp.com\/www.alonso-businesscoaching.es\/blog\/wp-content\/uploads\/2024\/07\/BRUNILDA-horizontal-RR-SS-1-scaled.jpg?resize=525%2C300&ssl=1 1.5x, https:\/\/i0.wp.com\/www.alonso-businesscoaching.es\/blog\/wp-content\/uploads\/2024\/07\/BRUNILDA-horizontal-RR-SS-1-scaled.jpg?resize=700%2C400&ssl=1 2x, https:\/\/i0.wp.com\/www.alonso-businesscoaching.es\/blog\/wp-content\/uploads\/2024\/07\/BRUNILDA-horizontal-RR-SS-1-scaled.jpg?resize=1050%2C600&ssl=1 3x, https:\/\/i0.wp.com\/www.alonso-businesscoaching.es\/blog\/wp-content\/uploads\/2024\/07\/BRUNILDA-horizontal-RR-SS-1-scaled.jpg?resize=1400%2C800&ssl=1 4x"},"classes":[]},{"id":7267,"url":"https:\/\/www.alonso-businesscoaching.es\/blog\/12-04-2014\/la-cualificacion-mejor-que-la-cuantificacion\/","url_meta":{"origin":23248,"position":4},"title":"La Cualificaci\u00f3n mejor que la Cuantificaci\u00f3n","author":"Antonio J. Alonso Sampedro","date":"12\/04\/2014","format":false,"excerpt":"Lleg\u00f3 hace m\u00e1s de medio siglo con la ilusi\u00f3n que trae la abundancia y parece no querer marcharse pues hoy cuenta con una mayoritaria aprobaci\u00f3n. El imperio de lo cuantitativo gobierna nuestras vidas someti\u00e9ndolas a una desbocada carrera por la acumulaci\u00f3n, cuando la Historia nos ha probado que el n\u00famero\u2026","rel":"","context":"En \u00abCoach-tiones\u00bb","block_context":{"text":"Coach-tiones","link":"https:\/\/www.alonso-businesscoaching.es\/blog\/category\/coach-tiones\/"},"img":{"alt_text":"Calificaci\u00f3n","src":"https:\/\/i0.wp.com\/www.alonso-businesscoaching.es\/blog\/wp-content\/uploads\/2014\/04\/Calificaci%C3%B3n-1024x672.jpg?resize=350%2C200","width":350,"height":200},"classes":[]},{"id":3213,"url":"https:\/\/www.alonso-businesscoaching.es\/blog\/30-08-2009\/el-engano-de-las-vacaciones\/","url_meta":{"origin":23248,"position":5},"title":"El enga\u00f1o de las vacaciones","author":"Antonio J. Alonso Sampedro","date":"30\/08\/2009","format":false,"excerpt":"Parece ser que no somos lo suficientemente inteligentes como para caer, todos los veranos, en el mismo error. Error cuyas desagradables consecuencias nos duran varios d\u00edas, incluso\u00a0algunas semanas postvacacionales. Al acercarse el periodo de descanso estival, todos los expertos en salud y equilibrio personal nos recomiendan que lo m\u00e1s importante\u2026","rel":"","context":"En \u00abCoach-tiones\u00bb","block_context":{"text":"Coach-tiones","link":"https:\/\/www.alonso-businesscoaching.es\/blog\/category\/coach-tiones\/"},"img":{"alt_text":"","src":"https:\/\/i0.wp.com\/www.alonso-businesscoaching.es\/blog\/wp-content\/uploads\/2009\/08\/El-enga%C3%B1o-de-las-vacaciones.jpg?resize=350%2C200&ssl=1","width":350,"height":200,"srcset":"https:\/\/i0.wp.com\/www.alonso-businesscoaching.es\/blog\/wp-content\/uploads\/2009\/08\/El-enga%C3%B1o-de-las-vacaciones.jpg?resize=350%2C200&ssl=1 1x, https:\/\/i0.wp.com\/www.alonso-businesscoaching.es\/blog\/wp-content\/uploads\/2009\/08\/El-enga%C3%B1o-de-las-vacaciones.jpg?resize=525%2C300&ssl=1 1.5x, https:\/\/i0.wp.com\/www.alonso-businesscoaching.es\/blog\/wp-content\/uploads\/2009\/08\/El-enga%C3%B1o-de-las-vacaciones.jpg?resize=700%2C400&ssl=1 2x"},"classes":[]}],"jetpack_sharing_enabled":true,"_links":{"self":[{"href":"https:\/\/www.alonso-businesscoaching.es\/blog\/wp-json\/wp\/v2\/posts\/23248","targetHints":{"allow":["GET"]}}],"collection":[{"href":"https:\/\/www.alonso-businesscoaching.es\/blog\/wp-json\/wp\/v2\/posts"}],"about":[{"href":"https:\/\/www.alonso-businesscoaching.es\/blog\/wp-json\/wp\/v2\/types\/post"}],"author":[{"embeddable":true,"href":"https:\/\/www.alonso-businesscoaching.es\/blog\/wp-json\/wp\/v2\/users\/2"}],"replies":[{"embeddable":true,"href":"https:\/\/www.alonso-businesscoaching.es\/blog\/wp-json\/wp\/v2\/comments?post=23248"}],"version-history":[{"count":3,"href":"https:\/\/www.alonso-businesscoaching.es\/blog\/wp-json\/wp\/v2\/posts\/23248\/revisions"}],"predecessor-version":[{"id":23253,"href":"https:\/\/www.alonso-businesscoaching.es\/blog\/wp-json\/wp\/v2\/posts\/23248\/revisions\/23253"}],"wp:attachment":[{"href":"https:\/\/www.alonso-businesscoaching.es\/blog\/wp-json\/wp\/v2\/media?parent=23248"}],"wp:term":[{"taxonomy":"category","embeddable":true,"href":"https:\/\/www.alonso-businesscoaching.es\/blog\/wp-json\/wp\/v2\/categories?post=23248"},{"taxonomy":"post_tag","embeddable":true,"href":"https:\/\/www.alonso-businesscoaching.es\/blog\/wp-json\/wp\/v2\/tags?post=23248"}],"curies":[{"name":"wp","href":"https:\/\/api.w.org\/{rel}","templated":true}]}}