{"id":23477,"date":"2022-10-20T19:16:58","date_gmt":"2022-10-20T17:16:58","guid":{"rendered":"https:\/\/www.alonso-businesscoaching.es\/blog\/?p=23477"},"modified":"2022-10-20T19:17:02","modified_gmt":"2022-10-20T17:17:02","slug":"pires-abre-la-temporada-del-palau-de-la-musica-de-valencia","status":"publish","type":"post","link":"https:\/\/www.alonso-businesscoaching.es\/blog\/20-10-2022\/pires-abre-la-temporada-del-palau-de-la-musica-de-valencia\/","title":{"rendered":"Pires abre la temporada del Palau de la M\u00fasica de Valencia"},"content":{"rendered":"\n<figure class=\"wp-block-image size-full\"><a href=\"https:\/\/www.palauvalencia.com\/evento\/maria-joao-pires-y-la-ov\/\" target=\"_blank\" rel=\"noreferrer noopener\"><img data-recalc-dims=\"1\" loading=\"lazy\" decoding=\"async\" width=\"525\" height=\"700\" data-attachment-id=\"23478\" data-permalink=\"https:\/\/www.alonso-businesscoaching.es\/blog\/20-10-2022\/pires-abre-la-temporada-del-palau-de-la-musica-de-valencia\/20221019_193034\/\" data-orig-file=\"https:\/\/i0.wp.com\/www.alonso-businesscoaching.es\/blog\/wp-content\/uploads\/2022\/10\/20221019_193034-scaled.jpg?fit=1920%2C2560&amp;ssl=1\" data-orig-size=\"1920,2560\" data-comments-opened=\"1\" data-image-meta=\"{&quot;aperture&quot;:&quot;1.79&quot;,&quot;credit&quot;:&quot;&quot;,&quot;camera&quot;:&quot;SM-A226B&quot;,&quot;caption&quot;:&quot;&quot;,&quot;created_timestamp&quot;:&quot;1666207834&quot;,&quot;copyright&quot;:&quot;&quot;,&quot;focal_length&quot;:&quot;4.71&quot;,&quot;iso&quot;:&quot;1757&quot;,&quot;shutter_speed&quot;:&quot;0.039&quot;,&quot;title&quot;:&quot;&quot;,&quot;orientation&quot;:&quot;1&quot;}\" data-image-title=\"20221019_193034\" data-image-description=\"\" data-image-caption=\"\" data-large-file=\"https:\/\/i0.wp.com\/www.alonso-businesscoaching.es\/blog\/wp-content\/uploads\/2022\/10\/20221019_193034-scaled.jpg?fit=525%2C700&amp;ssl=1\" src=\"https:\/\/i0.wp.com\/www.alonso-businesscoaching.es\/blog\/wp-content\/uploads\/2022\/10\/20221019_193034-scaled.jpg?resize=525%2C700&#038;ssl=1\" alt=\"\" class=\"wp-image-23478\"\/><\/a><figcaption>Buena entrada, pero el Teatro Principal, aun con su limitado aforo, no se llen\u00f3\u2026<\/figcaption><\/figure>\n\n\n\n<p>Cuando en 1987 se inaugur\u00f3 el Palau de la M\u00fasica de Valencia, yo entonces era uno de sus m\u00e1s j\u00f3venes visitantes y hoy sigue siendo igual. Esta sorprendente paradoja temporal no augura buenos tiempos futuros para una instituci\u00f3n musical que, en estos treintaicinco a\u00f1os, no ha sabido conectar con el aficionado joven e incluso con el de mediana edad. Ayer, el patio de butacas del Teatro Principal de Valencia era un plateado mar.<\/p>\n\n\n\n<p>Al hilo de lo anterior, la condicionada presencia de la Orquesta de Valencia en el Principal por las obras del Palau de la M\u00fasica recuerda \u00e9pocas pasadas en las que esa era su sede, entonces menos deteriorada, como as\u00ed pudieron atestiguar mis posaderas, enfrentadas a un asiento tan destartalado como impropio del teatro m\u00e1s representativo de nuestra ciudad. No fui el \u00fanico en sufrir esta lamentable realidad, pues mi vecino de localidad ten\u00eda su apoyabrazos huido en Afganist\u00e1n.<\/p>\n\n\n\n<p>El arranque de la Temporada 2022\/23 de este primer Palau valenciano (Les Arts lo fue dieciocho a\u00f1os despu\u00e9s) no pod\u00eda ser m\u00e1s sugerente y no por contar con la Orquesta de Valencia, que eso era obligado, sino por la participaci\u00f3n de una de las \u00faltimas leyendas vivientes de la interpretaci\u00f3n musical de la segunda mitad del siglo pasado: Maria Jo\u00e3o Pires, esa pianista excepcional.<\/p>\n\n\n\n<p>Pese a ello, su intervenci\u00f3n no respondi\u00f3 a las expectativas por un error de programaci\u00f3n que, al juntar al Mozart de su concierto 23 con obras del siglo XX (Penderecki, Panufnik y Stravinsky), hizo inevitable lo que vino a pasar. Y es que para una orquesta, el cambio de estilo en una misma actuaci\u00f3n deriva en una complicaci\u00f3n que muy pocas se encuentran en disposici\u00f3n de afrontar. Hace cuarenta a\u00f1os, lo normal era que la orientaci\u00f3n interpretativa de las orquestas apuntara m\u00e1s hacia el clasicismo y primer romanticismo en lugar de lo finisecular, pero esa disposici\u00f3n ha venido a cambiar en estas d\u00e9cadas (sobre todo tras la irrupci\u00f3n de la interpretaci\u00f3n historicista de los sesenta y setenta), lo que ayer pudimos constatar.<\/p>\n\n\n\n<p>Aun estando escrito en un luminoso modo mayor, el Concierto para piano y orquesta n.\u00ba 23 de W. A. Mozart (1786) son\u00f3 por la Orquesta de Valencia mucho m\u00e1s &#8220;rom\u00e1ntico&#8221; de lo que ahora estamos acostumbrados a escuchar, planteando una equ\u00edvoca contradicci\u00f3n con la introspecci\u00f3n y dulzura interpretativa de una Pires desbordada por la querencia de Alexander Liebreich, buen director titular de nuestra orquesta pero que parece m\u00e1s c\u00f3modo en un repertorio posterior, como as\u00ed nos lo vino a demostrar. Por esto mismo, fue la versi\u00f3n en suite de Pulcinella (I. Stravinsky-1922) lo mejor de una tarde, tanto en su conjunto como por las excelentes intervenciones solistas de los vientos y en especial del metal.<\/p>\n\n\n\n<p>No comentar\u00e9 las otras obras del programa (&#8220;El despertar de Jacob&#8221; de K. Penderecki-1974 y &#8220;Lanscape&#8221; de A. Panufnik-1965) porque ese tipo de m\u00fasica &#8220;moderna&#8221; me resulta indescifrable y alejada a mi sensibilidad particular.<\/p>\n\n\n\n<p>Por fortuna, Maria Jo\u00e3o Pires contar\u00e1 con la oportunidad de lucir su magisterio el pr\u00f3ximo 28 de octubre en Les Arts, libre de condicionantes orquestales y en solitario recital\u2026<\/p>\n\n\n\n<figure class=\"wp-block-image size-full\"><a href=\"https:\/\/www.palauvalencia.com\/evento\/maria-joao-pires-piano-4\/\" target=\"_blank\" rel=\"noreferrer noopener\"><img data-recalc-dims=\"1\" loading=\"lazy\" decoding=\"async\" width=\"525\" height=\"394\" data-attachment-id=\"23479\" data-permalink=\"https:\/\/www.alonso-businesscoaching.es\/blog\/20-10-2022\/pires-abre-la-temporada-del-palau-de-la-musica-de-valencia\/img-20221019-wa0000\/\" data-orig-file=\"https:\/\/i0.wp.com\/www.alonso-businesscoaching.es\/blog\/wp-content\/uploads\/2022\/10\/IMG-20221019-WA0000.jpg?fit=1600%2C1200&amp;ssl=1\" data-orig-size=\"1600,1200\" data-comments-opened=\"1\" data-image-meta=\"{&quot;aperture&quot;:&quot;0&quot;,&quot;credit&quot;:&quot;&quot;,&quot;camera&quot;:&quot;&quot;,&quot;caption&quot;:&quot;&quot;,&quot;created_timestamp&quot;:&quot;0&quot;,&quot;copyright&quot;:&quot;&quot;,&quot;focal_length&quot;:&quot;0&quot;,&quot;iso&quot;:&quot;0&quot;,&quot;shutter_speed&quot;:&quot;0&quot;,&quot;title&quot;:&quot;&quot;,&quot;orientation&quot;:&quot;0&quot;}\" data-image-title=\"IMG-20221019-WA0000\" data-image-description=\"\" data-image-caption=\"\" data-large-file=\"https:\/\/i0.wp.com\/www.alonso-businesscoaching.es\/blog\/wp-content\/uploads\/2022\/10\/IMG-20221019-WA0000.jpg?fit=525%2C394&amp;ssl=1\" src=\"https:\/\/i0.wp.com\/www.alonso-businesscoaching.es\/blog\/wp-content\/uploads\/2022\/10\/IMG-20221019-WA0000.jpg?resize=525%2C394&#038;ssl=1\" alt=\"\" class=\"wp-image-23479\" srcset=\"https:\/\/i0.wp.com\/www.alonso-businesscoaching.es\/blog\/wp-content\/uploads\/2022\/10\/IMG-20221019-WA0000.jpg?w=1600&amp;ssl=1 1600w, https:\/\/i0.wp.com\/www.alonso-businesscoaching.es\/blog\/wp-content\/uploads\/2022\/10\/IMG-20221019-WA0000.jpg?resize=300%2C225&amp;ssl=1 300w, https:\/\/i0.wp.com\/www.alonso-businesscoaching.es\/blog\/wp-content\/uploads\/2022\/10\/IMG-20221019-WA0000.jpg?resize=768%2C576&amp;ssl=1 768w, https:\/\/i0.wp.com\/www.alonso-businesscoaching.es\/blog\/wp-content\/uploads\/2022\/10\/IMG-20221019-WA0000.jpg?resize=1536%2C1152&amp;ssl=1 1536w, https:\/\/i0.wp.com\/www.alonso-businesscoaching.es\/blog\/wp-content\/uploads\/2022\/10\/IMG-20221019-WA0000.jpg?w=1050&amp;ssl=1 1050w\" sizes=\"auto, (max-width: 767px) 89vw, (max-width: 1000px) 54vw, (max-width: 1071px) 543px, 580px\" \/><\/a><figcaption>Maria Jo\u00e3o Pires en un momento de su desparejada interpretaci\u00f3n\u2026<\/figcaption><\/figure>\n","protected":false},"excerpt":{"rendered":"<p>Cuando en 1987 se inaugur\u00f3 el Palau de la M\u00fasica de Valencia, yo entonces era uno de sus m\u00e1s j\u00f3venes visitantes y hoy sigue siendo igual. Esta sorprendente paradoja temporal no augura buenos tiempos futuros para una instituci\u00f3n musical que, en estos treintaicinco a\u00f1os, no ha sabido conectar con el aficionado joven e incluso con &hellip; <\/p>\n<p class=\"link-more\"><a href=\"https:\/\/www.alonso-businesscoaching.es\/blog\/20-10-2022\/pires-abre-la-temporada-del-palau-de-la-musica-de-valencia\/\" class=\"more-link\">Continuar leyendo<span class=\"screen-reader-text\"> &#8220;Pires abre la temporada del Palau de la M\u00fasica de Valencia&#8221;<\/span><\/a><\/p>\n","protected":false},"author":2,"featured_media":0,"comment_status":"open","ping_status":"open","sticky":false,"template":"","format":"standard","meta":{"om_disable_all_campaigns":false,"_monsterinsights_skip_tracking":false,"_monsterinsights_sitenote_active":false,"_monsterinsights_sitenote_note":"","_monsterinsights_sitenote_category":0,"_s2mail":"yes","_uf_show_specific_survey":0,"_uf_disable_surveys":false,"jetpack_post_was_ever_published":false,"_jetpack_newsletter_access":"","_jetpack_dont_email_post_to_subs":false,"_jetpack_newsletter_tier_id":0,"_jetpack_memberships_contains_paywalled_content":false,"_jetpack_memberships_contains_paid_content":false,"footnotes":"","jetpack_publicize_message":"","jetpack_publicize_feature_enabled":true,"jetpack_social_post_already_shared":true,"jetpack_social_options":{"image_generator_settings":{"template":"highway","default_image_id":0,"font":"","enabled":false},"version":2}},"categories":[26],"tags":[44],"class_list":["post-23477","post","type-post","status-publish","format-standard","hentry","category-music-tiones","tag-musica"],"aioseo_notices":[],"jetpack_publicize_connections":[],"jetpack_featured_media_url":"","jetpack_shortlink":"https:\/\/wp.me\/p5YpnT-66F","jetpack_likes_enabled":true,"jetpack-related-posts":[{"id":22599,"url":"https:\/\/www.alonso-businesscoaching.es\/blog\/22-04-2022\/la-paradojica-sinfonia-leningrado-en-el-teatro-principal\/","url_meta":{"origin":23477,"position":0},"title":"La parad\u00f3jica Sinfon\u00eda &#8220;Leningrado&#8221; en el Teatro Principal","author":"Antonio J. Alonso Sampedro","date":"22\/04\/2022","format":false,"excerpt":"Cuando el oto\u00f1o pasado planifiqu\u00e9 mi temporada musical, no eleg\u00ed el Concierto 18 de Abono del Palau de la M\u00fasica de Valencia que se celebrar\u00eda el 21\/04\/22 y dirigir\u00eda la coreana Shiyeon Sung a la Orquesta de Valencia en el Teatro Principal. En el atractivo programa (adem\u00e1s del conocido Preludio\u2026","rel":"","context":"En \u00abMusic-tiones\u00bb","block_context":{"text":"Music-tiones","link":"https:\/\/www.alonso-businesscoaching.es\/blog\/category\/music-tiones\/"},"img":{"alt_text":"","src":"https:\/\/i0.wp.com\/www.alonso-businesscoaching.es\/blog\/wp-content\/uploads\/2022\/04\/20220421_191140-scaled-e1650643996188.jpg?resize=350%2C200&ssl=1","width":350,"height":200,"srcset":"https:\/\/i0.wp.com\/www.alonso-businesscoaching.es\/blog\/wp-content\/uploads\/2022\/04\/20220421_191140-scaled-e1650643996188.jpg?resize=350%2C200&ssl=1 1x, https:\/\/i0.wp.com\/www.alonso-businesscoaching.es\/blog\/wp-content\/uploads\/2022\/04\/20220421_191140-scaled-e1650643996188.jpg?resize=525%2C300&ssl=1 1.5x, https:\/\/i0.wp.com\/www.alonso-businesscoaching.es\/blog\/wp-content\/uploads\/2022\/04\/20220421_191140-scaled-e1650643996188.jpg?resize=700%2C400&ssl=1 2x, https:\/\/i0.wp.com\/www.alonso-businesscoaching.es\/blog\/wp-content\/uploads\/2022\/04\/20220421_191140-scaled-e1650643996188.jpg?resize=1050%2C600&ssl=1 3x, https:\/\/i0.wp.com\/www.alonso-businesscoaching.es\/blog\/wp-content\/uploads\/2022\/04\/20220421_191140-scaled-e1650643996188.jpg?resize=1400%2C800&ssl=1 4x"},"classes":[]},{"id":30835,"url":"https:\/\/www.alonso-businesscoaching.es\/blog\/21-02-2026\/london-symphony-orchestra-g-noseda-palau-musica-valencia-20-02-2026\/","url_meta":{"origin":23477,"position":1},"title":"London Symphony Orchestra \/ G. Noseda \/ Palau M\u00fasica Valencia \/ 20-02-2026","author":"Antonio J. Alonso Sampedro","date":"21\/02\/2026","format":false,"excerpt":"INTERPRETACI\u00d3N MUSICAL9T\u00c9CNICA INSTRUMENTAL8SONIDO7DIRECCI\u00d3N (Gianandrea Noseda)8SOLISTA DE PIANO (Seong-Jin Cho)9PROGRAMA-\"El beso del hada\" (I. Stravinski-1928), \"Concierto para piano y orquesta n.\u00ba 2\" (F. Chopin-1830), \"Sinfon\u00eda n.\u00ba 2\" (A. Borod\u00edn-1877)8RESPUESTA DEL P\u00daBLICO8VALORACI\u00d3N GENERAL8,1","rel":"","context":"En \u00abMusic-tiones\u00bb","block_context":{"text":"Music-tiones","link":"https:\/\/www.alonso-businesscoaching.es\/blog\/category\/music-tiones\/"},"img":{"alt_text":"","src":"https:\/\/i0.wp.com\/www.alonso-businesscoaching.es\/blog\/wp-content\/uploads\/2026\/02\/LSO-Noseda-final.jpg?resize=350%2C200&ssl=1","width":350,"height":200,"srcset":"https:\/\/i0.wp.com\/www.alonso-businesscoaching.es\/blog\/wp-content\/uploads\/2026\/02\/LSO-Noseda-final.jpg?resize=350%2C200&ssl=1 1x, https:\/\/i0.wp.com\/www.alonso-businesscoaching.es\/blog\/wp-content\/uploads\/2026\/02\/LSO-Noseda-final.jpg?resize=525%2C300&ssl=1 1.5x, https:\/\/i0.wp.com\/www.alonso-businesscoaching.es\/blog\/wp-content\/uploads\/2026\/02\/LSO-Noseda-final.jpg?resize=700%2C400&ssl=1 2x, https:\/\/i0.wp.com\/www.alonso-businesscoaching.es\/blog\/wp-content\/uploads\/2026\/02\/LSO-Noseda-final.jpg?resize=1050%2C600&ssl=1 3x, https:\/\/i0.wp.com\/www.alonso-businesscoaching.es\/blog\/wp-content\/uploads\/2026\/02\/LSO-Noseda-final.jpg?resize=1400%2C800&ssl=1 4x"},"classes":[]},{"id":31223,"url":"https:\/\/www.alonso-businesscoaching.es\/blog\/27-03-2026\/nadine-sierra-soprano-palau-les-arts-valencia-26-03-2026\/","url_meta":{"origin":23477,"position":2},"title":"Nadine Sierra (soprano) \/ Palau Les Arts Valencia \/ 26-03-2026","author":"Antonio J. Alonso Sampedro","date":"27\/03\/2026","format":false,"excerpt":"T\u00c9CNICA9TIMBRE9TESITURA8PROYECCI\u00d3N9FRASEO9EXPRESIVIDAD9PRESENCIA ESC\u00c9NICA10PROGRAMA (arias y canciones\u00a0 de G. Donizetti,W.A. Mozart, G. Puccini, G. Verdi, J. Rodrigo, H. Villa-Lobos, C. Vel\u00e1zquez, M. Ponce, Q. Mendoza, G. Gim\u00e9nez)8ADECUACI\u00d3N DE ESTILO9PIANO (Bryan Wagorn)7RESPUESTA DEL P\u00daBLICO10VALORACI\u00d3N GENERAL8,8","rel":"","context":"En \u00abMusic-tiones\u00bb","block_context":{"text":"Music-tiones","link":"https:\/\/www.alonso-businesscoaching.es\/blog\/category\/music-tiones\/"},"img":{"alt_text":"","src":"https:\/\/i0.wp.com\/www.alonso-businesscoaching.es\/blog\/wp-content\/uploads\/2026\/03\/Nadine-Sierra-final2-26.jpg?resize=350%2C200&ssl=1","width":350,"height":200,"srcset":"https:\/\/i0.wp.com\/www.alonso-businesscoaching.es\/blog\/wp-content\/uploads\/2026\/03\/Nadine-Sierra-final2-26.jpg?resize=350%2C200&ssl=1 1x, https:\/\/i0.wp.com\/www.alonso-businesscoaching.es\/blog\/wp-content\/uploads\/2026\/03\/Nadine-Sierra-final2-26.jpg?resize=525%2C300&ssl=1 1.5x, https:\/\/i0.wp.com\/www.alonso-businesscoaching.es\/blog\/wp-content\/uploads\/2026\/03\/Nadine-Sierra-final2-26.jpg?resize=700%2C400&ssl=1 2x, https:\/\/i0.wp.com\/www.alonso-businesscoaching.es\/blog\/wp-content\/uploads\/2026\/03\/Nadine-Sierra-final2-26.jpg?resize=1050%2C600&ssl=1 3x, https:\/\/i0.wp.com\/www.alonso-businesscoaching.es\/blog\/wp-content\/uploads\/2026\/03\/Nadine-Sierra-final2-26.jpg?resize=1400%2C800&ssl=1 4x"},"classes":[]},{"id":30449,"url":"https:\/\/www.alonso-businesscoaching.es\/blog\/21-01-2026\/eugenio-oneguin-palau-de-les-les-arts-valencia-20-01-2026\/","url_meta":{"origin":23477,"position":3},"title":"&#8220;Eugenio Oneguin&#8221;\/Palau de les Les Arts-Valencia\/20-01-2026","author":"Antonio J. Alonso Sampedro","date":"21\/01\/2026","format":false,"excerpt":"1- DIRECCI\u00d3N ESCENOGR\u00c1FICA (Laurent Pelly)92- DIRECCI\u00d3N MUSICAL (Timur Zangiev)Y ORQUESTA COMUNITAT VALENCIANA73- CORO GENERALITAT VALENCIANA84- VOCES SOLISTAS (media)7,4ONEGUIN (Mattia Olivieri)7TATIANA (Corinne Winters)6LENSKI (Iv\u00e1n Ay\u00f3n-Rivas en sustituci\u00f3n de Dmytri Korchak)7OLGA (Ksenia Dudnikova)8GREMIN (Giorgi Manoshvili)9VALORACI\u00d3N GENERAL (media 1-2-3-4)7,8","rel":"","context":"En \u00abMusic-tiones\u00bb","block_context":{"text":"Music-tiones","link":"https:\/\/www.alonso-businesscoaching.es\/blog\/category\/music-tiones\/"},"img":{"alt_text":"","src":"https:\/\/i0.wp.com\/www.alonso-businesscoaching.es\/blog\/wp-content\/uploads\/2026\/01\/Eugenio-Oneguin-Levine.jpg?resize=350%2C200&ssl=1","width":350,"height":200},"classes":[]},{"id":20837,"url":"https:\/\/www.alonso-businesscoaching.es\/blog\/19-01-2021\/pinchazo-de-gergiev-de-calatrava-o-de-mi-audicion\/","url_meta":{"origin":23477,"position":4},"title":"\u00bfPinchazo de Gergiev, de Calatrava o de mi audici\u00f3n&#8230;?","author":"Antonio J. Alonso Sampedro","date":"19\/01\/2021","format":false,"excerpt":"Ayer nos visit\u00f3, una vez m\u00e1s, la maquinaria infalible de la Orquesta del Teatro Mariinsky de San Petersburgo (en versi\u00f3n reducida, aunque en la potencia del sonido no se not\u00f3) con Valery Gergiev al todopoderoso mando. El concierto lo program\u00f3 el Palau de la M\u00fasica de Valencia y fue ubicado\u2026","rel":"","context":"En \u00abMusic-tiones\u00bb","block_context":{"text":"Music-tiones","link":"https:\/\/www.alonso-businesscoaching.es\/blog\/category\/music-tiones\/"},"img":{"alt_text":"","src":"https:\/\/i0.wp.com\/www.alonso-businesscoaching.es\/blog\/wp-content\/uploads\/2021\/01\/20210118_184035-scaled.jpg?resize=350%2C200&ssl=1","width":350,"height":200,"srcset":"https:\/\/i0.wp.com\/www.alonso-businesscoaching.es\/blog\/wp-content\/uploads\/2021\/01\/20210118_184035-scaled.jpg?resize=350%2C200&ssl=1 1x, https:\/\/i0.wp.com\/www.alonso-businesscoaching.es\/blog\/wp-content\/uploads\/2021\/01\/20210118_184035-scaled.jpg?resize=525%2C300&ssl=1 1.5x, https:\/\/i0.wp.com\/www.alonso-businesscoaching.es\/blog\/wp-content\/uploads\/2021\/01\/20210118_184035-scaled.jpg?resize=700%2C400&ssl=1 2x, https:\/\/i0.wp.com\/www.alonso-businesscoaching.es\/blog\/wp-content\/uploads\/2021\/01\/20210118_184035-scaled.jpg?resize=1050%2C600&ssl=1 3x, https:\/\/i0.wp.com\/www.alonso-businesscoaching.es\/blog\/wp-content\/uploads\/2021\/01\/20210118_184035-scaled.jpg?resize=1400%2C800&ssl=1 4x"},"classes":[]},{"id":31374,"url":"https:\/\/www.alonso-businesscoaching.es\/blog\/26-04-2026\/salome-r-strauss-1905-palau-les-arts-valencia-27-04-2026\/","url_meta":{"origin":23477,"position":5},"title":"&#8220;Salome&#8221; (R. Strauss-1905) \/ Palau Les Arts Valencia \/ 27-04-2026","author":"Antonio J. Alonso Sampedro","date":"26\/04\/2026","format":false,"excerpt":"COMPOSICI\u00d3N\u00a0MUSICAL8DIRECCI\u00d3N ESCENOGR\u00c1FICA (Damiano Michieletto)5,21-Escenograf\u00eda (Paolo Fantin)52-Vestuario (Carla Teti)53-Iluminaci\u00f3n (Alessandro Carletti)44-Coreograf\u00eda (Thomas Wilhelm)7DIRECCI\u00d3N MUSICAL (James Gaffigan)6ORQUESTA DE LA COMUNIDAD VALENCIANA7VOCES SOLISTAS6,81-\"Salome\" (Vida Miknevi\u010di\u016bt\u0117)82-\"Herodes\" (John Daszak)83-\"Herodias\" (Michaela Schuster)64-\"Jochanaan\" (Nicholas Brownlee)75-\"Narraboth\" (Christopher Sokolowski)5RESPUESTA DEL P\u00daBLICO8VALORACI\u00d3N GENERAL6,8","rel":"","context":"En \u00abMusic-tiones\u00bb","block_context":{"text":"Music-tiones","link":"https:\/\/www.alonso-businesscoaching.es\/blog\/category\/music-tiones\/"},"img":{"alt_text":"","src":"https:\/\/i0.wp.com\/www.alonso-businesscoaching.es\/blog\/wp-content\/uploads\/2026\/04\/Salome-Solti2.jpg?resize=350%2C200&ssl=1","width":350,"height":200,"srcset":"https:\/\/i0.wp.com\/www.alonso-businesscoaching.es\/blog\/wp-content\/uploads\/2026\/04\/Salome-Solti2.jpg?resize=350%2C200&ssl=1 1x, https:\/\/i0.wp.com\/www.alonso-businesscoaching.es\/blog\/wp-content\/uploads\/2026\/04\/Salome-Solti2.jpg?resize=525%2C300&ssl=1 1.5x, https:\/\/i0.wp.com\/www.alonso-businesscoaching.es\/blog\/wp-content\/uploads\/2026\/04\/Salome-Solti2.jpg?resize=700%2C400&ssl=1 2x"},"classes":[]}],"jetpack_sharing_enabled":true,"_links":{"self":[{"href":"https:\/\/www.alonso-businesscoaching.es\/blog\/wp-json\/wp\/v2\/posts\/23477","targetHints":{"allow":["GET"]}}],"collection":[{"href":"https:\/\/www.alonso-businesscoaching.es\/blog\/wp-json\/wp\/v2\/posts"}],"about":[{"href":"https:\/\/www.alonso-businesscoaching.es\/blog\/wp-json\/wp\/v2\/types\/post"}],"author":[{"embeddable":true,"href":"https:\/\/www.alonso-businesscoaching.es\/blog\/wp-json\/wp\/v2\/users\/2"}],"replies":[{"embeddable":true,"href":"https:\/\/www.alonso-businesscoaching.es\/blog\/wp-json\/wp\/v2\/comments?post=23477"}],"version-history":[{"count":5,"href":"https:\/\/www.alonso-businesscoaching.es\/blog\/wp-json\/wp\/v2\/posts\/23477\/revisions"}],"predecessor-version":[{"id":23484,"href":"https:\/\/www.alonso-businesscoaching.es\/blog\/wp-json\/wp\/v2\/posts\/23477\/revisions\/23484"}],"wp:attachment":[{"href":"https:\/\/www.alonso-businesscoaching.es\/blog\/wp-json\/wp\/v2\/media?parent=23477"}],"wp:term":[{"taxonomy":"category","embeddable":true,"href":"https:\/\/www.alonso-businesscoaching.es\/blog\/wp-json\/wp\/v2\/categories?post=23477"},{"taxonomy":"post_tag","embeddable":true,"href":"https:\/\/www.alonso-businesscoaching.es\/blog\/wp-json\/wp\/v2\/tags?post=23477"}],"curies":[{"name":"wp","href":"https:\/\/api.w.org\/{rel}","templated":true}]}}