{"id":23679,"date":"2022-12-10T17:35:48","date_gmt":"2022-12-10T16:35:48","guid":{"rendered":"https:\/\/www.alonso-businesscoaching.es\/blog\/?p=23679"},"modified":"2022-12-14T08:32:07","modified_gmt":"2022-12-14T07:32:07","slug":"la-boheme-por-encima-de-todo-bien-y-mal","status":"publish","type":"post","link":"https:\/\/www.alonso-businesscoaching.es\/blog\/10-12-2022\/la-boheme-por-encima-de-todo-bien-y-mal\/","title":{"rendered":"\u201cLA BOH\u00c8ME\u201d&#8230; por encima de todo bien y mal"},"content":{"rendered":"\n<figure class=\"wp-block-image size-full\"><a href=\"https:\/\/www.lesarts.com\/es\/la-boheme\/\" target=\"_blank\" rel=\"noreferrer noopener\"><img data-recalc-dims=\"1\" loading=\"lazy\" decoding=\"async\" width=\"525\" height=\"700\" data-attachment-id=\"23680\" data-permalink=\"https:\/\/www.alonso-businesscoaching.es\/blog\/10-12-2022\/la-boheme-por-encima-de-todo-bien-y-mal\/20221209_191857\/\" data-orig-file=\"https:\/\/i0.wp.com\/www.alonso-businesscoaching.es\/blog\/wp-content\/uploads\/2022\/12\/20221209_191857-scaled.jpg?fit=1920%2C2560&amp;ssl=1\" data-orig-size=\"1920,2560\" data-comments-opened=\"1\" data-image-meta=\"{&quot;aperture&quot;:&quot;1.79&quot;,&quot;credit&quot;:&quot;&quot;,&quot;camera&quot;:&quot;SM-A226B&quot;,&quot;caption&quot;:&quot;&quot;,&quot;created_timestamp&quot;:&quot;1670613537&quot;,&quot;copyright&quot;:&quot;&quot;,&quot;focal_length&quot;:&quot;4.71&quot;,&quot;iso&quot;:&quot;1367&quot;,&quot;shutter_speed&quot;:&quot;0.039&quot;,&quot;title&quot;:&quot;&quot;,&quot;orientation&quot;:&quot;1&quot;}\" data-image-title=\"20221209_191857\" data-image-description=\"\" data-image-caption=\"\" data-large-file=\"https:\/\/i0.wp.com\/www.alonso-businesscoaching.es\/blog\/wp-content\/uploads\/2022\/12\/20221209_191857-scaled.jpg?fit=525%2C700&amp;ssl=1\" src=\"https:\/\/i0.wp.com\/www.alonso-businesscoaching.es\/blog\/wp-content\/uploads\/2022\/12\/20221209_191857-scaled.jpg?resize=525%2C700&#038;ssl=1\" alt=\"\" class=\"wp-image-23680\" srcset=\"https:\/\/i0.wp.com\/www.alonso-businesscoaching.es\/blog\/wp-content\/uploads\/2022\/12\/20221209_191857-scaled.jpg?w=1920&amp;ssl=1 1920w, https:\/\/i0.wp.com\/www.alonso-businesscoaching.es\/blog\/wp-content\/uploads\/2022\/12\/20221209_191857-scaled.jpg?w=1050&amp;ssl=1 1050w, https:\/\/i0.wp.com\/www.alonso-businesscoaching.es\/blog\/wp-content\/uploads\/2022\/12\/20221209_191857-scaled.jpg?w=1575&amp;ssl=1 1575w\" sizes=\"auto, (max-width: 767px) 89vw, (max-width: 1000px) 54vw, (max-width: 1071px) 543px, 580px\" \/><\/a><\/figure>\n\n\n\n<p>He perdido ya la cuenta de las \u201cBoh\u00e8mes\u201d presenciadas, pero s\u00ed recuerdo que la mayor\u00eda han acontecido en Navidad. No se trata de una casualidad, pues su argumento comienza en una Nochebuena de los a\u00f1os treinta del siglo XIX, lo que junto a su insuperable popularidad es motivo para programarla en estas fechas en las que hay obligaci\u00f3n de nostalgia y sentimentalidad.<\/p>\n\n\n\n<p>Desde hace tiempo defiendo que el objetivo principal de todo teatro de \u00f3pera es llenarlo, considerando cada butaca vac\u00eda como un fracaso de gesti\u00f3n art\u00edstica y comercial. Lo p\u00fablico se debe al inter\u00e9s de la mayor\u00eda, pues es quien lo sustenta con su esfuerzo fiscal. Por tanto, hay que programar aquello del agrado de la audiencia (que sin duda es mucho m\u00e1s que los grandes t\u00edtulos del repertorio usual) y olvidar cualquier veleidad educacional. \u201cLa Boh\u00e8me\u201d (G. Puccini-1896) asegura completar aforos, s\u00ed, pero hay un detalle a no olvidar y es que la mayor parte de los asistentes a cualquier representaci\u00f3n oper\u00edstica son aficionados habituales que, al presenciar un mismo t\u00edtulo, reclaman cierta variedad. Variedad que en la \u00f3pera actual se fundamenta en las propuestas escenogr\u00e1ficas como veh\u00edculo de significado musical y art\u00edstica plasticidad. Volver a programar la producci\u00f3n propia del Palau de Les Arts de Valencia (vista en 2012 y 2015), para muchos resta en lugar de sumar. Y este mal no solo afecta al teatro valenciano, pues en diciembre del pasado 2021 (\u00a1otra vez en Navidad!), asist\u00ed en el Teatro Real de Madrid a la misma producci\u00f3n propia de una \u201cBoh\u00e8me\u201d que presenci\u00e9 all\u00ed en diciembre de 2017 (\u00a1otra vez en Navidad!), lo que explica mi indisposici\u00f3n y encarecida petici\u00f3n de diversidad.<\/p>\n\n\n\n<p>Aun con ello, \u201cLa Boh\u00e8me\u201d se encuentra por encima de todo bien y mal, siquiera sea por su luminoso y arrebatador duo de amor del primer acto, la mejor constataci\u00f3n del poder de la l\u00edrica para acelerar hasta el coraz\u00f3n de quienes presumen solo escuchar m\u00fasica trap. Ese primer encuentro entre Rodolfo y Mim\u00ed, creado por la sublime inspiraci\u00f3n de un compositor que nunca sol\u00eda fallar, llega a ser capaz de convertir un fr\u00edo y gris invierno parisino en el m\u00e1s luminoso d\u00eda primaveral. G\u00e9lidas &#8220;maninas&#8221; que pronto se calentar\u00e1n, arrobadas por la pasi\u00f3n del \u00fanico sentimiento con potestad de tergiversar totalmente la realidad: el enamoramiento que fulmina la capacidad de pensar. Y nada mejor que dos j\u00f3venes bohemios para resucitar un romanticismo que, en tiempos del autor, pertenec\u00eda a un pasado superado ya. El poeta y la costurera sue\u00f1an vencer su adversidad y nosotros les acompa\u00f1amos hechizados, aun a sabiendas de que todo terminar\u00e1 mal. As\u00ed es la m\u00fasica inmortal de Giacomo Antonio Domenico Michele Secondo Maria Puccini, como as\u00ed es el amor pasional, embriagador pero ciego a nuestro pesar.<\/p>\n\n\n\n<p>De lo presenciado en el estreno de ayer en Les Arts no cabe volver a hablar de la puesta en escena, por su escaso inter\u00e9s y por haber sido comentada a\u00f1os atr\u00e1s. Queda entonces lo musical en donde, una vez m\u00e1s, sobresali\u00f3 la Orquesta de la Comunitat Valenciana y su director titular, James Gaffigan. Cierto es que esta maravillosa formaci\u00f3n en ocasiones parece apagar las voces por su excesiva sonoridad, culpabilizando a sus directores por no saberla amarrar. Pero esto no es verdad. El problema no es de la Orquesta sino de la ac\u00fastica de la Sala Principal, que levanta un muro vertical a la altura del foso que ni los irrefrenables Birgit Nilsson o Franco Corelli podr\u00edan traspasar. Es imposible interpretar un pasaje indicado como \u201cforte\u201d en la partitura aminorando su intensidad sin falsear el significado musical, al igual que no tendr\u00eda sentido gritar susurrando para no molestar.<\/p>\n\n\n\n<p>En cuanto a las voces, tambi\u00e9n una vez m\u00e1s, solo las corales lograron destacar. En especial, las de las Escolan\u00edas \u201cVeus Juntes\u201d y \u201cMare de D\u00e9u dels Desamparats\u201d, todo un prodigio de empastaci\u00f3n y expresi\u00f3n musical, que define la profesionalidad de sus infantiles componentes al mismo gran nivel que los mayores del Coro de la Generalitat.<\/p>\n\n\n\n<p>Los solistas aprobaron con un raspado capilar, transmitiendo la sensaci\u00f3n de no llegar a lo que se esperaba de ellos en esta obra inmortal. Federica Lombardi (Mim\u00ed) tiene voz de \u201cTosca\u201d y no de ingenua jovencita, por lo que solo en el \u00faltimo acto pudo brillar. A Saimir Pirgu (Rodolfo) le falt\u00f3 el resuello en cada pasaje donde se requer\u00eda evidenciar un fiato que nunca pudo demostrar. Mattia Oliveri (Marcello) fue alumno del Centre de Perfeccionament y en 2012 cant\u00f3 el papel de Schaunard, cuando esta misma producci\u00f3n la estren\u00f3 Riccardo Chailly en Les Arts. Entonces, como ahora, deber\u00e1 estudiar m\u00e1s. Marina Monz\u00f3 (Mussetta) no lo hizo mal, pero en su famoso vals \u201cQuando m\u00e9n v\u00f2\u201d se excedi\u00f3 tanto en adornos que aquello pareci\u00f3 una improvisaci\u00f3n de Jazz. Lo dicho con anterioridad, al igual que en otras ocasiones, debe entenderse siempre desde la extrema dificultad  de interpretar los personajes acerc\u00e1ndose a las referencias establecidas por voces de  leyenda, que es lo que a uno le gustar\u00eda escuchar. <\/p>\n\n\n\n<p>Finalizo con la constataci\u00f3n de lo que para m\u00ed hab\u00eda sido una sospecha pendiente de comprobar. Desde la inauguraci\u00f3n de Les Arts, hace diecis\u00e9is a\u00f1os, he asistido a todas las \u00f3peras programadas en su Sala Principal sin probar el buf\u00e9 de los entreactos, contempl\u00e1ndolo desde los balcones recayentes con una mezcla de estupor y curiosidad. Por azares del destino, la persona que ayer se ubicaba en la butaca contigua a la m\u00eda tuvo la generosidad de regalarme su tique porque un imprevisto la oblig\u00f3 a marchar. Y a partir de aqu\u00ed ocurri\u00f3 lo que ten\u00eda que pasar: carreras disimuladas, empujones subrepticios, miradas desafiantes y colas del hambre para unos canap\u00e9s cuya invariante cantidad obliga a la lucha por la supervivencia cuando hay mucho personal. As\u00ed, a la manera de los desamparados protagonistas de &#8220;La Boh\u00e8me&#8221;, queda retratada la supuesta urbanidad de los distinguidos amantes de la \u00d3pera cuando hay que ganarse el pan. Yo tambi\u00e9n tuve que batallar, regresando avergonzado a mi localidad mientras me promet\u00eda no volverlo hacer m\u00e1s&#8230;<\/p>\n\n\n\n<p>RECOMENDACI\u00d3N FONOGR\u00c1FICA<\/p>\n\n\n\n<p>1- GRABACI\u00d3N: Pocas dudas hay respecto al absoluto reinado del hist\u00f3rico registro en el que Herbert von Karajan dirigi\u00f3 a la Orquesta Filarm\u00f3nica de Berl\u00edn, el Coro de la \u00d3pera Alemana de Berl\u00edn y Mirella Freni, Luciano Pavarotti, Rolando Panerai, Elizabeth Harwood, Nicolai Ghiaurov y Gianni Maffeo (impecablemente grabado en la Jesus-Christus-Kirche de Berl\u00edn, en octubre de 1972 para DECCA).<\/p>\n\n\n\n<p>2- REPRODUCCI\u00d3N: Pese a la trivializada proliferaci\u00f3n de sistemas baratos de reproducci\u00f3n sonora ofrecidos por la tecnolog\u00eda actual, solo la acertada elecci\u00f3n de componentes de calidad (en especial\u2026 fuente de sonido, amplificador y cajas ac\u00fasticas) nos puede garantizar una escucha satisfactoria, es decir, con la m\u00ednima p\u00e9rdida de informaci\u00f3n musical (<a href=\"https:\/\/www.xataka.com\/audio\/alta-fidelidad-no-tiene-que-ser-elitista-te-ayudamos-a-configurar-equipo-buena-calidad-precio-realista-2\" target=\"_blank\" rel=\"noopener\" title=\"\">https:\/\/www.xataka.com\/audio\/alta-fidelidad-no-tiene-que-ser-elitista-te-ayudamos-a-configurar-equipo-buena-calidad-precio-realista-<\/a><a href=\"https:\/\/www.xataka.com\/audio\/alta-fidelidad-no-tiene-que-ser-elitista-te-ayudamos-a-configurar-equipo-buena-calidad-precio-realista-2\">2<\/a>).<\/p>\n","protected":false},"excerpt":{"rendered":"<p>He perdido ya la cuenta de las \u201cBoh\u00e8mes\u201d presenciadas, pero s\u00ed recuerdo que la mayor\u00eda han acontecido en Navidad. No se trata de una casualidad, pues su argumento comienza en una Nochebuena de los a\u00f1os treinta del siglo XIX, lo que junto a su insuperable popularidad es motivo para programarla en estas fechas en las &hellip; <\/p>\n<p class=\"link-more\"><a href=\"https:\/\/www.alonso-businesscoaching.es\/blog\/10-12-2022\/la-boheme-por-encima-de-todo-bien-y-mal\/\" class=\"more-link\">Continuar leyendo<span class=\"screen-reader-text\"> &#8220;\u201cLA BOH\u00c8ME\u201d&#8230; por encima de todo bien y mal&#8221;<\/span><\/a><\/p>\n","protected":false},"author":2,"featured_media":0,"comment_status":"open","ping_status":"open","sticky":false,"template":"","format":"standard","meta":{"om_disable_all_campaigns":false,"_monsterinsights_skip_tracking":false,"_monsterinsights_sitenote_active":false,"_monsterinsights_sitenote_note":"","_monsterinsights_sitenote_category":0,"_s2mail":"yes","_uf_show_specific_survey":0,"_uf_disable_surveys":false,"jetpack_post_was_ever_published":false,"_jetpack_newsletter_access":"","_jetpack_dont_email_post_to_subs":false,"_jetpack_newsletter_tier_id":0,"_jetpack_memberships_contains_paywalled_content":false,"_jetpack_memberships_contains_paid_content":false,"footnotes":"","jetpack_publicize_message":"","jetpack_publicize_feature_enabled":true,"jetpack_social_post_already_shared":true,"jetpack_social_options":{"image_generator_settings":{"template":"highway","default_image_id":0,"font":"","enabled":false},"version":2}},"categories":[26],"tags":[44],"class_list":["post-23679","post","type-post","status-publish","format-standard","hentry","category-music-tiones","tag-musica"],"aioseo_notices":[],"jetpack_publicize_connections":[],"jetpack_featured_media_url":"","jetpack_shortlink":"https:\/\/wp.me\/p5YpnT-69V","jetpack_likes_enabled":true,"jetpack-related-posts":[{"id":12961,"url":"https:\/\/www.alonso-businesscoaching.es\/blog\/06-12-2016\/el-dinero-el-tiempo-y-la-felicidad\/","url_meta":{"origin":23679,"position":0},"title":"EL DINERO, EL TIEMPO Y LA FELICIDAD","author":"Antonio J. Alonso Sampedro","date":"06\/12\/2016","format":false,"excerpt":"Siempre he considerado que el mejor destino del dinero es la compra del propio tiempo y quien esto lea es muy posible que aqu\u00ed vea una gran verdad, sin percatarse de la trampa que lleva escondida para la mayor\u00eda de la poblaci\u00f3n esta obviedad: para comprar el tiempo se precisa\u2026","rel":"","context":"En \u00abMarath-tiones\/semanal\u00bb","block_context":{"text":"Marath-tiones\/semanal","link":"https:\/\/www.alonso-businesscoaching.es\/blog\/category\/marath-tiones-semanal\/"},"img":{"alt_text":"","src":"https:\/\/i0.wp.com\/www.alonso-businesscoaching.es\/blog\/wp-content\/uploads\/2016\/11\/El-dinero-el-tiempo-y-la-felicidad.jpg?resize=350%2C200&ssl=1","width":350,"height":200,"srcset":"https:\/\/i0.wp.com\/www.alonso-businesscoaching.es\/blog\/wp-content\/uploads\/2016\/11\/El-dinero-el-tiempo-y-la-felicidad.jpg?resize=350%2C200&ssl=1 1x, https:\/\/i0.wp.com\/www.alonso-businesscoaching.es\/blog\/wp-content\/uploads\/2016\/11\/El-dinero-el-tiempo-y-la-felicidad.jpg?resize=525%2C300&ssl=1 1.5x"},"classes":[]},{"id":19327,"url":"https:\/\/www.alonso-businesscoaching.es\/blog\/09-04-2020\/corona-tiones-26\/","url_meta":{"origin":23679,"position":1},"title":"Corona-tiones&#8230; 26","author":"Antonio J. Alonso Sampedro","date":"09\/04\/2020","format":false,"excerpt":"CUANDO MA\u00d1ANA TE FALTE TIEMPO... \u201cRECUERDA\u201d EL QUE HOY PUDISTE APROVECHAR Hace solo unas semanas, cualquiera hubiera hasta pagado por contar con la posibilidad de parar de trabajar y ponerse al d\u00eda en todo lo pendiente de su vida personal. Pues bien, el ut\u00f3pico deseo se ha cumplido (pese a\u2026","rel":"","context":"En \u00abCorona-tiones\u00bb","block_context":{"text":"Corona-tiones","link":"https:\/\/www.alonso-businesscoaching.es\/blog\/category\/corona-tiones\/"},"img":{"alt_text":"","src":"https:\/\/i0.wp.com\/www.alonso-businesscoaching.es\/blog\/wp-content\/uploads\/2020\/04\/Recuerda.png?resize=350%2C200&ssl=1","width":350,"height":200,"srcset":"https:\/\/i0.wp.com\/www.alonso-businesscoaching.es\/blog\/wp-content\/uploads\/2020\/04\/Recuerda.png?resize=350%2C200&ssl=1 1x, https:\/\/i0.wp.com\/www.alonso-businesscoaching.es\/blog\/wp-content\/uploads\/2020\/04\/Recuerda.png?resize=525%2C300&ssl=1 1.5x, https:\/\/i0.wp.com\/www.alonso-businesscoaching.es\/blog\/wp-content\/uploads\/2020\/04\/Recuerda.png?resize=700%2C400&ssl=1 2x"},"classes":[]},{"id":30243,"url":"https:\/\/www.alonso-businesscoaching.es\/blog\/13-12-2025\/30243\/","url_meta":{"origin":23679,"position":2},"title":"El silencio ser\u00e1 mi ganado aliado para escuchar&#8230;","author":"Antonio J. Alonso Sampedro","date":"13\/12\/2025","format":false,"excerpt":"Finaliza 2025 y con \u00e9l las cr\u00f3nicas musicales de mis visitas al Palau de la M\u00fasica y al de Les Arts de Valencia, que vengo escribiendo desde 2009 en mi Blog personal. Al trasladar sin censura mi opini\u00f3n (porque no concibo otra manera de comunicar) he intentado salvaguardar lo que\u2026","rel":"","context":"En \u00abMusic-tiones\u00bb","block_context":{"text":"Music-tiones","link":"https:\/\/www.alonso-businesscoaching.es\/blog\/category\/music-tiones\/"},"img":{"alt_text":"","src":"https:\/\/i0.wp.com\/www.alonso-businesscoaching.es\/blog\/wp-content\/uploads\/2025\/12\/La-musica-en-el-tiempo.jpg?resize=350%2C200&ssl=1","width":350,"height":200,"srcset":"https:\/\/i0.wp.com\/www.alonso-businesscoaching.es\/blog\/wp-content\/uploads\/2025\/12\/La-musica-en-el-tiempo.jpg?resize=350%2C200&ssl=1 1x, https:\/\/i0.wp.com\/www.alonso-businesscoaching.es\/blog\/wp-content\/uploads\/2025\/12\/La-musica-en-el-tiempo.jpg?resize=525%2C300&ssl=1 1.5x, https:\/\/i0.wp.com\/www.alonso-businesscoaching.es\/blog\/wp-content\/uploads\/2025\/12\/La-musica-en-el-tiempo.jpg?resize=700%2C400&ssl=1 2x, https:\/\/i0.wp.com\/www.alonso-businesscoaching.es\/blog\/wp-content\/uploads\/2025\/12\/La-musica-en-el-tiempo.jpg?resize=1050%2C600&ssl=1 3x, https:\/\/i0.wp.com\/www.alonso-businesscoaching.es\/blog\/wp-content\/uploads\/2025\/12\/La-musica-en-el-tiempo.jpg?resize=1400%2C800&ssl=1 4x"},"classes":[]},{"id":9171,"url":"https:\/\/www.alonso-businesscoaching.es\/blog\/13-12-2014\/la-formalidad-una-costumbre-de-otra-epoca-y-otra-edad\/","url_meta":{"origin":23679,"position":3},"title":"La Formalidad, una costumbre de otra \u00e9poca y otra edad","author":"Antonio J. Alonso Sampedro","date":"13\/12\/2014","format":false,"excerpt":"Ser formal no est\u00e1 de moda porque \u201cla moda\u201d es lo que m\u00e1s se da y ya casi nadie da garant\u00edas de formalidad. Hoy, el formal es observado como anormal y sus usos incomodan tanto a los dem\u00e1s que se le hace dif\u00edcil continuar defendiendo su responsabilidad, tentado en todo\u2026","rel":"","context":"En \u00abMarath-tiones\/semanal\u00bb","block_context":{"text":"Marath-tiones\/semanal","link":"https:\/\/www.alonso-businesscoaching.es\/blog\/category\/marath-tiones-semanal\/"},"img":{"alt_text":"La formalidad","src":"https:\/\/i0.wp.com\/www.alonso-businesscoaching.es\/blog\/wp-content\/uploads\/2014\/12\/La-formalidad.jpg?resize=350%2C200","width":350,"height":200},"classes":[]},{"id":4976,"url":"https:\/\/www.alonso-businesscoaching.es\/blog\/18-05-2013\/la-tv-y-la-inteligencia-emocional\/","url_meta":{"origin":23679,"position":4},"title":"La TV y la Inteligencia Emocional","author":"Antonio J. Alonso Sampedro","date":"18\/05\/2013","format":false,"excerpt":"Si hay un ejemplo universal de utilizaci\u00f3n torticera de los postulados de la Inteligencia Emocional, sin duda ese es el protagonizado por la televisi\u00f3n de hoy, que se ha convertido en el mayor generador de analfabetos emocionales a mayor gloria de los llamados Reality Shows o Telerrealidad. De siempre, una\u2026","rel":"","context":"En \u00abCoach-tiones\u00bb","block_context":{"text":"Coach-tiones","link":"https:\/\/www.alonso-businesscoaching.es\/blog\/category\/coach-tiones\/"},"img":{"alt_text":"Gran Hermano","src":"https:\/\/i0.wp.com\/www.alonso-businesscoaching.es\/blog\/wp-content\/uploads\/2013\/05\/Gran-Hermano.jpg?resize=350%2C200","width":350,"height":200},"classes":[]},{"id":3346,"url":"https:\/\/www.alonso-businesscoaching.es\/blog\/03-11-2012\/la-moda-de-la-inteligencia-emocional\/","url_meta":{"origin":23679,"position":5},"title":"La \u201cmoda\u201d de la Inteligencia Emocional","author":"Antonio J. Alonso Sampedro","date":"03\/11\/2012","format":false,"excerpt":"Titular este art\u00edculo a contracorriente de lo que hoy es actualidad puede que me lleve inmediatamente al pat\u00edbulo de los blasfemos por las huestes de los emocionalistas que, siendo apabullante mayor\u00eda, proclamo no me llegan a asustar en mi defensa de lo racional. Por tanto, estoy dispuesto a batallar. A\u2026","rel":"","context":"En \u00abCoach-tiones\u00bb","block_context":{"text":"Coach-tiones","link":"https:\/\/www.alonso-businesscoaching.es\/blog\/category\/coach-tiones\/"},"img":{"alt_text":"razon-y-emocion.jpg","src":"https:\/\/i0.wp.com\/www.alonso-businesscoaching.es\/blog\/wp-content\/uploads\/2012\/11\/razon-y-emocion.jpg?resize=350%2C200","width":350,"height":200},"classes":[]}],"jetpack_sharing_enabled":true,"_links":{"self":[{"href":"https:\/\/www.alonso-businesscoaching.es\/blog\/wp-json\/wp\/v2\/posts\/23679","targetHints":{"allow":["GET"]}}],"collection":[{"href":"https:\/\/www.alonso-businesscoaching.es\/blog\/wp-json\/wp\/v2\/posts"}],"about":[{"href":"https:\/\/www.alonso-businesscoaching.es\/blog\/wp-json\/wp\/v2\/types\/post"}],"author":[{"embeddable":true,"href":"https:\/\/www.alonso-businesscoaching.es\/blog\/wp-json\/wp\/v2\/users\/2"}],"replies":[{"embeddable":true,"href":"https:\/\/www.alonso-businesscoaching.es\/blog\/wp-json\/wp\/v2\/comments?post=23679"}],"version-history":[{"count":28,"href":"https:\/\/www.alonso-businesscoaching.es\/blog\/wp-json\/wp\/v2\/posts\/23679\/revisions"}],"predecessor-version":[{"id":23744,"href":"https:\/\/www.alonso-businesscoaching.es\/blog\/wp-json\/wp\/v2\/posts\/23679\/revisions\/23744"}],"wp:attachment":[{"href":"https:\/\/www.alonso-businesscoaching.es\/blog\/wp-json\/wp\/v2\/media?parent=23679"}],"wp:term":[{"taxonomy":"category","embeddable":true,"href":"https:\/\/www.alonso-businesscoaching.es\/blog\/wp-json\/wp\/v2\/categories?post=23679"},{"taxonomy":"post_tag","embeddable":true,"href":"https:\/\/www.alonso-businesscoaching.es\/blog\/wp-json\/wp\/v2\/tags?post=23679"}],"curies":[{"name":"wp","href":"https:\/\/api.w.org\/{rel}","templated":true}]}}