{"id":24122,"date":"2023-03-03T16:14:36","date_gmt":"2023-03-03T15:14:36","guid":{"rendered":"https:\/\/www.alonso-businesscoaching.es\/blog\/?p=24122"},"modified":"2023-03-04T11:38:46","modified_gmt":"2023-03-04T10:38:46","slug":"los-mitos-de-don-giovanni-sokolov-y-forman","status":"publish","type":"post","link":"https:\/\/www.alonso-businesscoaching.es\/blog\/03-03-2023\/los-mitos-de-don-giovanni-sokolov-y-forman\/","title":{"rendered":"Los mitos de &#8220;Don Giovanni&#8221;, Sokolov y Forman"},"content":{"rendered":"\n<figure class=\"wp-block-image size-full\"><a href=\"https:\/\/www.lesarts.com\/es\/don-giovanni\/\" target=\"_blank\" rel=\"noreferrer noopener\"><img data-recalc-dims=\"1\" loading=\"lazy\" decoding=\"async\" width=\"525\" height=\"700\" data-attachment-id=\"24158\" data-permalink=\"https:\/\/www.alonso-businesscoaching.es\/blog\/03-03-2023\/los-mitos-de-don-giovanni-sokolov-y-forman\/20230302_193200\/\" data-orig-file=\"https:\/\/i0.wp.com\/www.alonso-businesscoaching.es\/blog\/wp-content\/uploads\/2023\/03\/20230302_193200-scaled.jpg?fit=1920%2C2560&amp;ssl=1\" data-orig-size=\"1920,2560\" data-comments-opened=\"1\" data-image-meta=\"{&quot;aperture&quot;:&quot;1.79&quot;,&quot;credit&quot;:&quot;&quot;,&quot;camera&quot;:&quot;SM-A226B&quot;,&quot;caption&quot;:&quot;&quot;,&quot;created_timestamp&quot;:&quot;1677785520&quot;,&quot;copyright&quot;:&quot;&quot;,&quot;focal_length&quot;:&quot;4.71&quot;,&quot;iso&quot;:&quot;500&quot;,&quot;shutter_speed&quot;:&quot;0.039&quot;,&quot;title&quot;:&quot;&quot;,&quot;orientation&quot;:&quot;1&quot;}\" data-image-title=\"20230302_193200\" data-image-description=\"\" data-image-caption=\"\" data-large-file=\"https:\/\/i0.wp.com\/www.alonso-businesscoaching.es\/blog\/wp-content\/uploads\/2023\/03\/20230302_193200-scaled.jpg?fit=525%2C700&amp;ssl=1\" src=\"https:\/\/i0.wp.com\/www.alonso-businesscoaching.es\/blog\/wp-content\/uploads\/2023\/03\/20230302_193200-scaled.jpg?resize=525%2C700&#038;ssl=1\" alt=\"\" class=\"wp-image-24158\"\/><\/a><\/figure>\n\n\n\n<p class=\"has-text-align-justify\" id=\"18\" style=\"font-size:18px\">Desde que, siendo veintea\u00f1ero, vi \u201cAmadeus\u201d (M. Forman-1984), sigo pregunt\u00e1ndome si alguien capaz de componer la m\u00fasica m\u00e1s celestial que nunca se haya creado pod\u00eda ser un infantocretino de calibre sideral. Mucho me temo que la imagen que nos dej\u00f3 impresa Ton Hulce del genio salzburgu\u00e9s nos acompa\u00f1ar\u00e1 toda la vida, aun a pesar de presenciar una vez m\u00e1s su inmortal \u201cDon Giovanni\u201d (ayer en la Sala Principal de Les Arts) o escuchar su maravillosa Sonata para piano n.\u00ba 13 interpretada por Sokolov (el s\u00e1bado pasado en el Auditorio de Les Arts).<\/p>\n\n\n\n<p class=\"has-text-align-justify\" style=\"font-size:18px\">Cierto es que, despuntar en un \u00e1rea de la vida, no supone hacerlo en las dem\u00e1s y quiz\u00e1s sean muchos m\u00e1s los genios desequilibrados que quienes armonizaban calidades en todo su actuar. Pero, seamos sinceros, con independencia de lo que nos diga la Historia, a los mitos los vemos como esos seres superiores que se encuentran por encima del bien y del mal. Por esto, lo de mitificar no es m\u00e1s que enga\u00f1ar puerilmente a la verdad, muy en especial tras acontecer el inevitable fallecimiento de cualquier mortal (<a href=\"https:\/\/www.alonso-businesscoaching.es\/blog\/2014\/11\/08\/hay-que-estar-muerto-para-ser-superior\/\" target=\"_blank\" rel=\"noopener\" title=\"\">https:\/\/www.alonso-businesscoaching.es\/blog\/2014\/11\/08\/hay-que-estar-muerto-para-ser-superior\/<\/a>).<\/p>\n\n\n\n<p class=\"has-text-align-justify\" style=\"font-size:18px\">Grigory Sokolov es un mito de la interpretaci\u00f3n y para llegar a serlo, estoy convencido de que, adem\u00e1s de un imprescindible talento natural, en su vida no ha cabido m\u00e1s que el piano, dejando aparcado todo lo dem\u00e1s. De nuevo triunf\u00f3 en Valencia (al igual que en cada una de las veintiocho temporadas anteriores), regalando seis bises, como tambi\u00e9n lo hiciera en 2020, cuya rese\u00f1a escrita pocos d\u00edas antes del confinamiento, para este concierto sirve igual (<a href=\"https:\/\/www.alonso-businesscoaching.es\/blog\/2020\/02\/21\/solo-sokolov\/\" target=\"_blank\" rel=\"noopener\" title=\"\">https:\/\/www.alonso-businesscoaching.es\/blog\/2020\/02\/21\/solo-sokolov\/<\/a>).<\/p>\n\n\n\n<p class=\"has-text-align-justify\" style=\"font-size:18px\">\u201cDon Giovanni\u201d (W. A. Mozart-1787) contiene dos mitos: el de la propia \u00f3pera, como una de las cimas de la l\u00edrica universal y el de su protagonista, que encarna la figura literaria del Don Juan. Mozart y da Ponte no eligieron mal al fijarse en el \u201cBurlador de Sevilla\u201d de Tirso de Molina para retratar con humor y bondad a ese desalmado rompecorazones, de cuyo juicio hist\u00f3rico el libreto hoy se salva por el castigo final. Una historia de realismo m\u00e1gico que, sin buscarlo, anticipa lo que en la actualidad se ha convertido en una desnaturalizada cruzada que nadie sabe bien ad\u00f3nde va.<\/p>\n\n\n\n<p class=\"has-text-align-justify\" style=\"font-size:18px\">Pero a la m\u00fasica de Mozart le ocurre lo mismo que a James Stewart en su carrera profesional y es que nunca pudo ser malvado, aun en los personajes que lo requer\u00edan (como Colorado Jim), por m\u00e1s que lo llegase a intentar. El Cuadro 5\u00ba del Segundo Acto de \u201cDon Giovanni\u201d, en el que acontece la expiaci\u00f3n de culpa antes mencionada, es de tal armon\u00eda musical que en su terciopelo azul asistimos sin ese atisbo de venganza que Clint Eastwood nos genera en cada ocasi\u00f3n que tiene de desenfundar. Todo en Mozart es exultante belleza y facilidad, incluso la muerte, a la que dedic\u00f3 un R\u00e9quiem por el que la mayor\u00eda de dioses matar\u00edan para que sonase en su funeral.<\/p>\n\n\n\n<p class=\"has-text-align-justify\" style=\"font-size:18px\">Este encanto luminoso y amable de las composiciones mozartianas, en sus \u00f3peras casi siempre encaja mal con propuestas esc\u00e9nicas vanguardistas, produci\u00e9ndose encontronazos est\u00e9ticos que resultan dif\u00edciles de asimilar. Por fortuna, la producci\u00f3n de La Fenice de Venecia, ofrecida ayer en su estreno en Valencia, no pretendi\u00f3 polemizar y compagin\u00f3 con una partitura que tampoco busca epatar. Apuntando a la discreci\u00f3n crom\u00e1tica, tanto los decorados como el vestuario de \u00e9poca se ti\u00f1eron de desva\u00eddos grises para dejar claro que la m\u00fasica era lo principal, aunque no se puede negar que el ingenioso entramado circular que encadena sin soluci\u00f3n de continuidad ambientes de una misma casa se\u00f1orial, resulta un tanto mareante llegados al final. Adem\u00e1s, algunas escenas que en esta \u00f3pera transcurren en el exterior (las afueras de Toledo o el jard\u00edn de Don Giovanni), pierden su naturaleza al presentarse en el interior como todo lo dem\u00e1s. Los personajes atienden a una coreograf\u00eda impecable, que atesora momentos de gran brillantez, como la escena de seducci\u00f3n cantada en \u201cLa ci darem la mano\u201d y ese acercamiento de espaldas y sincr\u00f3nico entre Don Giovanni y Zerlina, que luego se volver\u00e1 a repetir con Do\u00f1a Elvira, subray\u00e1ndonos que para ese tenorio todas las conquistas son igual. Sin embargo, Damiano Micheletto se toma algunas licencias de discutible rigurosidad, como la de los poderes hipn\u00f3ticos de Don Giovanni o la sustituci\u00f3n de la cena final por una expl\u00edcita bacanal.<\/p>\n\n\n\n<p class=\"has-text-align-justify\" style=\"font-size:18px\">Las voces, que en la \u00f3pera siempre es lo m\u00e1s dif\u00edcil de garantizar, triunfaron por su calidad general, tanto en la emisi\u00f3n como por adecuaci\u00f3n al estilo que Mozart requiere y resulta tan personal. El Don Giovanni de Davide Luciano mantuvo la tensi\u00f3n de su arrogancia durante las tres horas de protagonismo estelar, con una l\u00ednea de canto viril que acompa\u00f1aba su acertada gestualidad. Las Do\u00f1as Anna y Elvira (Ruth Iniesta y Elsa Dreising) no quedaron atr\u00e1s, brillando en sus respectivas arias, al igual que el Don Ottavio de Giovanni Sala, todo sentido y sensibilidad. Gran Zerlina la de Jacquelyn Stucker, mezzo equilibrada y de gran sensualidad. Los bajos Adolfo Corrado (Masetto) y Gianlucca Buratto (el Comendador) destacaron por la potencia de su voz, pero no exenta de intenci\u00f3n, que es lo que se debe pedir a los registros graves, cuyo peso lastra la agilidad. Quien estuvo por debajo del nivel general fue Riccardo Fassi en su composici\u00f3n de Leporello, bien en lo actoral pero demasiado plano en lo vocal.<\/p>\n\n\n\n<p class=\"has-text-align-justify\" style=\"font-size:18px\">Quiz\u00e1s Riccardo Minasi sea el Director de expresi\u00f3n gestual m\u00e1s elegante que hay en la actualidad. Su especializaci\u00f3n en m\u00fasica barroca le beneficia con Mozart, alejando su propuesta de toda tentaci\u00f3n rom\u00e1ntica, lo que la Orquesta de la Comunidad Valenciana tambi\u00e9n supo muy bien interpretar. Esto propici\u00f3 algo que no suele acontecer en Les Arts y es que pudi\u00e9ramos escuchar las voces sin dificultad.<\/p>\n\n\n\n<p class=\"has-text-align-justify\" style=\"font-size:18px\">Bien tambi\u00e9n el Coro de la Generalitat, que altern\u00f3 sus breves intervenciones entre el escenario y el foso, para los hombres, en su acompa\u00f1amiento del Cuadro final.<\/p>\n\n\n\n<p class=\"has-text-align-justify\" style=\"font-size:18px\">Se llen\u00f3 la Sala Principal de Les Arts, pese a la competencia de otro partido del siglo m\u00e1s, lo que prueba que el aficionado a la \u00d3pera responde cuando se programa lo que le gusta de verdad.<\/p>\n\n\n\n<p class=\"has-text-align-justify\" style=\"font-size:18px\">Yo disfrut\u00e9 menos que el resto del personal, torturado por la pantalla del tel\u00e9fono m\u00f3vil que una se\u00f1orita de la fila anterior se empe\u00f1\u00f3 en utilizar durante toda la representaci\u00f3n para comunicar por una conocida aplicaci\u00f3n de chat. No quise afearle su conducta, en la seguridad de que lo consuetudinario hoy es elevar el m\u00f3vil a rango de santidad y por encima de cualquier derecho de los dem\u00e1s.<\/p>\n\n\n\n<p class=\"has-text-align-justify\" style=\"font-size:18px\">Aun as\u00ed, este \u201cDon Giovanni\u201d es quiz\u00e1s el mejor que he presenciado (Festival de Salzburgo-2010 incluido) y por ello recomiendo no dejarlo pasar, pues no lo encontraremos mejor en la Scala o en el Metropolitan&#8230;<\/p>\n\n\n\n<p class=\"has-text-align-justify\" style=\"font-size:18px\">NOTA: El t\u00edtulo y la primera parte de este texto (hasta llegar a mi opini\u00f3n sobre la representaci\u00f3n) fue escrito antes de la conferencia de Ram\u00f3n Gener.<\/p>\n\n\n\n<hr class=\"wp-block-separator has-text-color has-black-color has-alpha-channel-opacity has-black-background-color has-background is-style-wide\"\/>\n\n\n\n<p class=\"has-text-align-justify\" style=\"font-size:18px\">De las innumerables grabaciones de esta popular obra, una de las m\u00e1s interesantes es la que dirigiera en 1961 para EMI y con asombroso sonido estereof\u00f3nico, Carlo Maria Giulini, al mando de la Orquesta y Coros Philharmonia que arropaban las incomparables voces de W\u00e4cher, Sutherland, Alva, Frick, Schwarzkopf, Taddei, Cappuccilli y Sciutti.<\/p>\n\n\n\n<figure class=\"wp-block-image size-full\"><a href=\"https:\/\/www.palauvalencia.com\/evento\/grigory-sokolov-4\/\" target=\"_blank\" rel=\"noreferrer noopener\"><img data-recalc-dims=\"1\" loading=\"lazy\" decoding=\"async\" width=\"525\" height=\"700\" data-attachment-id=\"24126\" data-permalink=\"https:\/\/www.alonso-businesscoaching.es\/blog\/03-03-2023\/los-mitos-de-don-giovanni-sokolov-y-forman\/20230225_192558\/\" data-orig-file=\"https:\/\/i0.wp.com\/www.alonso-businesscoaching.es\/blog\/wp-content\/uploads\/2023\/03\/20230225_192558-scaled.jpg?fit=1920%2C2560&amp;ssl=1\" data-orig-size=\"1920,2560\" data-comments-opened=\"1\" data-image-meta=\"{&quot;aperture&quot;:&quot;1.79&quot;,&quot;credit&quot;:&quot;&quot;,&quot;camera&quot;:&quot;SM-A226B&quot;,&quot;caption&quot;:&quot;&quot;,&quot;created_timestamp&quot;:&quot;1677353158&quot;,&quot;copyright&quot;:&quot;&quot;,&quot;focal_length&quot;:&quot;4.71&quot;,&quot;iso&quot;:&quot;800&quot;,&quot;shutter_speed&quot;:&quot;0.06&quot;,&quot;title&quot;:&quot;&quot;,&quot;orientation&quot;:&quot;1&quot;}\" data-image-title=\"20230225_192558\" data-image-description=\"\" data-image-caption=\"\" data-large-file=\"https:\/\/i0.wp.com\/www.alonso-businesscoaching.es\/blog\/wp-content\/uploads\/2023\/03\/20230225_192558-scaled.jpg?fit=525%2C394&amp;ssl=1\" src=\"https:\/\/i0.wp.com\/www.alonso-businesscoaching.es\/blog\/wp-content\/uploads\/2023\/03\/20230225_192558-scaled.jpg?resize=525%2C700&#038;ssl=1\" alt=\"\" class=\"wp-image-24126\" srcset=\"https:\/\/i0.wp.com\/www.alonso-businesscoaching.es\/blog\/wp-content\/uploads\/2023\/03\/20230225_192558-scaled.jpg?w=1920&amp;ssl=1 1920w, https:\/\/i0.wp.com\/www.alonso-businesscoaching.es\/blog\/wp-content\/uploads\/2023\/03\/20230225_192558-scaled.jpg?w=1050&amp;ssl=1 1050w, https:\/\/i0.wp.com\/www.alonso-businesscoaching.es\/blog\/wp-content\/uploads\/2023\/03\/20230225_192558-scaled.jpg?w=1575&amp;ssl=1 1575w\" sizes=\"auto, (max-width: 767px) 89vw, (max-width: 1000px) 54vw, (max-width: 1071px) 543px, 580px\" \/><\/a><\/figure>\n","protected":false},"excerpt":{"rendered":"<p>Desde que, siendo veintea\u00f1ero, vi \u201cAmadeus\u201d (M. Forman-1984), sigo pregunt\u00e1ndome si alguien capaz de componer la m\u00fasica m\u00e1s celestial que nunca se haya creado pod\u00eda ser un infantocretino de calibre sideral. Mucho me temo que la imagen que nos dej\u00f3 impresa Ton Hulce del genio salzburgu\u00e9s nos acompa\u00f1ar\u00e1 toda la vida, aun a pesar de &hellip; <\/p>\n<p class=\"link-more\"><a href=\"https:\/\/www.alonso-businesscoaching.es\/blog\/03-03-2023\/los-mitos-de-don-giovanni-sokolov-y-forman\/\" class=\"more-link\">Continuar leyendo<span class=\"screen-reader-text\"> &#8220;Los mitos de &#8220;Don Giovanni&#8221;, Sokolov y Forman&#8221;<\/span><\/a><\/p>\n","protected":false},"author":2,"featured_media":0,"comment_status":"open","ping_status":"open","sticky":false,"template":"","format":"standard","meta":{"om_disable_all_campaigns":false,"_monsterinsights_skip_tracking":false,"_monsterinsights_sitenote_active":false,"_monsterinsights_sitenote_note":"","_monsterinsights_sitenote_category":0,"_s2mail":"yes","_uf_show_specific_survey":0,"_uf_disable_surveys":false,"jetpack_post_was_ever_published":false,"_jetpack_newsletter_access":"","_jetpack_dont_email_post_to_subs":false,"_jetpack_newsletter_tier_id":0,"_jetpack_memberships_contains_paywalled_content":false,"_jetpack_memberships_contains_paid_content":false,"footnotes":"","jetpack_publicize_message":"","jetpack_publicize_feature_enabled":true,"jetpack_social_post_already_shared":true,"jetpack_social_options":{"image_generator_settings":{"template":"highway","default_image_id":0,"font":"","enabled":false},"version":2}},"categories":[26],"tags":[44],"class_list":["post-24122","post","type-post","status-publish","format-standard","hentry","category-music-tiones","tag-musica"],"aioseo_notices":[],"jetpack_publicize_connections":[],"jetpack_featured_media_url":"","jetpack_shortlink":"https:\/\/wp.me\/p5YpnT-6h4","jetpack_likes_enabled":true,"jetpack-related-posts":[{"id":18946,"url":"https:\/\/www.alonso-businesscoaching.es\/blog\/21-02-2020\/solo-sokolov\/","url_meta":{"origin":24122,"position":0},"title":"Solo Sokolov","author":"Antonio J. Alonso Sampedro","date":"21\/02\/2020","format":false,"excerpt":"Solo Sokolov es capaz de generar en Valencia esa inextinguible expectaci\u00f3n que lleva a agotar, a\u00f1o tras a\u00f1o, las localidades de la sala que le asignen sin importar su tama\u00f1o ni la soledad en el escenario de su instrumento musical. El piano es el \u00fanico instrumento (junto a su primo,\u2026","rel":"","context":"En \u00abMusic-tiones\u00bb","block_context":{"text":"Music-tiones","link":"https:\/\/www.alonso-businesscoaching.es\/blog\/category\/music-tiones\/"},"img":{"alt_text":"","src":"https:\/\/i0.wp.com\/www.alonso-businesscoaching.es\/blog\/wp-content\/uploads\/2020\/02\/20200220_191756-scaled.jpg?resize=350%2C200&ssl=1","width":350,"height":200,"srcset":"https:\/\/i0.wp.com\/www.alonso-businesscoaching.es\/blog\/wp-content\/uploads\/2020\/02\/20200220_191756-scaled.jpg?resize=350%2C200&ssl=1 1x, https:\/\/i0.wp.com\/www.alonso-businesscoaching.es\/blog\/wp-content\/uploads\/2020\/02\/20200220_191756-scaled.jpg?resize=525%2C300&ssl=1 1.5x, https:\/\/i0.wp.com\/www.alonso-businesscoaching.es\/blog\/wp-content\/uploads\/2020\/02\/20200220_191756-scaled.jpg?resize=700%2C400&ssl=1 2x, https:\/\/i0.wp.com\/www.alonso-businesscoaching.es\/blog\/wp-content\/uploads\/2020\/02\/20200220_191756-scaled.jpg?resize=1050%2C600&ssl=1 3x, https:\/\/i0.wp.com\/www.alonso-businesscoaching.es\/blog\/wp-content\/uploads\/2020\/02\/20200220_191756-scaled.jpg?resize=1400%2C800&ssl=1 4x"},"classes":[]},{"id":8888,"url":"https:\/\/www.alonso-businesscoaching.es\/blog\/08-11-2014\/hay-que-estar-muerto-para-ser-superior\/","url_meta":{"origin":24122,"position":1},"title":"\u00bfHay que estar muerto para ser superior&#8230;?","author":"Antonio J. Alonso Sampedro","date":"08\/11\/2014","format":false,"excerpt":"Cada primero de Noviembre, en el D\u00eda de Difuntos (Halloween nunca ser\u00e1 para m\u00ed su denominaci\u00f3n), tengo por costumbre escuchar el Don Giovanni (1787) de Mozart para celebrar su excelsa m\u00fasica y que yo estoy vivo mientras que el burlador no. \u00bfQui\u00e9n de los dos es superior\u2026? El libreto de\u2026","rel":"","context":"En \u00abMarath-tiones\/semanal\u00bb","block_context":{"text":"Marath-tiones\/semanal","link":"https:\/\/www.alonso-businesscoaching.es\/blog\/category\/marath-tiones-semanal\/"},"img":{"alt_text":"Don Giovanni","src":"https:\/\/i0.wp.com\/www.alonso-businesscoaching.es\/blog\/wp-content\/uploads\/2014\/11\/Don-Giovanni.jpg?resize=350%2C200","width":350,"height":200},"classes":[]},{"id":3163,"url":"https:\/\/www.alonso-businesscoaching.es\/blog\/29-08-2010\/salzburgo-verona-y-el-amor\/","url_meta":{"origin":24122,"position":2},"title":"Salzburgo, Verona y el Amor","author":"Antonio J. Alonso Sampedro","date":"29\/08\/2010","format":false,"excerpt":"Dec\u00eda en mi anterior entrada que cada Agosto siempre tiene fecha de caducidad y el presente, ya la va teniendo. Pronto comenzaremos un nuevo Septiembre con esos a\u00f1orados recuerdos vividos de unos d\u00edas que, en mi caso, han sido intensamente inolvidables. Asistir a los Festivales de M\u00fasica de Salzburgo y\u2026","rel":"","context":"En \u00abMusic-tiones\u00bb","block_context":{"text":"Music-tiones","link":"https:\/\/www.alonso-businesscoaching.es\/blog\/category\/music-tiones\/"},"img":{"alt_text":"","src":"https:\/\/i0.wp.com\/www.alonso-businesscoaching.es\/blog\/wp-content\/uploads\/2021\/01\/P1000408-scaled.jpg?resize=350%2C200&ssl=1","width":350,"height":200,"srcset":"https:\/\/i0.wp.com\/www.alonso-businesscoaching.es\/blog\/wp-content\/uploads\/2021\/01\/P1000408-scaled.jpg?resize=350%2C200&ssl=1 1x, https:\/\/i0.wp.com\/www.alonso-businesscoaching.es\/blog\/wp-content\/uploads\/2021\/01\/P1000408-scaled.jpg?resize=525%2C300&ssl=1 1.5x, https:\/\/i0.wp.com\/www.alonso-businesscoaching.es\/blog\/wp-content\/uploads\/2021\/01\/P1000408-scaled.jpg?resize=700%2C400&ssl=1 2x, https:\/\/i0.wp.com\/www.alonso-businesscoaching.es\/blog\/wp-content\/uploads\/2021\/01\/P1000408-scaled.jpg?resize=1050%2C600&ssl=1 3x, https:\/\/i0.wp.com\/www.alonso-businesscoaching.es\/blog\/wp-content\/uploads\/2021\/01\/P1000408-scaled.jpg?resize=1400%2C800&ssl=1 4x"},"classes":[]},{"id":20778,"url":"https:\/\/www.alonso-businesscoaching.es\/blog\/06-01-2021\/schrott-y-mozart-flotats-y-moliere-vera-y-macbeth-hopkins-y-zeller\/","url_meta":{"origin":24122,"position":3},"title":"Schrott y Mozart, Flotats y Moli\u00e8re, Vera y Shakespeare, Hopkins y Zeller","author":"Antonio J. Alonso Sampedro","date":"06\/01\/2021","format":false,"excerpt":"Las cuatro asociaciones del t\u00edtulo anterior no pretenden ejercer de acertijo embaucador, sino destacar lo principal de lo visto y escuchado estas \u201ccoronavidades\u201d en un Madrid desolador: \u201cDon Giovanni\u201d (Teatro Real), \u201cEl enfermo imaginario\u201d (Teatro de la Comedia), \u201cMacbeth\u201d (Teatro Mar\u00eda Guerrero) y \u201cEl padre\u201d (Cine Embajadores). En el verano\u2026","rel":"","context":"En \u00abMusic-tiones\u00bb","block_context":{"text":"Music-tiones","link":"https:\/\/www.alonso-businesscoaching.es\/blog\/category\/music-tiones\/"},"img":{"alt_text":"","src":"https:\/\/i0.wp.com\/www.alonso-businesscoaching.es\/blog\/wp-content\/uploads\/2021\/01\/El-padre.png?resize=350%2C200&ssl=1","width":350,"height":200},"classes":[]},{"id":26692,"url":"https:\/\/www.alonso-businesscoaching.es\/blog\/07-06-2024\/una-flauta-magica-de-efectos-especiales-en-les-arts\/","url_meta":{"origin":24122,"position":4},"title":"Una \u201cFlauta m\u00e1gica\u201d de efectos especiales en Les Arts","author":"Antonio J. Alonso Sampedro","date":"07\/06\/2024","format":false,"excerpt":"En la historia de la m\u00fasica occidental de los \u00faltimos cuatrocientos a\u00f1os, solo destacan unas pocas decenas de compositores cuya calidad ha sido merecedora de la inmortalidad, entendida esta como viva presencia en los conciertos, las representaciones de \u00f3pera y las grabaciones de la actualidad. De todos ellos, un reducido\u2026","rel":"","context":"En \u00abMusic-tiones\u00bb","block_context":{"text":"Music-tiones","link":"https:\/\/www.alonso-businesscoaching.es\/blog\/category\/music-tiones\/"},"img":{"alt_text":"","src":"https:\/\/i0.wp.com\/www.alonso-businesscoaching.es\/blog\/wp-content\/uploads\/2024\/06\/La-flauta-magica-24.jpg?resize=350%2C200&ssl=1","width":350,"height":200,"srcset":"https:\/\/i0.wp.com\/www.alonso-businesscoaching.es\/blog\/wp-content\/uploads\/2024\/06\/La-flauta-magica-24.jpg?resize=350%2C200&ssl=1 1x, https:\/\/i0.wp.com\/www.alonso-businesscoaching.es\/blog\/wp-content\/uploads\/2024\/06\/La-flauta-magica-24.jpg?resize=525%2C300&ssl=1 1.5x"},"classes":[]},{"id":18788,"url":"https:\/\/www.alonso-businesscoaching.es\/blog\/19-01-2020\/dos-palaus-para-bruckner-y-strauss\/","url_meta":{"origin":24122,"position":5},"title":"Dos &#8220;Palaus&#8221; para Bruckner y Strauss","author":"Antonio J. Alonso Sampedro","date":"19\/01\/2020","format":false,"excerpt":"En d\u00edas consecutivos (viernes y s\u00e1bado pasados) mis esperanzados pasos me llevaron a dos \u201cPalaus\u201d cuya fisonom\u00eda parec\u00eda muy relacionada con la m\u00fasica que iba a escuchar: la de Anton Bruckner en la Lonja de Valencia y la de Richard Strauss en Les Arts. Esperanza de comprobar c\u00f3mo sonar\u00eda la\u2026","rel":"","context":"En \u00abMusic-tiones\u00bb","block_context":{"text":"Music-tiones","link":"https:\/\/www.alonso-businesscoaching.es\/blog\/category\/music-tiones\/"},"img":{"alt_text":"","src":"https:\/\/i0.wp.com\/www.alonso-businesscoaching.es\/blog\/wp-content\/uploads\/2020\/01\/20200118_184047-scaled.jpg?resize=350%2C200&ssl=1","width":350,"height":200,"srcset":"https:\/\/i0.wp.com\/www.alonso-businesscoaching.es\/blog\/wp-content\/uploads\/2020\/01\/20200118_184047-scaled.jpg?resize=350%2C200&ssl=1 1x, https:\/\/i0.wp.com\/www.alonso-businesscoaching.es\/blog\/wp-content\/uploads\/2020\/01\/20200118_184047-scaled.jpg?resize=525%2C300&ssl=1 1.5x, https:\/\/i0.wp.com\/www.alonso-businesscoaching.es\/blog\/wp-content\/uploads\/2020\/01\/20200118_184047-scaled.jpg?resize=700%2C400&ssl=1 2x, https:\/\/i0.wp.com\/www.alonso-businesscoaching.es\/blog\/wp-content\/uploads\/2020\/01\/20200118_184047-scaled.jpg?resize=1050%2C600&ssl=1 3x, https:\/\/i0.wp.com\/www.alonso-businesscoaching.es\/blog\/wp-content\/uploads\/2020\/01\/20200118_184047-scaled.jpg?resize=1400%2C800&ssl=1 4x"},"classes":[]}],"jetpack_sharing_enabled":true,"_links":{"self":[{"href":"https:\/\/www.alonso-businesscoaching.es\/blog\/wp-json\/wp\/v2\/posts\/24122","targetHints":{"allow":["GET"]}}],"collection":[{"href":"https:\/\/www.alonso-businesscoaching.es\/blog\/wp-json\/wp\/v2\/posts"}],"about":[{"href":"https:\/\/www.alonso-businesscoaching.es\/blog\/wp-json\/wp\/v2\/types\/post"}],"author":[{"embeddable":true,"href":"https:\/\/www.alonso-businesscoaching.es\/blog\/wp-json\/wp\/v2\/users\/2"}],"replies":[{"embeddable":true,"href":"https:\/\/www.alonso-businesscoaching.es\/blog\/wp-json\/wp\/v2\/comments?post=24122"}],"version-history":[{"count":21,"href":"https:\/\/www.alonso-businesscoaching.es\/blog\/wp-json\/wp\/v2\/posts\/24122\/revisions"}],"predecessor-version":[{"id":24168,"href":"https:\/\/www.alonso-businesscoaching.es\/blog\/wp-json\/wp\/v2\/posts\/24122\/revisions\/24168"}],"wp:attachment":[{"href":"https:\/\/www.alonso-businesscoaching.es\/blog\/wp-json\/wp\/v2\/media?parent=24122"}],"wp:term":[{"taxonomy":"category","embeddable":true,"href":"https:\/\/www.alonso-businesscoaching.es\/blog\/wp-json\/wp\/v2\/categories?post=24122"},{"taxonomy":"post_tag","embeddable":true,"href":"https:\/\/www.alonso-businesscoaching.es\/blog\/wp-json\/wp\/v2\/tags?post=24122"}],"curies":[{"name":"wp","href":"https:\/\/api.w.org\/{rel}","templated":true}]}}