{"id":24239,"date":"2023-03-18T19:15:46","date_gmt":"2023-03-18T18:15:46","guid":{"rendered":"https:\/\/www.alonso-businesscoaching.es\/blog\/?p=24239"},"modified":"2024-03-20T17:55:38","modified_gmt":"2024-03-20T16:55:38","slug":"la-paradoja-musical-de-la-mascleta","status":"publish","type":"post","link":"https:\/\/www.alonso-businesscoaching.es\/blog\/18-03-2023\/la-paradoja-musical-de-la-mascleta\/","title":{"rendered":"La paradoja musical de la &#8220;Masclet\u00e1&#8221;"},"content":{"rendered":"\n<figure class=\"wp-block-image size-full\"><a href=\"https:\/\/www.youtube.com\/watch?v=RbMzKtx33KU\" target=\"_blank\" rel=\"noreferrer noopener\"><img data-recalc-dims=\"1\" loading=\"lazy\" decoding=\"async\" width=\"525\" height=\"394\" data-attachment-id=\"24243\" data-permalink=\"https:\/\/www.alonso-businesscoaching.es\/blog\/18-03-2023\/la-paradoja-musical-de-la-mascleta\/mascleta\/\" data-orig-file=\"https:\/\/i0.wp.com\/www.alonso-businesscoaching.es\/blog\/wp-content\/uploads\/2023\/03\/Mascleta.jpg?fit=1200%2C900&amp;ssl=1\" data-orig-size=\"1200,900\" data-comments-opened=\"1\" data-image-meta=\"{&quot;aperture&quot;:&quot;0&quot;,&quot;credit&quot;:&quot;&quot;,&quot;camera&quot;:&quot;&quot;,&quot;caption&quot;:&quot;&quot;,&quot;created_timestamp&quot;:&quot;0&quot;,&quot;copyright&quot;:&quot;&quot;,&quot;focal_length&quot;:&quot;0&quot;,&quot;iso&quot;:&quot;0&quot;,&quot;shutter_speed&quot;:&quot;0&quot;,&quot;title&quot;:&quot;&quot;,&quot;orientation&quot;:&quot;1&quot;}\" data-image-title=\"Mascleta\" data-image-description=\"\" data-image-caption=\"\" data-large-file=\"https:\/\/i0.wp.com\/www.alonso-businesscoaching.es\/blog\/wp-content\/uploads\/2023\/03\/Mascleta.jpg?fit=525%2C394&amp;ssl=1\" src=\"https:\/\/i0.wp.com\/www.alonso-businesscoaching.es\/blog\/wp-content\/uploads\/2023\/03\/Mascleta.jpg?resize=525%2C394&#038;ssl=1\" alt=\"\" class=\"wp-image-24243\" srcset=\"https:\/\/i0.wp.com\/www.alonso-businesscoaching.es\/blog\/wp-content\/uploads\/2023\/03\/Mascleta.jpg?w=1200&amp;ssl=1 1200w, https:\/\/i0.wp.com\/www.alonso-businesscoaching.es\/blog\/wp-content\/uploads\/2023\/03\/Mascleta.jpg?resize=300%2C225&amp;ssl=1 300w, https:\/\/i0.wp.com\/www.alonso-businesscoaching.es\/blog\/wp-content\/uploads\/2023\/03\/Mascleta.jpg?resize=768%2C576&amp;ssl=1 768w, https:\/\/i0.wp.com\/www.alonso-businesscoaching.es\/blog\/wp-content\/uploads\/2023\/03\/Mascleta.jpg?w=1050&amp;ssl=1 1050w\" sizes=\"auto, (max-width: 767px) 89vw, (max-width: 1000px) 54vw, (max-width: 1071px) 543px, 580px\" \/><\/a><\/figure>\n\n\n\n<p class=\"has-text-align-justify\" style=\"font-size:18px\">En plena semana grande de Fallas, trasladar una opini\u00f3n distinta al sentir popular sobre las \u201cMascletaes\u201d no parece una buena idea, a menos que la pueda argumentar. Pero ni esto, pues es bien conocido que las tradiciones y los sentimientos son inmunes a los datos y su carga de objetividad. Me juego el cuello, pero qu\u00e9 ser\u00eda esta vida sin opinar.<\/p>\n\n\n\n<p class=\"has-text-align-justify\" style=\"font-size:18px\">La \u201cMasclet\u00e1\u201d o ese disparo pirot\u00e9cnico que caracteriza a la Comunidad Valenciana y a la ciudad de Valencia en particular, se encuentra arraigada hasta tal punto que, junto a los sat\u00edricos monumentos que nacen para quemar, configura lo m\u00e1s t\u00edpico de las Fallas, aunque su naturaleza contradiga el otro signo distintivo de esta sociedad: su car\u00e1cter musical.<\/p>\n\n\n\n<p class=\"has-text-align-justify\" style=\"font-size:18px\">En 2018, la secular tradici\u00f3n de la Comunidad Valenciana fue declarada &#8220;Bien de Inter\u00e9s Cultural&#8221;, con sus m\u00e1s de 500 sociedades musicales (la mitad de todas las espa\u00f1olas) y unos 40.000 instrumentistas en ejercicio, es decir, un caso tan ins\u00f3lito que es una barbaridad. Esto podr\u00eda significar que el pueblo valenciano entiende de m\u00fasica como el que m\u00e1s, pero yo lo dudo a tenor del \u00e9xito que durante diecinueve d\u00edas de marzo al a\u00f1o cosecha en la Plaza del Ayuntamiento de Valencia cada \u201cMasclet\u00e1\u201d.<\/p>\n\n\n\n<p class=\"has-text-align-justify\" style=\"font-size:18px\">Junto a la melod\u00eda y la armon\u00eda, el otro de los tres componentes b\u00e1sicos de la m\u00fasica es el ritmo, que define su parte din\u00e1mica y organizativa, siendo el origen de cualquier manifestaci\u00f3n festiva desde los or\u00edgenes de la humanidad. El ritmo es algo tan primitivo que es entendido por todos y a todos les emociona por igual. Un beb\u00e9 de cualquier nacionalidad no necesita aprendizaje para bailar con cualquier ritmo y su unidad de medida, el comp\u00e1s. <\/p>\n\n\n\n<p class=\"has-text-align-justify\" style=\"font-size:18px\">La manera m\u00e1s sencilla de interpretar el ritmo es mediante la percusi\u00f3n. Casi todos los utensilios son susceptibles de generar sonido r\u00edtmico, pues solo es necesario golpear con alg\u00fan criterio musical. Sin duda, la \u201cMasclet\u00e1\u201d tambi\u00e9n puede ser un veh\u00edculo m\u00e1s de expresi\u00f3n musical cuando los sonidos de los petardos se suceden con ritmo y comp\u00e1s. Pero en realidad, la mayor\u00eda de ellas solo evidencian barullo sonoro y nada m\u00e1s, incluso en esta actualidad presidida por una electr\u00f3nica que facilita la precisi\u00f3n relojera al disparar. El ritmo incita a seguirlo a la manera de cada cual, algo imposible en la &#8220;Masclet\u00e1&#8221;.<\/p>\n\n\n\n<p class=\"has-text-align-justify\" style=\"font-size:18px\">Estos d\u00edas en Valencia, el p\u00fablico aplaude enfervorizado al &#8220;Senyor Pirot\u00eacnic&#8221; tras cada \u201cMasclet\u00e1\u201d, aun no atendiendo a ning\u00fan criterio musical, pues lo \u00fanico que espera se lo dan: el estruendo creciente en decibelios hasta llegar al ensordecedor \u201cTerratremol\u201d final. Una demostraci\u00f3n de bravura, pero inesperadamente en esta Comunidad, no de musicalidad.<\/p>\n\n\n\n<p class=\"has-text-align-justify\" style=\"font-size:18px\">Ayer por la tarde, paseando en Fallas por mi ciudad, encontr\u00e9 por casualidad a un grupo de percusi\u00f3n que animaba la calle de un casal, cuyo arrebatado ritmo, encadenado y atronador, sin yo querer me obligaba a bailar, emocion\u00e1ndome hasta hacerme llorar. Parad\u00f3jicamente, se llamaba \u201cTro de Bac\u201d&#8230;<\/p>\n\n\n\n<figure class=\"wp-block-image size-full\"><img data-recalc-dims=\"1\" loading=\"lazy\" decoding=\"async\" width=\"525\" height=\"393\" data-attachment-id=\"24241\" data-permalink=\"https:\/\/www.alonso-businesscoaching.es\/blog\/18-03-2023\/la-paradoja-musical-de-la-mascleta\/percusion-callejera-reducida\/\" data-orig-file=\"https:\/\/i0.wp.com\/www.alonso-businesscoaching.es\/blog\/wp-content\/uploads\/2023\/03\/Percusion-callejera-reducida.jpg?fit=797%2C596&amp;ssl=1\" data-orig-size=\"797,596\" data-comments-opened=\"1\" data-image-meta=\"{&quot;aperture&quot;:&quot;0&quot;,&quot;credit&quot;:&quot;&quot;,&quot;camera&quot;:&quot;&quot;,&quot;caption&quot;:&quot;&quot;,&quot;created_timestamp&quot;:&quot;0&quot;,&quot;copyright&quot;:&quot;&quot;,&quot;focal_length&quot;:&quot;0&quot;,&quot;iso&quot;:&quot;0&quot;,&quot;shutter_speed&quot;:&quot;0&quot;,&quot;title&quot;:&quot;&quot;,&quot;orientation&quot;:&quot;0&quot;}\" data-image-title=\"Percusion-callejera-reducida\" data-image-description=\"\" data-image-caption=\"\" data-large-file=\"https:\/\/i0.wp.com\/www.alonso-businesscoaching.es\/blog\/wp-content\/uploads\/2023\/03\/Percusion-callejera-reducida.jpg?fit=525%2C393&amp;ssl=1\" src=\"https:\/\/i0.wp.com\/www.alonso-businesscoaching.es\/blog\/wp-content\/uploads\/2023\/03\/Percusion-callejera-reducida.jpg?resize=525%2C393&#038;ssl=1\" alt=\"\" class=\"wp-image-24241\" srcset=\"https:\/\/i0.wp.com\/www.alonso-businesscoaching.es\/blog\/wp-content\/uploads\/2023\/03\/Percusion-callejera-reducida.jpg?w=797&amp;ssl=1 797w, https:\/\/i0.wp.com\/www.alonso-businesscoaching.es\/blog\/wp-content\/uploads\/2023\/03\/Percusion-callejera-reducida.jpg?resize=300%2C224&amp;ssl=1 300w, https:\/\/i0.wp.com\/www.alonso-businesscoaching.es\/blog\/wp-content\/uploads\/2023\/03\/Percusion-callejera-reducida.jpg?resize=768%2C574&amp;ssl=1 768w\" sizes=\"auto, (max-width: 767px) 89vw, (max-width: 1000px) 54vw, (max-width: 1071px) 543px, 580px\" \/><\/figure>\n","protected":false},"excerpt":{"rendered":"<p>En plena semana grande de Fallas, trasladar una opini\u00f3n distinta al sentir popular sobre las \u201cMascletaes\u201d no parece una buena idea, a menos que la pueda argumentar. Pero ni esto, pues es bien conocido que las tradiciones y los sentimientos son inmunes a los datos y su carga de objetividad. Me juego el cuello, pero &hellip; <\/p>\n<p class=\"link-more\"><a href=\"https:\/\/www.alonso-businesscoaching.es\/blog\/18-03-2023\/la-paradoja-musical-de-la-mascleta\/\" class=\"more-link\">Continuar leyendo<span class=\"screen-reader-text\"> &#8220;La paradoja musical de la &#8220;Masclet\u00e1&#8221;&#8221;<\/span><\/a><\/p>\n","protected":false},"author":2,"featured_media":0,"comment_status":"open","ping_status":"open","sticky":false,"template":"","format":"standard","meta":{"om_disable_all_campaigns":false,"_monsterinsights_skip_tracking":false,"_monsterinsights_sitenote_active":false,"_monsterinsights_sitenote_note":"","_monsterinsights_sitenote_category":0,"_s2mail":"yes","_uf_show_specific_survey":0,"_uf_disable_surveys":false,"jetpack_post_was_ever_published":false,"_jetpack_newsletter_access":"","_jetpack_dont_email_post_to_subs":false,"_jetpack_newsletter_tier_id":0,"_jetpack_memberships_contains_paywalled_content":false,"_jetpack_memberships_contains_paid_content":false,"footnotes":"","jetpack_publicize_message":"","jetpack_publicize_feature_enabled":true,"jetpack_social_post_already_shared":true,"jetpack_social_options":{"image_generator_settings":{"template":"highway","default_image_id":0,"font":"","enabled":false},"version":2}},"categories":[26],"tags":[44],"class_list":["post-24239","post","type-post","status-publish","format-standard","hentry","category-music-tiones","tag-musica"],"aioseo_notices":[],"jetpack_publicize_connections":[],"jetpack_featured_media_url":"","jetpack_shortlink":"https:\/\/wp.me\/p5YpnT-6iX","jetpack_likes_enabled":true,"jetpack-related-posts":[{"id":22599,"url":"https:\/\/www.alonso-businesscoaching.es\/blog\/22-04-2022\/la-paradojica-sinfonia-leningrado-en-el-teatro-principal\/","url_meta":{"origin":24239,"position":0},"title":"La parad\u00f3jica Sinfon\u00eda &#8220;Leningrado&#8221; en el Teatro Principal","author":"Antonio J. Alonso Sampedro","date":"22\/04\/2022","format":false,"excerpt":"Cuando el oto\u00f1o pasado planifiqu\u00e9 mi temporada musical, no eleg\u00ed el Concierto 18 de Abono del Palau de la M\u00fasica de Valencia que se celebrar\u00eda el 21\/04\/22 y dirigir\u00eda la coreana Shiyeon Sung a la Orquesta de Valencia en el Teatro Principal. En el atractivo programa (adem\u00e1s del conocido Preludio\u2026","rel":"","context":"En \u00abMusic-tiones\u00bb","block_context":{"text":"Music-tiones","link":"https:\/\/www.alonso-businesscoaching.es\/blog\/category\/music-tiones\/"},"img":{"alt_text":"","src":"https:\/\/i0.wp.com\/www.alonso-businesscoaching.es\/blog\/wp-content\/uploads\/2022\/04\/20220421_191140-scaled-e1650643996188.jpg?resize=350%2C200&ssl=1","width":350,"height":200,"srcset":"https:\/\/i0.wp.com\/www.alonso-businesscoaching.es\/blog\/wp-content\/uploads\/2022\/04\/20220421_191140-scaled-e1650643996188.jpg?resize=350%2C200&ssl=1 1x, https:\/\/i0.wp.com\/www.alonso-businesscoaching.es\/blog\/wp-content\/uploads\/2022\/04\/20220421_191140-scaled-e1650643996188.jpg?resize=525%2C300&ssl=1 1.5x, https:\/\/i0.wp.com\/www.alonso-businesscoaching.es\/blog\/wp-content\/uploads\/2022\/04\/20220421_191140-scaled-e1650643996188.jpg?resize=700%2C400&ssl=1 2x, https:\/\/i0.wp.com\/www.alonso-businesscoaching.es\/blog\/wp-content\/uploads\/2022\/04\/20220421_191140-scaled-e1650643996188.jpg?resize=1050%2C600&ssl=1 3x, https:\/\/i0.wp.com\/www.alonso-businesscoaching.es\/blog\/wp-content\/uploads\/2022\/04\/20220421_191140-scaled-e1650643996188.jpg?resize=1400%2C800&ssl=1 4x"},"classes":[]},{"id":5550,"url":"https:\/\/www.alonso-businesscoaching.es\/blog\/27-07-2013\/en-vacaciones-cambia-de-actividad-pero-no-de-personalidad\/","url_meta":{"origin":24239,"position":1},"title":"En vacaciones&#8230; \u00a1cambia de actividad pero no de personalidad!","author":"Antonio J. Alonso Sampedro","date":"27\/07\/2013","format":false,"excerpt":"Cambio es la palabra que fundamenta el desarrollo personal y por la que comienza todo proceso de Coaching inspirador y transformacional. Pero\u2026 \u00bfqu\u00e9 cambiar? Pues sin duda no lo que somos sino lo que hacemos, dado que con el transcurso del tiempo esto es lo que aquello determinar\u00e1. Toda mejora\u2026","rel":"","context":"En \u00abCoach-tiones\u00bb","block_context":{"text":"Coach-tiones","link":"https:\/\/www.alonso-businesscoaching.es\/blog\/category\/coach-tiones\/"},"img":{"alt_text":"En vacaciones...","src":"https:\/\/i0.wp.com\/www.alonso-businesscoaching.es\/blog\/wp-content\/uploads\/2013\/07\/En-vacaciones....jpg?resize=350%2C200","width":350,"height":200},"classes":[]},{"id":19412,"url":"https:\/\/www.alonso-businesscoaching.es\/blog\/13-04-2020\/corona-tiones-30\/","url_meta":{"origin":24239,"position":2},"title":"Corona-tiones&#8230; 30","author":"Antonio J. Alonso Sampedro","date":"13\/04\/2020","format":false,"excerpt":"ANOCHE SO\u00d1\u00c9 QUE VOLV\u00cdA A... LA NORMALIDAD \u201cAnoche so\u00f1\u00e9 que volv\u00eda a Manderley. Me encontraba ante la verja pero el camino estaba cerrado. Entonces, me sent\u00ed pose\u00edda de un poder sobrenatural y la atraves\u00e9 como un esp\u00edritu. El camino serpenteaba, retorcido y tortuoso como siempre, pero seg\u00fan avanzaba percib\u00ed que\u2026","rel":"","context":"En \u00abCorona-tiones\u00bb","block_context":{"text":"Corona-tiones","link":"https:\/\/www.alonso-businesscoaching.es\/blog\/category\/corona-tiones\/"},"img":{"alt_text":"","src":"https:\/\/i0.wp.com\/www.alonso-businesscoaching.es\/blog\/wp-content\/uploads\/2020\/04\/Rebeca.png?resize=350%2C200&ssl=1","width":350,"height":200,"srcset":"https:\/\/i0.wp.com\/www.alonso-businesscoaching.es\/blog\/wp-content\/uploads\/2020\/04\/Rebeca.png?resize=350%2C200&ssl=1 1x, https:\/\/i0.wp.com\/www.alonso-businesscoaching.es\/blog\/wp-content\/uploads\/2020\/04\/Rebeca.png?resize=525%2C300&ssl=1 1.5x, https:\/\/i0.wp.com\/www.alonso-businesscoaching.es\/blog\/wp-content\/uploads\/2020\/04\/Rebeca.png?resize=700%2C400&ssl=1 2x, https:\/\/i0.wp.com\/www.alonso-businesscoaching.es\/blog\/wp-content\/uploads\/2020\/04\/Rebeca.png?resize=1050%2C600&ssl=1 3x, https:\/\/i0.wp.com\/www.alonso-businesscoaching.es\/blog\/wp-content\/uploads\/2020\/04\/Rebeca.png?resize=1400%2C800&ssl=1 4x"},"classes":[]},{"id":27277,"url":"https:\/\/www.alonso-businesscoaching.es\/blog\/19-09-2024\/brunilda-la-cuarta-opinion-en-amazon\/","url_meta":{"origin":24239,"position":3},"title":"\u201cBRUNILDA\u201d\u2026 la cuarta opini\u00f3n en Amazon","author":"Antonio J. Alonso Sampedro","date":"19\/09\/2024","format":false,"excerpt":"UN LIBRO REVOLUCIONARIO Un thriller futurista (pero actual, por desgracia), anclado por un lenguaje muy cuidado y clasicista. Una estructura novedosa, con referencias a la \u00f3pera, pero con muchas sorpresas, casi cinematogr\u00e1ficas, que van atrapando al lector mientras avanza con tranquilidad en la lectura. Plantea cuestiones muy interesantes sobre la\u2026","rel":"","context":"En \u00abG\u00e9nero-tiones\u00bb","block_context":{"text":"G\u00e9nero-tiones","link":"https:\/\/www.alonso-businesscoaching.es\/blog\/category\/genero-tiones\/"},"img":{"alt_text":"","src":"https:\/\/i0.wp.com\/www.alonso-businesscoaching.es\/blog\/wp-content\/uploads\/2024\/09\/Cuarta-opinion-en-Amazon.jpg?resize=350%2C200&ssl=1","width":350,"height":200,"srcset":"https:\/\/i0.wp.com\/www.alonso-businesscoaching.es\/blog\/wp-content\/uploads\/2024\/09\/Cuarta-opinion-en-Amazon.jpg?resize=350%2C200&ssl=1 1x, https:\/\/i0.wp.com\/www.alonso-businesscoaching.es\/blog\/wp-content\/uploads\/2024\/09\/Cuarta-opinion-en-Amazon.jpg?resize=525%2C300&ssl=1 1.5x, https:\/\/i0.wp.com\/www.alonso-businesscoaching.es\/blog\/wp-content\/uploads\/2024\/09\/Cuarta-opinion-en-Amazon.jpg?resize=700%2C400&ssl=1 2x, https:\/\/i0.wp.com\/www.alonso-businesscoaching.es\/blog\/wp-content\/uploads\/2024\/09\/Cuarta-opinion-en-Amazon.jpg?resize=1050%2C600&ssl=1 3x"},"classes":[]},{"id":18583,"url":"https:\/\/www.alonso-businesscoaching.es\/blog\/19-11-2019\/re-flexiones-2-610-maldad\/","url_meta":{"origin":24239,"position":4},"title":"Re-flexiones&#8230; 2.610 (maldad)","author":"Antonio J. Alonso Sampedro","date":"19\/11\/2019","format":false,"excerpt":"\"El mal existe, pero no sin el bien, como la sombra existe, pero no sin la luz\" Louis Charles Alfred de Musset","rel":"","context":"En \u00abRe-flexiones\/tem\u00e1ticas\u00bb","block_context":{"text":"Re-flexiones\/tem\u00e1ticas","link":"https:\/\/www.alonso-businesscoaching.es\/blog\/category\/re-flexiones-tematicas\/"},"img":{"alt_text":"","src":"https:\/\/i0.wp.com\/www.alonso-businesscoaching.es\/blog\/wp-content\/uploads\/2016\/03\/Louis-Charles-Alfred-de-Musset1-150x150.jpg?resize=350%2C200&ssl=1","width":350,"height":200},"classes":[]},{"id":14901,"url":"https:\/\/www.alonso-businesscoaching.es\/blog\/16-01-2018\/re-flexiones-1-938-callar\/","url_meta":{"origin":24239,"position":5},"title":"Re-flexiones&#8230; 1.938 (callar)","author":"Antonio J. Alonso Sampedro","date":"16\/01\/2018","format":false,"excerpt":"\"La mitad del mundo tiene algo que decir, pero no puede; la otra mitad no tiene nada que decir, pero no calla\" Robert Frost","rel":"","context":"En \u00abRe-flexiones\/tem\u00e1ticas\u00bb","block_context":{"text":"Re-flexiones\/tem\u00e1ticas","link":"https:\/\/www.alonso-businesscoaching.es\/blog\/category\/re-flexiones-tematicas\/"},"img":{"alt_text":"","src":"https:\/\/i0.wp.com\/www.alonso-businesscoaching.es\/blog\/wp-content\/uploads\/2016\/01\/Robert-Frost-150x150.jpg?resize=350%2C200&ssl=1","width":350,"height":200},"classes":[]}],"jetpack_sharing_enabled":true,"_links":{"self":[{"href":"https:\/\/www.alonso-businesscoaching.es\/blog\/wp-json\/wp\/v2\/posts\/24239","targetHints":{"allow":["GET"]}}],"collection":[{"href":"https:\/\/www.alonso-businesscoaching.es\/blog\/wp-json\/wp\/v2\/posts"}],"about":[{"href":"https:\/\/www.alonso-businesscoaching.es\/blog\/wp-json\/wp\/v2\/types\/post"}],"author":[{"embeddable":true,"href":"https:\/\/www.alonso-businesscoaching.es\/blog\/wp-json\/wp\/v2\/users\/2"}],"replies":[{"embeddable":true,"href":"https:\/\/www.alonso-businesscoaching.es\/blog\/wp-json\/wp\/v2\/comments?post=24239"}],"version-history":[{"count":19,"href":"https:\/\/www.alonso-businesscoaching.es\/blog\/wp-json\/wp\/v2\/posts\/24239\/revisions"}],"predecessor-version":[{"id":26210,"href":"https:\/\/www.alonso-businesscoaching.es\/blog\/wp-json\/wp\/v2\/posts\/24239\/revisions\/26210"}],"wp:attachment":[{"href":"https:\/\/www.alonso-businesscoaching.es\/blog\/wp-json\/wp\/v2\/media?parent=24239"}],"wp:term":[{"taxonomy":"category","embeddable":true,"href":"https:\/\/www.alonso-businesscoaching.es\/blog\/wp-json\/wp\/v2\/categories?post=24239"},{"taxonomy":"post_tag","embeddable":true,"href":"https:\/\/www.alonso-businesscoaching.es\/blog\/wp-json\/wp\/v2\/tags?post=24239"}],"curies":[{"name":"wp","href":"https:\/\/api.w.org\/{rel}","templated":true}]}}