{"id":25188,"date":"2023-09-21T20:02:58","date_gmt":"2023-09-21T18:02:58","guid":{"rendered":"https:\/\/www.alonso-businesscoaching.es\/blog\/?p=25188"},"modified":"2023-09-27T19:11:05","modified_gmt":"2023-09-27T17:11:05","slug":"el-feminismo-radical-llega-al-real-pero-no-al-liceo-ni-a-les-arts","status":"publish","type":"post","link":"https:\/\/www.alonso-businesscoaching.es\/blog\/21-09-2023\/el-feminismo-radical-llega-al-real-pero-no-al-liceo-ni-a-les-arts\/","title":{"rendered":"El \u201cfeminismo radical\u201d llega al Real, pero no al Liceo ni a Les Arts"},"content":{"rendered":"\n<figure class=\"wp-block-image size-full\"><a href=\"https:\/\/es.wikipedia.org\/wiki\/Medea_(Cherubini)\" target=\"_blank\" rel=\"noreferrer noopener\"><img data-recalc-dims=\"1\" loading=\"lazy\" decoding=\"async\" width=\"525\" height=\"361\" data-attachment-id=\"25189\" data-permalink=\"https:\/\/www.alonso-businesscoaching.es\/blog\/21-09-2023\/el-feminismo-radical-llega-al-real-pero-no-al-liceo-ni-a-les-arts\/medea\/\" data-orig-file=\"https:\/\/i0.wp.com\/www.alonso-businesscoaching.es\/blog\/wp-content\/uploads\/2023\/09\/Medea.jpg?fit=732%2C503&amp;ssl=1\" data-orig-size=\"732,503\" data-comments-opened=\"1\" data-image-meta=\"{&quot;aperture&quot;:&quot;0&quot;,&quot;credit&quot;:&quot;&quot;,&quot;camera&quot;:&quot;&quot;,&quot;caption&quot;:&quot;&quot;,&quot;created_timestamp&quot;:&quot;0&quot;,&quot;copyright&quot;:&quot;&quot;,&quot;focal_length&quot;:&quot;0&quot;,&quot;iso&quot;:&quot;0&quot;,&quot;shutter_speed&quot;:&quot;0&quot;,&quot;title&quot;:&quot;&quot;,&quot;orientation&quot;:&quot;0&quot;}\" data-image-title=\"Medea\" data-image-description=\"\" data-image-caption=\"\" data-large-file=\"https:\/\/i0.wp.com\/www.alonso-businesscoaching.es\/blog\/wp-content\/uploads\/2023\/09\/Medea.jpg?fit=525%2C361&amp;ssl=1\" src=\"https:\/\/i0.wp.com\/www.alonso-businesscoaching.es\/blog\/wp-content\/uploads\/2023\/09\/Medea.jpg?resize=525%2C361&#038;ssl=1\" alt=\"\" class=\"wp-image-25189\" srcset=\"https:\/\/i0.wp.com\/www.alonso-businesscoaching.es\/blog\/wp-content\/uploads\/2023\/09\/Medea.jpg?w=732&amp;ssl=1 732w, https:\/\/i0.wp.com\/www.alonso-businesscoaching.es\/blog\/wp-content\/uploads\/2023\/09\/Medea.jpg?resize=300%2C206&amp;ssl=1 300w\" sizes=\"auto, (max-width: 525px) 100vw, 525px\" \/><\/a><\/figure>\n\n\n\n<p class=\"has-text-align-justify\" style=\"font-size:18px\">Que\u2026 \u201ces peor el remedio que la enfermedad\u201d lo constata la kafkiana situaci\u00f3n a que hemos llegado en la defensa de los derechos de igualdad entre mujeres y hombres, algo que es aceptado mayoritariamente en esta sociedad, pero cuyas tortuosas v\u00edas de acceso reclaman con urgencia sensatez y un golpe de racionalidad.<\/p>\n\n\n\n<p class=\"has-text-align-justify\" style=\"font-size:18px\">Muchos son los ejemplos que podr\u00edan ilustrar el desbocado integrismo del &#8220;feminismo radical&#8221;, que invade de condicionamientos desproporcionados a todos los estamentos, tanto p\u00fablicos como privados y lo que es peor, tambi\u00e9n a la mente de cada cual. El terror a \u201cquedar mal\u201d se ha instalado en nuestra sociedad, circunscribiendo la manifestaci\u00f3n del libre pensar al silencio preventivo o a la repetici\u00f3n resignada del discurso oficial.<\/p>\n\n\n\n<p class=\"has-text-align-justify\" style=\"font-size:18px\">Pero a\u00fan es m\u00e1s, esta atravesada realidad genera desprop\u00f3sitos como el que Paco Azor\u00edn (director de escena) manifest\u00f3 en declaraciones a Radio Nacional de Espa\u00f1a con motivo del estreno en el Teatro Real de Madrid de \u201cMedea\u201d (L. Cherubini-1797). En el programa \u201cPor tres razones\u201d del pasado 18\/09\/23 (<a href=\"https:\/\/www.rtve.es\/play\/audios\/por-tres-razones\/medea-opera-teatro-real-madrid\/6970746\/\" target=\"_blank\" rel=\"noopener\" title=\"\">https:\/\/www.rtve.es\/play\/audios\/por-tres-razones\/medea-opera-teatro-real-madrid\/6970746\/<\/a>), respecto del asesinato a sus dos hijos cometido por Medea para vengarse del padre Jas\u00f3n, Azor\u00edn expresaba esto de manera textual:<\/p>\n\n\n\n<p class=\"has-text-align-center\" style=\"font-size:18px\">\u201c&#8230;No podemos justificar esa soluci\u00f3n, la violencia no tiene sentido en ning\u00fan caso, PERO HAY QUE ADENTRARSE EN EL CORAZ\u00d3N DE MEDEA E INTENTAR ENTENDER SU FUNCIONAMIENTO, EL PORQU\u00c9 LA VIOLENCIA CONTRA SU DESCENDENCIA PUEDE SER LA SOLUCI\u00d3N&#8230;\u201d<\/p>\n\n\n\n<p class=\"has-text-align-justify\" style=\"font-size:18px\">Es evidente la flagrante contradicci\u00f3n entre el cabal pre\u00e1mbulo (en min\u00fasculas) y la inquietante reflexi\u00f3n (en may\u00fasculas), algo que al propio director le escuch\u00e9 ese mismo d\u00eda en otro programa de RNE, por lo que no se trata de una equivocaci\u00f3n, sino m\u00e1s bien el reflejo de una disparatada actualidad que extrema hasta lo improcedente una reivindicaci\u00f3n feminista que se ha llegado a desnaturalizar.<\/p>\n\n\n\n<p class=\"has-text-align-justify\" style=\"font-size:18px\">La casualidad ha propiciado que el Gran Teatro del Liceo y el Palau de Les Arts arranquen sus temporadas con sendas obras de P. I. Chaikovski&#8230; &#8220;Eugenio Oneguin&#8221; (1879) y &#8220;La dama de picas&#8221; (1890) respectivamente, lo que no es habitual. En la primera hay un duelo entre Oneguin y Lenski que propicia la muerte de este, algo que no dar\u00e1 que hablar al &#8220;feminismo radical&#8221;, pues solo las muertes de mujeres despiertan su belicosidad. En \u201cLa dama de picas\u201d, Hermann y Lisa se suicidan, un empate mortuorio e individual que parece alejar la violencia machista del punto de mira de quienes solo defienden a una mitad de la humanidad.<\/p>\n\n\n\n<p class=\"has-text-align-center\" style=\"font-size:18px\">\u00bfEn qu\u00e9 pat\u00edbulo estar\u00eda ahora Paco Azor\u00edn de haber sido Jas\u00f3n el asesino filial\u2026?<\/p>\n","protected":false},"excerpt":{"rendered":"<p>Que\u2026 \u201ces peor el remedio que la enfermedad\u201d lo constata la kafkiana situaci\u00f3n a que hemos llegado en la defensa de los derechos de igualdad entre mujeres y hombres, algo que es aceptado mayoritariamente en esta sociedad, pero cuyas tortuosas v\u00edas de acceso reclaman con urgencia sensatez y un golpe de racionalidad. Muchos son los &hellip; <\/p>\n<p class=\"link-more\"><a href=\"https:\/\/www.alonso-businesscoaching.es\/blog\/21-09-2023\/el-feminismo-radical-llega-al-real-pero-no-al-liceo-ni-a-les-arts\/\" class=\"more-link\">Continuar leyendo<span class=\"screen-reader-text\"> &#8220;El \u201cfeminismo radical\u201d llega al Real, pero no al Liceo ni a Les Arts&#8221;<\/span><\/a><\/p>\n","protected":false},"author":2,"featured_media":0,"comment_status":"open","ping_status":"open","sticky":false,"template":"","format":"standard","meta":{"om_disable_all_campaigns":false,"_monsterinsights_skip_tracking":false,"_monsterinsights_sitenote_active":false,"_monsterinsights_sitenote_note":"","_monsterinsights_sitenote_category":0,"_s2mail":"yes","_uf_show_specific_survey":0,"_uf_disable_surveys":false,"jetpack_post_was_ever_published":false,"_jetpack_newsletter_access":"","_jetpack_dont_email_post_to_subs":false,"_jetpack_newsletter_tier_id":0,"_jetpack_memberships_contains_paywalled_content":false,"_jetpack_memberships_contains_paid_content":false,"footnotes":"","jetpack_publicize_message":"","jetpack_publicize_feature_enabled":true,"jetpack_social_post_already_shared":true,"jetpack_social_options":{"image_generator_settings":{"template":"highway","default_image_id":0,"font":"","enabled":false},"version":2}},"categories":[26],"tags":[44],"class_list":["post-25188","post","type-post","status-publish","format-standard","hentry","category-music-tiones","tag-musica"],"aioseo_notices":[],"jetpack_publicize_connections":[],"jetpack_featured_media_url":"","jetpack_shortlink":"https:\/\/wp.me\/p5YpnT-6yg","jetpack_likes_enabled":true,"jetpack-related-posts":[{"id":5550,"url":"https:\/\/www.alonso-businesscoaching.es\/blog\/27-07-2013\/en-vacaciones-cambia-de-actividad-pero-no-de-personalidad\/","url_meta":{"origin":25188,"position":0},"title":"En vacaciones&#8230; \u00a1cambia de actividad pero no de personalidad!","author":"Antonio J. Alonso Sampedro","date":"27\/07\/2013","format":false,"excerpt":"Cambio es la palabra que fundamenta el desarrollo personal y por la que comienza todo proceso de Coaching inspirador y transformacional. Pero\u2026 \u00bfqu\u00e9 cambiar? Pues sin duda no lo que somos sino lo que hacemos, dado que con el transcurso del tiempo esto es lo que aquello determinar\u00e1. Toda mejora\u2026","rel":"","context":"En \u00abCoach-tiones\u00bb","block_context":{"text":"Coach-tiones","link":"https:\/\/www.alonso-businesscoaching.es\/blog\/category\/coach-tiones\/"},"img":{"alt_text":"En vacaciones...","src":"https:\/\/i0.wp.com\/www.alonso-businesscoaching.es\/blog\/wp-content\/uploads\/2013\/07\/En-vacaciones....jpg?resize=350%2C200","width":350,"height":200},"classes":[]},{"id":19412,"url":"https:\/\/www.alonso-businesscoaching.es\/blog\/13-04-2020\/corona-tiones-30\/","url_meta":{"origin":25188,"position":1},"title":"Corona-tiones&#8230; 30","author":"Antonio J. Alonso Sampedro","date":"13\/04\/2020","format":false,"excerpt":"ANOCHE SO\u00d1\u00c9 QUE VOLV\u00cdA A... LA NORMALIDAD \u201cAnoche so\u00f1\u00e9 que volv\u00eda a Manderley. Me encontraba ante la verja pero el camino estaba cerrado. Entonces, me sent\u00ed pose\u00edda de un poder sobrenatural y la atraves\u00e9 como un esp\u00edritu. El camino serpenteaba, retorcido y tortuoso como siempre, pero seg\u00fan avanzaba percib\u00ed que\u2026","rel":"","context":"En \u00abCorona-tiones\u00bb","block_context":{"text":"Corona-tiones","link":"https:\/\/www.alonso-businesscoaching.es\/blog\/category\/corona-tiones\/"},"img":{"alt_text":"","src":"https:\/\/i0.wp.com\/www.alonso-businesscoaching.es\/blog\/wp-content\/uploads\/2020\/04\/Rebeca.png?resize=350%2C200&ssl=1","width":350,"height":200,"srcset":"https:\/\/i0.wp.com\/www.alonso-businesscoaching.es\/blog\/wp-content\/uploads\/2020\/04\/Rebeca.png?resize=350%2C200&ssl=1 1x, https:\/\/i0.wp.com\/www.alonso-businesscoaching.es\/blog\/wp-content\/uploads\/2020\/04\/Rebeca.png?resize=525%2C300&ssl=1 1.5x, https:\/\/i0.wp.com\/www.alonso-businesscoaching.es\/blog\/wp-content\/uploads\/2020\/04\/Rebeca.png?resize=700%2C400&ssl=1 2x, https:\/\/i0.wp.com\/www.alonso-businesscoaching.es\/blog\/wp-content\/uploads\/2020\/04\/Rebeca.png?resize=1050%2C600&ssl=1 3x, https:\/\/i0.wp.com\/www.alonso-businesscoaching.es\/blog\/wp-content\/uploads\/2020\/04\/Rebeca.png?resize=1400%2C800&ssl=1 4x"},"classes":[]},{"id":27277,"url":"https:\/\/www.alonso-businesscoaching.es\/blog\/19-09-2024\/brunilda-la-cuarta-opinion-en-amazon\/","url_meta":{"origin":25188,"position":2},"title":"\u201cBRUNILDA\u201d\u2026 la cuarta opini\u00f3n en Amazon","author":"Antonio J. Alonso Sampedro","date":"19\/09\/2024","format":false,"excerpt":"UN LIBRO REVOLUCIONARIO Un thriller futurista (pero actual, por desgracia), anclado por un lenguaje muy cuidado y clasicista. Una estructura novedosa, con referencias a la \u00f3pera, pero con muchas sorpresas, casi cinematogr\u00e1ficas, que van atrapando al lector mientras avanza con tranquilidad en la lectura. Plantea cuestiones muy interesantes sobre la\u2026","rel":"","context":"En \u00abG\u00e9nero-tiones\u00bb","block_context":{"text":"G\u00e9nero-tiones","link":"https:\/\/www.alonso-businesscoaching.es\/blog\/category\/genero-tiones\/"},"img":{"alt_text":"","src":"https:\/\/i0.wp.com\/www.alonso-businesscoaching.es\/blog\/wp-content\/uploads\/2024\/09\/Cuarta-opinion-en-Amazon.jpg?resize=350%2C200&ssl=1","width":350,"height":200,"srcset":"https:\/\/i0.wp.com\/www.alonso-businesscoaching.es\/blog\/wp-content\/uploads\/2024\/09\/Cuarta-opinion-en-Amazon.jpg?resize=350%2C200&ssl=1 1x, https:\/\/i0.wp.com\/www.alonso-businesscoaching.es\/blog\/wp-content\/uploads\/2024\/09\/Cuarta-opinion-en-Amazon.jpg?resize=525%2C300&ssl=1 1.5x, https:\/\/i0.wp.com\/www.alonso-businesscoaching.es\/blog\/wp-content\/uploads\/2024\/09\/Cuarta-opinion-en-Amazon.jpg?resize=700%2C400&ssl=1 2x, https:\/\/i0.wp.com\/www.alonso-businesscoaching.es\/blog\/wp-content\/uploads\/2024\/09\/Cuarta-opinion-en-Amazon.jpg?resize=1050%2C600&ssl=1 3x"},"classes":[]},{"id":18583,"url":"https:\/\/www.alonso-businesscoaching.es\/blog\/19-11-2019\/re-flexiones-2-610-maldad\/","url_meta":{"origin":25188,"position":3},"title":"Re-flexiones&#8230; 2.610 (maldad)","author":"Antonio J. Alonso Sampedro","date":"19\/11\/2019","format":false,"excerpt":"\"El mal existe, pero no sin el bien, como la sombra existe, pero no sin la luz\" Louis Charles Alfred de Musset","rel":"","context":"En \u00abRe-flexiones\/tem\u00e1ticas\u00bb","block_context":{"text":"Re-flexiones\/tem\u00e1ticas","link":"https:\/\/www.alonso-businesscoaching.es\/blog\/category\/re-flexiones-tematicas\/"},"img":{"alt_text":"","src":"https:\/\/i0.wp.com\/www.alonso-businesscoaching.es\/blog\/wp-content\/uploads\/2016\/03\/Louis-Charles-Alfred-de-Musset1-150x150.jpg?resize=350%2C200&ssl=1","width":350,"height":200},"classes":[]},{"id":14901,"url":"https:\/\/www.alonso-businesscoaching.es\/blog\/16-01-2018\/re-flexiones-1-938-callar\/","url_meta":{"origin":25188,"position":4},"title":"Re-flexiones&#8230; 1.938 (callar)","author":"Antonio J. Alonso Sampedro","date":"16\/01\/2018","format":false,"excerpt":"\"La mitad del mundo tiene algo que decir, pero no puede; la otra mitad no tiene nada que decir, pero no calla\" Robert Frost","rel":"","context":"En \u00abRe-flexiones\/tem\u00e1ticas\u00bb","block_context":{"text":"Re-flexiones\/tem\u00e1ticas","link":"https:\/\/www.alonso-businesscoaching.es\/blog\/category\/re-flexiones-tematicas\/"},"img":{"alt_text":"","src":"https:\/\/i0.wp.com\/www.alonso-businesscoaching.es\/blog\/wp-content\/uploads\/2016\/01\/Robert-Frost-150x150.jpg?resize=350%2C200&ssl=1","width":350,"height":200},"classes":[]},{"id":14631,"url":"https:\/\/www.alonso-businesscoaching.es\/blog\/03-10-2017\/re-flexiones-1-833-besos\/","url_meta":{"origin":25188,"position":5},"title":"Re-flexiones&#8230; 1.833 (besos)","author":"Antonio J. Alonso Sampedro","date":"03\/10\/2017","format":false,"excerpt":"\"Pero como todo beso, \u00e9ste es una respuesta, una respuesta torpe pero tierna a una pregunta que se escapa del poder del lenguaje\" S\u00e1ndor M\u00e1rai","rel":"","context":"En \u00abRe-flexiones\/tem\u00e1ticas\u00bb","block_context":{"text":"Re-flexiones\/tem\u00e1ticas","link":"https:\/\/www.alonso-businesscoaching.es\/blog\/category\/re-flexiones-tematicas\/"},"img":{"alt_text":"","src":"https:\/\/i0.wp.com\/www.alonso-businesscoaching.es\/blog\/wp-content\/uploads\/2013\/04\/S%C3%A1ndor-M%C3%A1rai-150x150.jpg?resize=350%2C200&ssl=1","width":350,"height":200},"classes":[]}],"jetpack_sharing_enabled":true,"_links":{"self":[{"href":"https:\/\/www.alonso-businesscoaching.es\/blog\/wp-json\/wp\/v2\/posts\/25188","targetHints":{"allow":["GET"]}}],"collection":[{"href":"https:\/\/www.alonso-businesscoaching.es\/blog\/wp-json\/wp\/v2\/posts"}],"about":[{"href":"https:\/\/www.alonso-businesscoaching.es\/blog\/wp-json\/wp\/v2\/types\/post"}],"author":[{"embeddable":true,"href":"https:\/\/www.alonso-businesscoaching.es\/blog\/wp-json\/wp\/v2\/users\/2"}],"replies":[{"embeddable":true,"href":"https:\/\/www.alonso-businesscoaching.es\/blog\/wp-json\/wp\/v2\/comments?post=25188"}],"version-history":[{"count":12,"href":"https:\/\/www.alonso-businesscoaching.es\/blog\/wp-json\/wp\/v2\/posts\/25188\/revisions"}],"predecessor-version":[{"id":25226,"href":"https:\/\/www.alonso-businesscoaching.es\/blog\/wp-json\/wp\/v2\/posts\/25188\/revisions\/25226"}],"wp:attachment":[{"href":"https:\/\/www.alonso-businesscoaching.es\/blog\/wp-json\/wp\/v2\/media?parent=25188"}],"wp:term":[{"taxonomy":"category","embeddable":true,"href":"https:\/\/www.alonso-businesscoaching.es\/blog\/wp-json\/wp\/v2\/categories?post=25188"},{"taxonomy":"post_tag","embeddable":true,"href":"https:\/\/www.alonso-businesscoaching.es\/blog\/wp-json\/wp\/v2\/tags?post=25188"}],"curies":[{"name":"wp","href":"https:\/\/api.w.org\/{rel}","templated":true}]}}