{"id":25421,"date":"2023-11-01T18:44:59","date_gmt":"2023-11-01T17:44:59","guid":{"rendered":"https:\/\/www.alonso-businesscoaching.es\/blog\/?p=25421"},"modified":"2023-11-03T20:14:08","modified_gmt":"2023-11-03T19:14:08","slug":"orquesta-de-la-radio-de-berlin-y-jurowski-oir-no-es-escuchar","status":"publish","type":"post","link":"https:\/\/www.alonso-businesscoaching.es\/blog\/01-11-2023\/orquesta-de-la-radio-de-berlin-y-jurowski-oir-no-es-escuchar\/","title":{"rendered":"Orquesta de la Radio de Berl\u00edn y Jurowski: o\u00edr no es escuchar"},"content":{"rendered":"\n<figure class=\"wp-block-image size-large\"><img data-recalc-dims=\"1\" loading=\"lazy\" decoding=\"async\" width=\"525\" height=\"700\" data-attachment-id=\"25422\" data-permalink=\"https:\/\/www.alonso-businesscoaching.es\/blog\/01-11-2023\/orquesta-de-la-radio-de-berlin-y-jurowski-oir-no-es-escuchar\/20231031_191644\/\" data-orig-file=\"https:\/\/i0.wp.com\/www.alonso-businesscoaching.es\/blog\/wp-content\/uploads\/2023\/11\/20231031_191644-rotated.jpg?fit=1650%2C2200&amp;ssl=1\" data-orig-size=\"1650,2200\" data-comments-opened=\"1\" data-image-meta=\"{&quot;aperture&quot;:&quot;0&quot;,&quot;credit&quot;:&quot;&quot;,&quot;camera&quot;:&quot;SM-A226B&quot;,&quot;caption&quot;:&quot;&quot;,&quot;created_timestamp&quot;:&quot;0&quot;,&quot;copyright&quot;:&quot;&quot;,&quot;focal_length&quot;:&quot;0&quot;,&quot;iso&quot;:&quot;0&quot;,&quot;shutter_speed&quot;:&quot;0&quot;,&quot;title&quot;:&quot;&quot;,&quot;orientation&quot;:&quot;1&quot;}\" data-image-title=\"20231031_191644\" data-image-description=\"\" data-image-caption=\"\" data-large-file=\"https:\/\/i0.wp.com\/www.alonso-businesscoaching.es\/blog\/wp-content\/uploads\/2023\/11\/20231031_191644-rotated.jpg?fit=525%2C700&amp;ssl=1\" src=\"https:\/\/i0.wp.com\/www.alonso-businesscoaching.es\/blog\/wp-content\/uploads\/2023\/11\/20231031_191644.jpg?resize=525%2C700&#038;ssl=1\" alt=\"\" class=\"wp-image-25422\" srcset=\"https:\/\/i0.wp.com\/www.alonso-businesscoaching.es\/blog\/wp-content\/uploads\/2023\/11\/20231031_191644-rotated.jpg?resize=1500%2C2000&amp;ssl=1 1500w, https:\/\/i0.wp.com\/www.alonso-businesscoaching.es\/blog\/wp-content\/uploads\/2023\/11\/20231031_191644-rotated.jpg?resize=225%2C300&amp;ssl=1 225w, https:\/\/i0.wp.com\/www.alonso-businesscoaching.es\/blog\/wp-content\/uploads\/2023\/11\/20231031_191644-rotated.jpg?resize=768%2C1024&amp;ssl=1 768w, https:\/\/i0.wp.com\/www.alonso-businesscoaching.es\/blog\/wp-content\/uploads\/2023\/11\/20231031_191644-rotated.jpg?resize=1152%2C1536&amp;ssl=1 1152w, https:\/\/i0.wp.com\/www.alonso-businesscoaching.es\/blog\/wp-content\/uploads\/2023\/11\/20231031_191644-rotated.jpg?resize=1536%2C2048&amp;ssl=1 1536w, https:\/\/i0.wp.com\/www.alonso-businesscoaching.es\/blog\/wp-content\/uploads\/2023\/11\/20231031_191644-rotated.jpg?w=1650&amp;ssl=1 1650w, https:\/\/i0.wp.com\/www.alonso-businesscoaching.es\/blog\/wp-content\/uploads\/2023\/11\/20231031_191644-rotated.jpg?w=1050&amp;ssl=1 1050w\" sizes=\"auto, (max-width: 767px) 89vw, (max-width: 1000px) 54vw, (max-width: 1071px) 543px, 580px\" \/><\/figure>\n\n\n\n<p class=\"has-text-align-justify\" style=\"font-size:18px\">Tras cuatro a\u00f1os de interminables obras, al fin he vuelto a mi a\u00f1orado Palau de la M\u00fasica de Valencia, sala de conciertos que llen\u00f3 mi juventud de incipientes emociones prolongadas hasta la actualidad. La m\u00fasica que se llama \u201ccl\u00e1sica\u201d, pero que deber\u00eda tener otra denominaci\u00f3n m\u00e1s particular, revela hasta donde el ser humano ha conseguido arte a partir de su creatividad. Algo que nunca podr\u00e1 igualar la Inteligencia Artificial.<\/p>\n\n\n\n<p class=\"has-text-align-justify\" style=\"font-size:18px\">El Palau de la M\u00fasica de Valencia siempre me ha resultado de trato familiar, por cuanto de acogedor tiene en sus atinadas proporciones y amable decoraci\u00f3n, que siendo contempor\u00e1nea no est\u00e1 exenta de la calidez que ofrecen sus componentes de madera, instalados tambi\u00e9n para atemperar el sonido tridimensional. Y en esto \u00faltimo me gustar\u00eda redundar, pues si ya era proverbial la sonoridad de la Sala Iturbi, los reajustes realizados durante esta remodelaci\u00f3n casi integral, han elevado sus prestaciones al olimpo de la perfecci\u00f3n formal. Cuatro a\u00f1os oyendo sin escuchar a las orquestas en el otro Palau (el de Les Arts, cuya ac\u00fastica urge mejorar), han finalizado ya con esta reapertura que todos los mel\u00f3manos valencianos esper\u00e1bamos con ansiedad.<\/p>\n\n\n\n<p class=\"has-text-align-justify\" style=\"font-size:18px\">Ayer nos visit\u00f3 la Orquesta Sinf\u00f3nica de la Radio de Berl\u00edn con su titular Vladimir Jurowski, formaci\u00f3n y director ambos de talla internacional. Titulares ilustres tambi\u00e9n fueron Eugen Jochum, Sergiu Celibidache y nuestro Rafael Fr\u00fchbeck de Burgos, lo que revela la importancia de esta agrupaci\u00f3n, cuyo sonido no puede ser m\u00e1s alem\u00e1n.<\/p>\n\n\n\n<p class=\"has-text-align-justify\" style=\"font-size:18px\">El programa ofrecido era muy atractivo, por el color y la originalidad de las obras: \u201cScherzo fant\u00e1stico\u201d (J. Suk-1905), \u201cConcierto para piano y orquesta n.\u00ba 2\u201d (S. Prok\u00f3fiev-1913) y \u201cSinfon\u00eda n.\u00ba 3 en la menor\u201d (S. Rajm\u00e1ninov-1936). Color, pues todas son un banco de pruebas para que una buena orquesta lo pueda demostrar y originalidad, pues son menos conocidas que otras composiciones de sus autores y siempre es de agradecer esta novedad. Adem\u00e1s, constituyen buenos ejemplos de m\u00fasica del siglo XX que, pese a su vanguardismo, no atentan contra los o\u00eddos de quienes acudimos a un concierto con la \u00fanica intenci\u00f3n de disfrutar.<\/p>\n\n\n\n<p class=\"has-text-align-justify\" style=\"font-size:18px\">El solista de piano fue el joven canadiense Jan Lisiecki, que a sus veintiocho a\u00f1os ya lleva veinte de carrera profesional. Su talento qued\u00f3 justificado en una interpretaci\u00f3n tan endiabladamente exigente que al mismo Prok\u00f3fiev le sorprendi\u00f3 cuando, al frente del piano, la quiso estrenar.<\/p>\n\n\n\n<p class=\"has-text-align-justify\" style=\"font-size:18px\">La ejecuci\u00f3n de la sinfon\u00eda de Rajm\u00e1ninov fue la demostraci\u00f3n de las altas cotas de perfecci\u00f3n a que llegan las orquestas alemanas en el repertorio posrom\u00e1ntico, densa de sonoridad y brillando en todas sus secciones con empaste sin igual. Jurowski, una estrella mundial, justific\u00f3 su fama con una direcci\u00f3n tan art\u00edstica como temperamental.<\/p>\n\n\n\n<p class=\"has-text-align-justify\" style=\"font-size:18px\">El Palau de la M\u00fasica de Valencia no se llen\u00f3 y ello se debe a la sempiterna falta de relevo generacional. Muchos eran los espectadores cuya avanzada edad pon\u00eda en dificultad sus movimientos al acceder renqueantes a su localidad o les obligaba a visitar los aseos sin poder esperar al final. A m\u00ed, cada vez me queda menos para llegar.<\/p>\n\n\n\n<p class=\"has-text-align-justify\" style=\"font-size:18px\">Aun con todo, en el Palau de la M\u00fasica de Valencia, o\u00edr no es escuchar\u2026<\/p>\n\n\n\n<hr class=\"wp-block-separator has-alpha-channel-opacity is-style-wide\"\/>\n\n\n\n<p class=\"has-text-align-center\" style=\"font-size:18px\">Posdata: A diferencia del Palau de Les Arts, que ha suprimido los programas impresos, mis opiniones desde el Palau de la M\u00fasica seguir\u00e1n encabezadas por las fotograf\u00edas de los mismos, eligiendo cualquier rinc\u00f3n que los venga a adornar.  <\/p>\n\n\n\n<p class=\"has-text-align-right\"><strong>Saludos de Antonio J. Alonso Sampedro<\/strong><\/p>\n","protected":false},"excerpt":{"rendered":"<p>Tras cuatro a\u00f1os de interminables obras, al fin he vuelto a mi a\u00f1orado Palau de la M\u00fasica de Valencia, sala de conciertos que llen\u00f3 mi juventud de incipientes emociones prolongadas hasta la actualidad. La m\u00fasica que se llama \u201ccl\u00e1sica\u201d, pero que deber\u00eda tener otra denominaci\u00f3n m\u00e1s particular, revela hasta donde el ser humano ha conseguido &hellip; <\/p>\n<p class=\"link-more\"><a href=\"https:\/\/www.alonso-businesscoaching.es\/blog\/01-11-2023\/orquesta-de-la-radio-de-berlin-y-jurowski-oir-no-es-escuchar\/\" class=\"more-link\">Continuar leyendo<span class=\"screen-reader-text\"> &#8220;Orquesta de la Radio de Berl\u00edn y Jurowski: o\u00edr no es escuchar&#8221;<\/span><\/a><\/p>\n","protected":false},"author":2,"featured_media":0,"comment_status":"open","ping_status":"open","sticky":false,"template":"","format":"standard","meta":{"om_disable_all_campaigns":false,"_monsterinsights_skip_tracking":false,"_monsterinsights_sitenote_active":false,"_monsterinsights_sitenote_note":"","_monsterinsights_sitenote_category":0,"_s2mail":"yes","_uf_show_specific_survey":0,"_uf_disable_surveys":false,"jetpack_post_was_ever_published":false,"_jetpack_newsletter_access":"","_jetpack_dont_email_post_to_subs":false,"_jetpack_newsletter_tier_id":0,"_jetpack_memberships_contains_paywalled_content":false,"_jetpack_memberships_contains_paid_content":false,"footnotes":"","jetpack_publicize_message":"","jetpack_publicize_feature_enabled":true,"jetpack_social_post_already_shared":true,"jetpack_social_options":{"image_generator_settings":{"template":"highway","default_image_id":0,"font":"","enabled":false},"version":2}},"categories":[26],"tags":[44],"class_list":["post-25421","post","type-post","status-publish","format-standard","hentry","category-music-tiones","tag-musica"],"aioseo_notices":[],"jetpack_publicize_connections":[],"jetpack_featured_media_url":"","jetpack_shortlink":"https:\/\/wp.me\/p5YpnT-6C1","jetpack_likes_enabled":true,"jetpack-related-posts":[{"id":23477,"url":"https:\/\/www.alonso-businesscoaching.es\/blog\/20-10-2022\/pires-abre-la-temporada-del-palau-de-la-musica-de-valencia\/","url_meta":{"origin":25421,"position":0},"title":"Pires abre la temporada del Palau de la M\u00fasica de Valencia","author":"Antonio J. Alonso Sampedro","date":"20\/10\/2022","format":false,"excerpt":"Buena entrada, pero el Teatro Principal, aun con su limitado aforo, no se llen\u00f3\u2026 Cuando en 1987 se inaugur\u00f3 el Palau de la M\u00fasica de Valencia, yo entonces era uno de sus m\u00e1s j\u00f3venes visitantes y hoy sigue siendo igual. Esta sorprendente paradoja temporal no augura buenos tiempos futuros para\u2026","rel":"","context":"En \u00abMusic-tiones\u00bb","block_context":{"text":"Music-tiones","link":"https:\/\/www.alonso-businesscoaching.es\/blog\/category\/music-tiones\/"},"img":{"alt_text":"","src":"https:\/\/i0.wp.com\/www.alonso-businesscoaching.es\/blog\/wp-content\/uploads\/2022\/10\/IMG-20221019-WA0000.jpg?resize=350%2C200&ssl=1","width":350,"height":200,"srcset":"https:\/\/i0.wp.com\/www.alonso-businesscoaching.es\/blog\/wp-content\/uploads\/2022\/10\/IMG-20221019-WA0000.jpg?resize=350%2C200&ssl=1 1x, https:\/\/i0.wp.com\/www.alonso-businesscoaching.es\/blog\/wp-content\/uploads\/2022\/10\/IMG-20221019-WA0000.jpg?resize=525%2C300&ssl=1 1.5x, https:\/\/i0.wp.com\/www.alonso-businesscoaching.es\/blog\/wp-content\/uploads\/2022\/10\/IMG-20221019-WA0000.jpg?resize=700%2C400&ssl=1 2x, https:\/\/i0.wp.com\/www.alonso-businesscoaching.es\/blog\/wp-content\/uploads\/2022\/10\/IMG-20221019-WA0000.jpg?resize=1050%2C600&ssl=1 3x, https:\/\/i0.wp.com\/www.alonso-businesscoaching.es\/blog\/wp-content\/uploads\/2022\/10\/IMG-20221019-WA0000.jpg?resize=1400%2C800&ssl=1 4x"},"classes":[]},{"id":30835,"url":"https:\/\/www.alonso-businesscoaching.es\/blog\/21-02-2026\/london-symphony-orchestra-g-noseda-palau-musica-valencia-20-02-2026\/","url_meta":{"origin":25421,"position":1},"title":"London Symphony Orchestra \/ G. Noseda \/ Palau M\u00fasica Valencia \/ 20-02-2026","author":"Antonio J. Alonso Sampedro","date":"21\/02\/2026","format":false,"excerpt":"INTERPRETACI\u00d3N MUSICAL9T\u00c9CNICA INSTRUMENTAL8SONIDO7DIRECCI\u00d3N (Gianandrea Noseda)8SOLISTA DE PIANO (Seong-Jin Cho)9PROGRAMA-\"El beso del hada\" (I. Stravinski-1928), \"Concierto para piano y orquesta n.\u00ba 2\" (F. Chopin-1830), \"Sinfon\u00eda n.\u00ba 2\" (A. Borod\u00edn-1877)8RESPUESTA DEL P\u00daBLICO8VALORACI\u00d3N GENERAL8,1","rel":"","context":"En \u00abMusic-tiones\u00bb","block_context":{"text":"Music-tiones","link":"https:\/\/www.alonso-businesscoaching.es\/blog\/category\/music-tiones\/"},"img":{"alt_text":"","src":"https:\/\/i0.wp.com\/www.alonso-businesscoaching.es\/blog\/wp-content\/uploads\/2026\/02\/LSO-Noseda-final.jpg?resize=350%2C200&ssl=1","width":350,"height":200,"srcset":"https:\/\/i0.wp.com\/www.alonso-businesscoaching.es\/blog\/wp-content\/uploads\/2026\/02\/LSO-Noseda-final.jpg?resize=350%2C200&ssl=1 1x, https:\/\/i0.wp.com\/www.alonso-businesscoaching.es\/blog\/wp-content\/uploads\/2026\/02\/LSO-Noseda-final.jpg?resize=525%2C300&ssl=1 1.5x, https:\/\/i0.wp.com\/www.alonso-businesscoaching.es\/blog\/wp-content\/uploads\/2026\/02\/LSO-Noseda-final.jpg?resize=700%2C400&ssl=1 2x, https:\/\/i0.wp.com\/www.alonso-businesscoaching.es\/blog\/wp-content\/uploads\/2026\/02\/LSO-Noseda-final.jpg?resize=1050%2C600&ssl=1 3x, https:\/\/i0.wp.com\/www.alonso-businesscoaching.es\/blog\/wp-content\/uploads\/2026\/02\/LSO-Noseda-final.jpg?resize=1400%2C800&ssl=1 4x"},"classes":[]},{"id":25571,"url":"https:\/\/www.alonso-businesscoaching.es\/blog\/28-11-2023\/daniele-gatti-y-la-mahler-chamber-orchestra-en-el-palau-de-la-musica-de-valencia\/","url_meta":{"origin":25421,"position":2},"title":"Daniele Gatti y la Mahler Chamber Orchestra en el Palau de la M\u00fasica de Valencia","author":"Antonio J. Alonso Sampedro","date":"28\/11\/2023","format":false,"excerpt":"En agosto de 2011 asist\u00ed al \u201cParsifal\u201d de mi vida en\u2026 Bayreuth, dirigido por Daniele Gatti, a quien toda mi vida estar\u00e9 agradecido por aquel milagro que varias veces cort\u00f3 mi respiraci\u00f3n. Sal\u00ed desde Espa\u00f1a en moto y por una tonta ca\u00edda en Suiza (al arrancar en un sem\u00e1foro), me\u2026","rel":"","context":"En \u00abMusic-tiones\u00bb","block_context":{"text":"Music-tiones","link":"https:\/\/www.alonso-businesscoaching.es\/blog\/category\/music-tiones\/"},"img":{"alt_text":"","src":"https:\/\/i0.wp.com\/www.alonso-businesscoaching.es\/blog\/wp-content\/uploads\/2024\/01\/Daniele-Gatti-y-Mahler-Chamber-Orchestra.jpg?resize=350%2C200&ssl=1","width":350,"height":200,"srcset":"https:\/\/i0.wp.com\/www.alonso-businesscoaching.es\/blog\/wp-content\/uploads\/2024\/01\/Daniele-Gatti-y-Mahler-Chamber-Orchestra.jpg?resize=350%2C200&ssl=1 1x, https:\/\/i0.wp.com\/www.alonso-businesscoaching.es\/blog\/wp-content\/uploads\/2024\/01\/Daniele-Gatti-y-Mahler-Chamber-Orchestra.jpg?resize=525%2C300&ssl=1 1.5x, https:\/\/i0.wp.com\/www.alonso-businesscoaching.es\/blog\/wp-content\/uploads\/2024\/01\/Daniele-Gatti-y-Mahler-Chamber-Orchestra.jpg?resize=700%2C400&ssl=1 2x"},"classes":[]},{"id":20837,"url":"https:\/\/www.alonso-businesscoaching.es\/blog\/19-01-2021\/pinchazo-de-gergiev-de-calatrava-o-de-mi-audicion\/","url_meta":{"origin":25421,"position":3},"title":"\u00bfPinchazo de Gergiev, de Calatrava o de mi audici\u00f3n&#8230;?","author":"Antonio J. Alonso Sampedro","date":"19\/01\/2021","format":false,"excerpt":"Ayer nos visit\u00f3, una vez m\u00e1s, la maquinaria infalible de la Orquesta del Teatro Mariinsky de San Petersburgo (en versi\u00f3n reducida, aunque en la potencia del sonido no se not\u00f3) con Valery Gergiev al todopoderoso mando. El concierto lo program\u00f3 el Palau de la M\u00fasica de Valencia y fue ubicado\u2026","rel":"","context":"En \u00abMusic-tiones\u00bb","block_context":{"text":"Music-tiones","link":"https:\/\/www.alonso-businesscoaching.es\/blog\/category\/music-tiones\/"},"img":{"alt_text":"","src":"https:\/\/i0.wp.com\/www.alonso-businesscoaching.es\/blog\/wp-content\/uploads\/2021\/01\/20210118_184035-scaled.jpg?resize=350%2C200&ssl=1","width":350,"height":200,"srcset":"https:\/\/i0.wp.com\/www.alonso-businesscoaching.es\/blog\/wp-content\/uploads\/2021\/01\/20210118_184035-scaled.jpg?resize=350%2C200&ssl=1 1x, https:\/\/i0.wp.com\/www.alonso-businesscoaching.es\/blog\/wp-content\/uploads\/2021\/01\/20210118_184035-scaled.jpg?resize=525%2C300&ssl=1 1.5x, https:\/\/i0.wp.com\/www.alonso-businesscoaching.es\/blog\/wp-content\/uploads\/2021\/01\/20210118_184035-scaled.jpg?resize=700%2C400&ssl=1 2x, https:\/\/i0.wp.com\/www.alonso-businesscoaching.es\/blog\/wp-content\/uploads\/2021\/01\/20210118_184035-scaled.jpg?resize=1050%2C600&ssl=1 3x, https:\/\/i0.wp.com\/www.alonso-businesscoaching.es\/blog\/wp-content\/uploads\/2021\/01\/20210118_184035-scaled.jpg?resize=1400%2C800&ssl=1 4x"},"classes":[]},{"id":31223,"url":"https:\/\/www.alonso-businesscoaching.es\/blog\/27-03-2026\/nadine-sierra-soprano-palau-les-arts-valencia-26-03-2026\/","url_meta":{"origin":25421,"position":4},"title":"Nadine Sierra (soprano) \/ Palau Les Arts Valencia \/ 26-03-2026","author":"Antonio J. Alonso Sampedro","date":"27\/03\/2026","format":false,"excerpt":"T\u00c9CNICA9TIMBRE9TESITURA8PROYECCI\u00d3N9FRASEO9EXPRESIVIDAD9PRESENCIA ESC\u00c9NICA10PROGRAMA (arias y canciones\u00a0 de G. Donizetti,W.A. Mozart, G. Puccini, G. Verdi, J. Rodrigo, H. Villa-Lobos, C. Vel\u00e1zquez, M. Ponce, Q. Mendoza, G. Gim\u00e9nez)8ADECUACI\u00d3N DE ESTILO9PIANO (Bryan Wagorn)7RESPUESTA DEL P\u00daBLICO10VALORACI\u00d3N GENERAL8,8","rel":"","context":"En \u00abMusic-tiones\u00bb","block_context":{"text":"Music-tiones","link":"https:\/\/www.alonso-businesscoaching.es\/blog\/category\/music-tiones\/"},"img":{"alt_text":"","src":"https:\/\/i0.wp.com\/www.alonso-businesscoaching.es\/blog\/wp-content\/uploads\/2026\/03\/Nadine-Sierra-final2-26.jpg?resize=350%2C200&ssl=1","width":350,"height":200,"srcset":"https:\/\/i0.wp.com\/www.alonso-businesscoaching.es\/blog\/wp-content\/uploads\/2026\/03\/Nadine-Sierra-final2-26.jpg?resize=350%2C200&ssl=1 1x, https:\/\/i0.wp.com\/www.alonso-businesscoaching.es\/blog\/wp-content\/uploads\/2026\/03\/Nadine-Sierra-final2-26.jpg?resize=525%2C300&ssl=1 1.5x, https:\/\/i0.wp.com\/www.alonso-businesscoaching.es\/blog\/wp-content\/uploads\/2026\/03\/Nadine-Sierra-final2-26.jpg?resize=700%2C400&ssl=1 2x, https:\/\/i0.wp.com\/www.alonso-businesscoaching.es\/blog\/wp-content\/uploads\/2026\/03\/Nadine-Sierra-final2-26.jpg?resize=1050%2C600&ssl=1 3x, https:\/\/i0.wp.com\/www.alonso-businesscoaching.es\/blog\/wp-content\/uploads\/2026\/03\/Nadine-Sierra-final2-26.jpg?resize=1400%2C800&ssl=1 4x"},"classes":[]},{"id":30449,"url":"https:\/\/www.alonso-businesscoaching.es\/blog\/21-01-2026\/eugenio-oneguin-palau-de-les-les-arts-valencia-20-01-2026\/","url_meta":{"origin":25421,"position":5},"title":"&#8220;Eugenio Oneguin&#8221;\/Palau de les Les Arts-Valencia\/20-01-2026","author":"Antonio J. Alonso Sampedro","date":"21\/01\/2026","format":false,"excerpt":"1- DIRECCI\u00d3N ESCENOGR\u00c1FICA (Laurent Pelly)92- DIRECCI\u00d3N MUSICAL (Timur Zangiev)Y ORQUESTA COMUNITAT VALENCIANA73- CORO GENERALITAT VALENCIANA84- VOCES SOLISTAS (media)7,4ONEGUIN (Mattia Olivieri)7TATIANA (Corinne Winters)6LENSKI (Iv\u00e1n Ay\u00f3n-Rivas en sustituci\u00f3n de Dmytri Korchak)7OLGA (Ksenia Dudnikova)8GREMIN (Giorgi Manoshvili)9VALORACI\u00d3N GENERAL (media 1-2-3-4)7,8","rel":"","context":"En \u00abMusic-tiones\u00bb","block_context":{"text":"Music-tiones","link":"https:\/\/www.alonso-businesscoaching.es\/blog\/category\/music-tiones\/"},"img":{"alt_text":"","src":"https:\/\/i0.wp.com\/www.alonso-businesscoaching.es\/blog\/wp-content\/uploads\/2026\/01\/Eugenio-Oneguin-Levine.jpg?resize=350%2C200&ssl=1","width":350,"height":200},"classes":[]}],"jetpack_sharing_enabled":true,"_links":{"self":[{"href":"https:\/\/www.alonso-businesscoaching.es\/blog\/wp-json\/wp\/v2\/posts\/25421","targetHints":{"allow":["GET"]}}],"collection":[{"href":"https:\/\/www.alonso-businesscoaching.es\/blog\/wp-json\/wp\/v2\/posts"}],"about":[{"href":"https:\/\/www.alonso-businesscoaching.es\/blog\/wp-json\/wp\/v2\/types\/post"}],"author":[{"embeddable":true,"href":"https:\/\/www.alonso-businesscoaching.es\/blog\/wp-json\/wp\/v2\/users\/2"}],"replies":[{"embeddable":true,"href":"https:\/\/www.alonso-businesscoaching.es\/blog\/wp-json\/wp\/v2\/comments?post=25421"}],"version-history":[{"count":11,"href":"https:\/\/www.alonso-businesscoaching.es\/blog\/wp-json\/wp\/v2\/posts\/25421\/revisions"}],"predecessor-version":[{"id":25436,"href":"https:\/\/www.alonso-businesscoaching.es\/blog\/wp-json\/wp\/v2\/posts\/25421\/revisions\/25436"}],"wp:attachment":[{"href":"https:\/\/www.alonso-businesscoaching.es\/blog\/wp-json\/wp\/v2\/media?parent=25421"}],"wp:term":[{"taxonomy":"category","embeddable":true,"href":"https:\/\/www.alonso-businesscoaching.es\/blog\/wp-json\/wp\/v2\/categories?post=25421"},{"taxonomy":"post_tag","embeddable":true,"href":"https:\/\/www.alonso-businesscoaching.es\/blog\/wp-json\/wp\/v2\/tags?post=25421"}],"curies":[{"name":"wp","href":"https:\/\/api.w.org\/{rel}","templated":true}]}}