{"id":25471,"date":"2023-11-22T07:00:00","date_gmt":"2023-11-22T06:00:00","guid":{"rendered":"https:\/\/www.alonso-businesscoaching.es\/blog\/?p=25471"},"modified":"2023-11-11T10:03:24","modified_gmt":"2023-11-11T09:03:24","slug":"re-flexiones-3-973-libertad","status":"publish","type":"post","link":"https:\/\/www.alonso-businesscoaching.es\/blog\/22-11-2023\/re-flexiones-3-973-libertad\/","title":{"rendered":"Re-flexiones&#8230; 3.973 (libertad)"},"content":{"rendered":"\n<p class=\"has-text-align-center\"><em>&#8220;Bendito sea el caos, porque es s\u00edntoma de libertad&#8221;<\/em><\/p>\n\n\n<div class=\"wp-block-image\">\n<figure class=\"aligncenter size-thumbnail\"><a href=\"https:\/\/es.wikipedia.org\/wiki\/Enrique_Tierno_Galv%C3%A1n\" target=\"_blank\" rel=\"noreferrer noopener\"><img data-recalc-dims=\"1\" loading=\"lazy\" decoding=\"async\" width=\"120\" height=\"150\" data-attachment-id=\"15186\" data-permalink=\"https:\/\/www.alonso-businesscoaching.es\/blog\/31-03-2018\/re-flexiones-2-012-caracter\/enrique-tierno-galvan\/\" data-orig-file=\"https:\/\/i0.wp.com\/www.alonso-businesscoaching.es\/blog\/wp-content\/uploads\/2018\/03\/Enrique-Tierno-Galv%C3%A1n.jpg?fit=120%2C176&amp;ssl=1\" data-orig-size=\"120,176\" data-comments-opened=\"1\" data-image-meta=\"{&quot;aperture&quot;:&quot;0&quot;,&quot;credit&quot;:&quot;&quot;,&quot;camera&quot;:&quot;&quot;,&quot;caption&quot;:&quot;&quot;,&quot;created_timestamp&quot;:&quot;0&quot;,&quot;copyright&quot;:&quot;&quot;,&quot;focal_length&quot;:&quot;0&quot;,&quot;iso&quot;:&quot;0&quot;,&quot;shutter_speed&quot;:&quot;0&quot;,&quot;title&quot;:&quot;&quot;,&quot;orientation&quot;:&quot;0&quot;}\" data-image-title=\"Enrique Tierno Galv\u00e1n\" data-image-description=\"\" data-image-caption=\"\" data-large-file=\"https:\/\/i0.wp.com\/www.alonso-businesscoaching.es\/blog\/wp-content\/uploads\/2018\/03\/Enrique-Tierno-Galv%C3%A1n.jpg?fit=120%2C176&amp;ssl=1\" src=\"https:\/\/i0.wp.com\/www.alonso-businesscoaching.es\/blog\/wp-content\/uploads\/2018\/03\/Enrique-Tierno-Galv%C3%A1n.jpg?resize=120%2C150&#038;ssl=1\" alt=\"\" class=\"wp-image-15186\"\/><\/a><\/figure>\n<\/div>\n\n\n<p class=\"has-text-align-center\">Enrique Tierno Galv\u00e1n<\/p>\n","protected":false},"excerpt":{"rendered":"<p>&#8220;Bendito sea el caos, porque es s\u00edntoma de libertad&#8221; Enrique Tierno Galv\u00e1n<\/p>\n","protected":false},"author":2,"featured_media":0,"comment_status":"open","ping_status":"open","sticky":false,"template":"","format":"standard","meta":{"om_disable_all_campaigns":false,"_monsterinsights_skip_tracking":false,"_monsterinsights_sitenote_active":false,"_monsterinsights_sitenote_note":"","_monsterinsights_sitenote_category":0,"_s2mail":"yes","_uf_show_specific_survey":0,"_uf_disable_surveys":false,"jetpack_post_was_ever_published":false,"_jetpack_newsletter_access":"","_jetpack_dont_email_post_to_subs":false,"_jetpack_newsletter_tier_id":0,"_jetpack_memberships_contains_paywalled_content":false,"_jetpack_memberships_contains_paid_content":false,"footnotes":"","jetpack_publicize_message":"","jetpack_publicize_feature_enabled":true,"jetpack_social_post_already_shared":true,"jetpack_social_options":{"image_generator_settings":{"template":"highway","default_image_id":0,"font":"","enabled":false},"version":2}},"categories":[75],"tags":[307],"class_list":["post-25471","post","type-post","status-publish","format-standard","hentry","category-re-flexiones-tematicas","tag-libertad"],"aioseo_notices":[],"jetpack_publicize_connections":[],"jetpack_featured_media_url":"","jetpack_shortlink":"https:\/\/wp.me\/p5YpnT-6CP","jetpack_likes_enabled":true,"jetpack-related-posts":[{"id":25170,"url":"https:\/\/www.alonso-businesscoaching.es\/blog\/28-09-2023\/re-flexiones-3-919-libertad\/","url_meta":{"origin":25471,"position":0},"title":"Re-flexiones&#8230; 3.919 (libertad)","author":"Antonio J. Alonso Sampedro","date":"28\/09\/2023","format":false,"excerpt":"\"Vine a Estados Unidos porque o\u00ed que en este pa\u00eds exist\u00eda una gran, gran libertad. Comet\u00ed un error al elegir Estados Unidos como una tierra de libertad, y es un error que en el balance de mi vida ya no puedo compensar\" \u00a0Albert Einstein","rel":"","context":"En \u00abRe-flexiones\/tem\u00e1ticas\u00bb","block_context":{"text":"Re-flexiones\/tem\u00e1ticas","link":"https:\/\/www.alonso-businesscoaching.es\/blog\/category\/re-flexiones-tematicas\/"},"img":{"alt_text":"","src":"https:\/\/i0.wp.com\/www.alonso-businesscoaching.es\/blog\/wp-content\/uploads\/2015\/07\/Albert-Einstein1.jpg?resize=350%2C200&ssl=1","width":350,"height":200,"srcset":"https:\/\/i0.wp.com\/www.alonso-businesscoaching.es\/blog\/wp-content\/uploads\/2015\/07\/Albert-Einstein1.jpg?resize=350%2C200&ssl=1 1x, https:\/\/i0.wp.com\/www.alonso-businesscoaching.es\/blog\/wp-content\/uploads\/2015\/07\/Albert-Einstein1.jpg?resize=525%2C300&ssl=1 1.5x"},"classes":[]},{"id":25999,"url":"https:\/\/www.alonso-businesscoaching.es\/blog\/26-02-2024\/re-flexiones-4-067-libertad-2\/","url_meta":{"origin":25471,"position":1},"title":"Re-flexiones&#8230; 4.067 (libertad)","author":"Antonio J. Alonso Sampedro","date":"26\/02\/2024","format":false,"excerpt":"\"Lloramos porque no podemos amar, porque no nos interesa nada, no creemos en nada, vivimos para nada, porque somos libres; libres como las barcas perdidas en el mar\" John Dos Passos","rel":"","context":"En \u00abRe-flexiones\/tem\u00e1ticas\u00bb","block_context":{"text":"Re-flexiones\/tem\u00e1ticas","link":"https:\/\/www.alonso-businesscoaching.es\/blog\/category\/re-flexiones-tematicas\/"},"img":{"alt_text":"","src":"https:\/\/i0.wp.com\/www.alonso-businesscoaching.es\/blog\/wp-content\/uploads\/2016\/07\/John-Dos-Passos-150x150.jpg?resize=350%2C200&ssl=1","width":350,"height":200},"classes":[]},{"id":25734,"url":"https:\/\/www.alonso-businesscoaching.es\/blog\/03-01-2024\/re-flexiones-4-015-libertad\/","url_meta":{"origin":25471,"position":2},"title":"Re-flexiones&#8230; 4.015 (libertad)","author":"Antonio J. Alonso Sampedro","date":"03\/01\/2024","format":false,"excerpt":"\"\u00a1Oh, libertad gran tesoro!, porque no hay buena prisi\u00f3n, aunque fuese en grillos de oro\" Lope de Vega","rel":"","context":"En \u00abRe-flexiones\/tem\u00e1ticas\u00bb","block_context":{"text":"Re-flexiones\/tem\u00e1ticas","link":"https:\/\/www.alonso-businesscoaching.es\/blog\/category\/re-flexiones-tematicas\/"},"img":{"alt_text":"","src":"https:\/\/i0.wp.com\/www.alonso-businesscoaching.es\/blog\/wp-content\/uploads\/2016\/04\/Lope-de-Vega1-150x150.jpg?resize=350%2C200&ssl=1","width":350,"height":200},"classes":[]},{"id":26014,"url":"https:\/\/www.alonso-businesscoaching.es\/blog\/03-03-2024\/re-flexiones-4-072-libertad\/","url_meta":{"origin":25471,"position":3},"title":"Re-flexiones&#8230; 4.072 (libertad)","author":"Antonio J. Alonso Sampedro","date":"03\/03\/2024","format":false,"excerpt":"\"No puedes separar la paz de la libertad, porque nadie puede estar en paz, a no ser que tenga su libertad\" Malcolm X","rel":"","context":"En \u00abRe-flexiones\/tem\u00e1ticas\u00bb","block_context":{"text":"Re-flexiones\/tem\u00e1ticas","link":"https:\/\/www.alonso-businesscoaching.es\/blog\/category\/re-flexiones-tematicas\/"},"img":{"alt_text":"","src":"https:\/\/i0.wp.com\/www.alonso-businesscoaching.es\/blog\/wp-content\/uploads\/2013\/04\/Malcolm-X.jpg?resize=350%2C200&ssl=1","width":350,"height":200},"classes":[]},{"id":25820,"url":"https:\/\/www.alonso-businesscoaching.es\/blog\/20-01-2024\/re-flexiones-4-032-libertad\/","url_meta":{"origin":25471,"position":4},"title":"Re-flexiones&#8230; 4.032 (libertad)","author":"Antonio J. Alonso Sampedro","date":"20\/01\/2024","format":false,"excerpt":"\"No hay tan completa sujeci\u00f3n como la que conserva las apariencias de la libertad, porque as\u00ed est\u00e1 la libertad misma cautiva\" Jean Jacques Rousseau","rel":"","context":"En \u00abRe-flexiones\/tem\u00e1ticas\u00bb","block_context":{"text":"Re-flexiones\/tem\u00e1ticas","link":"https:\/\/www.alonso-businesscoaching.es\/blog\/category\/re-flexiones-tematicas\/"},"img":{"alt_text":"","src":"https:\/\/i0.wp.com\/www.alonso-businesscoaching.es\/blog\/wp-content\/uploads\/2015\/06\/Jean-Jacques-Rousseau.jpg?resize=350%2C200&ssl=1","width":350,"height":200},"classes":[]},{"id":25816,"url":"https:\/\/www.alonso-businesscoaching.es\/blog\/18-01-2024\/re-flexiones-4-030-libertad\/","url_meta":{"origin":25471,"position":5},"title":"Re-flexiones&#8230; 4.030 (libertad)","author":"Antonio J. Alonso Sampedro","date":"18\/01\/2024","format":false,"excerpt":"\"Que nada nos limite. Que nada nos defina. Que nada nos sujete. Que la libertad sea nuestra propia sustancia\" Simone de Beauvoir","rel":"","context":"En \u00abRe-flexiones\/tem\u00e1ticas\u00bb","block_context":{"text":"Re-flexiones\/tem\u00e1ticas","link":"https:\/\/www.alonso-businesscoaching.es\/blog\/category\/re-flexiones-tematicas\/"},"img":{"alt_text":"","src":"https:\/\/i0.wp.com\/www.alonso-businesscoaching.es\/blog\/wp-content\/uploads\/2016\/11\/Simone-de-Beauvoir-150x150.jpg?resize=350%2C200&ssl=1","width":350,"height":200},"classes":[]}],"jetpack_sharing_enabled":true,"_links":{"self":[{"href":"https:\/\/www.alonso-businesscoaching.es\/blog\/wp-json\/wp\/v2\/posts\/25471","targetHints":{"allow":["GET"]}}],"collection":[{"href":"https:\/\/www.alonso-businesscoaching.es\/blog\/wp-json\/wp\/v2\/posts"}],"about":[{"href":"https:\/\/www.alonso-businesscoaching.es\/blog\/wp-json\/wp\/v2\/types\/post"}],"author":[{"embeddable":true,"href":"https:\/\/www.alonso-businesscoaching.es\/blog\/wp-json\/wp\/v2\/users\/2"}],"replies":[{"embeddable":true,"href":"https:\/\/www.alonso-businesscoaching.es\/blog\/wp-json\/wp\/v2\/comments?post=25471"}],"version-history":[{"count":1,"href":"https:\/\/www.alonso-businesscoaching.es\/blog\/wp-json\/wp\/v2\/posts\/25471\/revisions"}],"predecessor-version":[{"id":25472,"href":"https:\/\/www.alonso-businesscoaching.es\/blog\/wp-json\/wp\/v2\/posts\/25471\/revisions\/25472"}],"wp:attachment":[{"href":"https:\/\/www.alonso-businesscoaching.es\/blog\/wp-json\/wp\/v2\/media?parent=25471"}],"wp:term":[{"taxonomy":"category","embeddable":true,"href":"https:\/\/www.alonso-businesscoaching.es\/blog\/wp-json\/wp\/v2\/categories?post=25471"},{"taxonomy":"post_tag","embeddable":true,"href":"https:\/\/www.alonso-businesscoaching.es\/blog\/wp-json\/wp\/v2\/tags?post=25471"}],"curies":[{"name":"wp","href":"https:\/\/api.w.org\/{rel}","templated":true}]}}