{"id":25554,"date":"2023-12-09T07:00:00","date_gmt":"2023-12-09T06:00:00","guid":{"rendered":"https:\/\/www.alonso-businesscoaching.es\/blog\/?p=25554"},"modified":"2023-11-25T10:37:48","modified_gmt":"2023-11-25T09:37:48","slug":"re-flexiones-3-990-libertad","status":"publish","type":"post","link":"https:\/\/www.alonso-businesscoaching.es\/blog\/09-12-2023\/re-flexiones-3-990-libertad\/","title":{"rendered":"Re-flexiones&#8230; 3.990 (libertad)"},"content":{"rendered":"\n<p class=\"has-text-align-center\"><em>&#8220;El orden social a cambio de libertad es un mal trato&#8221;<\/em><\/p>\n\n\n<div class=\"wp-block-image\">\n<figure class=\"aligncenter size-thumbnail\"><a href=\"https:\/\/es.wikipedia.org\/wiki\/Marqu%C3%A9s_de_Sade\" target=\"_blank\" rel=\"noreferrer noopener\"><img data-recalc-dims=\"1\" loading=\"lazy\" decoding=\"async\" width=\"150\" height=\"150\" data-attachment-id=\"18588\" data-permalink=\"https:\/\/www.alonso-businesscoaching.es\/blog\/21-11-2019\/re-flexiones-2-612-maldad\/marques-de-sade1\/\" data-orig-file=\"https:\/\/i0.wp.com\/www.alonso-businesscoaching.es\/blog\/wp-content\/uploads\/2019\/11\/Marques-de-Sade1.jpg?fit=276%2C274&amp;ssl=1\" data-orig-size=\"276,274\" data-comments-opened=\"1\" data-image-meta=\"{&quot;aperture&quot;:&quot;0&quot;,&quot;credit&quot;:&quot;&quot;,&quot;camera&quot;:&quot;&quot;,&quot;caption&quot;:&quot;&quot;,&quot;created_timestamp&quot;:&quot;0&quot;,&quot;copyright&quot;:&quot;&quot;,&quot;focal_length&quot;:&quot;0&quot;,&quot;iso&quot;:&quot;0&quot;,&quot;shutter_speed&quot;:&quot;0&quot;,&quot;title&quot;:&quot;&quot;,&quot;orientation&quot;:&quot;0&quot;}\" data-image-title=\"Marques-de-Sade1\" data-image-description=\"\" data-image-caption=\"\" data-large-file=\"https:\/\/i0.wp.com\/www.alonso-businesscoaching.es\/blog\/wp-content\/uploads\/2019\/11\/Marques-de-Sade1.jpg?fit=276%2C274&amp;ssl=1\" src=\"https:\/\/i0.wp.com\/www.alonso-businesscoaching.es\/blog\/wp-content\/uploads\/2019\/11\/Marques-de-Sade1.jpg?resize=150%2C150&#038;ssl=1\" alt=\"\" class=\"wp-image-18588\" srcset=\"https:\/\/i0.wp.com\/www.alonso-businesscoaching.es\/blog\/wp-content\/uploads\/2019\/11\/Marques-de-Sade1.jpg?resize=150%2C150&amp;ssl=1 150w, https:\/\/i0.wp.com\/www.alonso-businesscoaching.es\/blog\/wp-content\/uploads\/2019\/11\/Marques-de-Sade1.jpg?resize=100%2C100&amp;ssl=1 100w, https:\/\/i0.wp.com\/www.alonso-businesscoaching.es\/blog\/wp-content\/uploads\/2019\/11\/Marques-de-Sade1.jpg?resize=50%2C50&amp;ssl=1 50w, https:\/\/i0.wp.com\/www.alonso-businesscoaching.es\/blog\/wp-content\/uploads\/2019\/11\/Marques-de-Sade1.jpg?w=276&amp;ssl=1 276w\" sizes=\"auto, (max-width: 150px) 100vw, 150px\" \/><\/a><\/figure>\n<\/div>\n\n\n<p class=\"has-text-align-center\">Marqu\u00e9s de Sade<\/p>\n","protected":false},"excerpt":{"rendered":"<p>&#8220;El orden social a cambio de libertad es un mal trato&#8221; Marqu\u00e9s de Sade<\/p>\n","protected":false},"author":2,"featured_media":0,"comment_status":"open","ping_status":"open","sticky":false,"template":"","format":"standard","meta":{"om_disable_all_campaigns":false,"_monsterinsights_skip_tracking":false,"_monsterinsights_sitenote_active":false,"_monsterinsights_sitenote_note":"","_monsterinsights_sitenote_category":0,"_s2mail":"yes","_uf_show_specific_survey":0,"_uf_disable_surveys":false,"jetpack_post_was_ever_published":false,"_jetpack_newsletter_access":"","_jetpack_dont_email_post_to_subs":false,"_jetpack_newsletter_tier_id":0,"_jetpack_memberships_contains_paywalled_content":false,"_jetpack_memberships_contains_paid_content":false,"footnotes":"","jetpack_publicize_message":"","jetpack_publicize_feature_enabled":true,"jetpack_social_post_already_shared":true,"jetpack_social_options":{"image_generator_settings":{"template":"highway","default_image_id":0,"font":"","enabled":false},"version":2}},"categories":[75],"tags":[307],"class_list":["post-25554","post","type-post","status-publish","format-standard","hentry","category-re-flexiones-tematicas","tag-libertad"],"aioseo_notices":[],"jetpack_publicize_connections":[],"jetpack_featured_media_url":"","jetpack_shortlink":"https:\/\/wp.me\/p5YpnT-6Ea","jetpack_likes_enabled":true,"jetpack-related-posts":[{"id":25688,"url":"https:\/\/www.alonso-businesscoaching.es\/blog\/27-12-2023\/re-flexiones-4-008-libertad\/","url_meta":{"origin":25554,"position":0},"title":"Re-flexiones&#8230; 4.008 (libertad)","author":"Antonio J. Alonso Sampedro","date":"27\/12\/2023","format":false,"excerpt":"\"Ning\u00fan favor produce una gratitud menos permanente que el don de la libertad, especialmente entre aquellos pueblos que est\u00e1n dispuestos a hacer mal uso de ella\" Tito Livio","rel":"","context":"En \u00abRe-flexiones\/tem\u00e1ticas\u00bb","block_context":{"text":"Re-flexiones\/tem\u00e1ticas","link":"https:\/\/www.alonso-businesscoaching.es\/blog\/category\/re-flexiones-tematicas\/"},"img":{"alt_text":"","src":"https:\/\/i0.wp.com\/www.alonso-businesscoaching.es\/blog\/wp-content\/uploads\/2022\/06\/Tito-Livio-150x150.jpg?resize=350%2C200&ssl=1","width":350,"height":200},"classes":[]},{"id":25021,"url":"https:\/\/www.alonso-businesscoaching.es\/blog\/10-09-2023\/re-flexiones-3-901-libertad\/","url_meta":{"origin":25554,"position":1},"title":"Re-flexiones&#8230; 3.901 (libertad)","author":"Antonio J. Alonso Sampedro","date":"10\/09\/2023","format":false,"excerpt":"\"La libertad es incompatible con el amor. Un amante es siempre un esclavo\" Germaine de Sta\u00ebl","rel":"","context":"En \u00abRe-flexiones\/tem\u00e1ticas\u00bb","block_context":{"text":"Re-flexiones\/tem\u00e1ticas","link":"https:\/\/www.alonso-businesscoaching.es\/blog\/category\/re-flexiones-tematicas\/"},"img":{"alt_text":"","src":"https:\/\/i0.wp.com\/www.alonso-businesscoaching.es\/blog\/wp-content\/uploads\/2013\/11\/Germaine-de-Sta%C3%ABl-150x150.jpg?resize=350%2C200&ssl=1","width":350,"height":200},"classes":[]},{"id":25828,"url":"https:\/\/www.alonso-businesscoaching.es\/blog\/23-01-2024\/re-flexiones-4-035-libertad\/","url_meta":{"origin":25554,"position":2},"title":"Re-flexiones&#8230; 4.035 (libertad)","author":"Antonio J. Alonso Sampedro","date":"23\/01\/2024","format":false,"excerpt":"\"La libertad de pensar, y de mal pensar y de pensar poco, la libertad de elegir yo misma mi vida, de elegirme a m\u00ed misma\" Fran\u00e7oise Sagan","rel":"","context":"En \u00abRe-flexiones\/tem\u00e1ticas\u00bb","block_context":{"text":"Re-flexiones\/tem\u00e1ticas","link":"https:\/\/www.alonso-businesscoaching.es\/blog\/category\/re-flexiones-tematicas\/"},"img":{"alt_text":"","src":"https:\/\/i0.wp.com\/www.alonso-businesscoaching.es\/blog\/wp-content\/uploads\/2024\/01\/Francoise-Sagan2-150x150.jpg?resize=350%2C200&ssl=1","width":350,"height":200},"classes":[]},{"id":25595,"url":"https:\/\/www.alonso-businesscoaching.es\/blog\/14-12-2023\/re-flexiones-3-995-libertad\/","url_meta":{"origin":25554,"position":3},"title":"Re-flexiones&#8230; 3.995 (libertad)","author":"Antonio J. Alonso Sampedro","date":"14\/12\/2023","format":false,"excerpt":"\"Un soldado feliz no adquiere ning\u00fan derecho para mandar a su patria. No es el \u00e1rbitro de las leyes ni del gobierno. Es defensor de su libertad\" Sim\u00f3n Bol\u00edvar","rel":"","context":"En \u00abRe-flexiones\/tem\u00e1ticas\u00bb","block_context":{"text":"Re-flexiones\/tem\u00e1ticas","link":"https:\/\/www.alonso-businesscoaching.es\/blog\/category\/re-flexiones-tematicas\/"},"img":{"alt_text":"","src":"https:\/\/i0.wp.com\/www.alonso-businesscoaching.es\/blog\/wp-content\/uploads\/2018\/04\/S%C3%ADm%C3%B3n-Bol%C3%ADvar-150x150.jpg?resize=350%2C200&ssl=1","width":350,"height":200},"classes":[]},{"id":25170,"url":"https:\/\/www.alonso-businesscoaching.es\/blog\/28-09-2023\/re-flexiones-3-919-libertad\/","url_meta":{"origin":25554,"position":4},"title":"Re-flexiones&#8230; 3.919 (libertad)","author":"Antonio J. Alonso Sampedro","date":"28\/09\/2023","format":false,"excerpt":"\"Vine a Estados Unidos porque o\u00ed que en este pa\u00eds exist\u00eda una gran, gran libertad. Comet\u00ed un error al elegir Estados Unidos como una tierra de libertad, y es un error que en el balance de mi vida ya no puedo compensar\" \u00a0Albert Einstein","rel":"","context":"En \u00abRe-flexiones\/tem\u00e1ticas\u00bb","block_context":{"text":"Re-flexiones\/tem\u00e1ticas","link":"https:\/\/www.alonso-businesscoaching.es\/blog\/category\/re-flexiones-tematicas\/"},"img":{"alt_text":"","src":"https:\/\/i0.wp.com\/www.alonso-businesscoaching.es\/blog\/wp-content\/uploads\/2015\/07\/Albert-Einstein1.jpg?resize=350%2C200&ssl=1","width":350,"height":200,"srcset":"https:\/\/i0.wp.com\/www.alonso-businesscoaching.es\/blog\/wp-content\/uploads\/2015\/07\/Albert-Einstein1.jpg?resize=350%2C200&ssl=1 1x, https:\/\/i0.wp.com\/www.alonso-businesscoaching.es\/blog\/wp-content\/uploads\/2015\/07\/Albert-Einstein1.jpg?resize=525%2C300&ssl=1 1.5x"},"classes":[]},{"id":25367,"url":"https:\/\/www.alonso-businesscoaching.es\/blog\/02-11-2023\/re-flexiones-3-953-libertad\/","url_meta":{"origin":25554,"position":5},"title":"Re-flexiones&#8230; 3.953 (libertad)","author":"Antonio J. Alonso Sampedro","date":"02\/11\/2023","format":false,"excerpt":"\"Si los hombres emplean su libertad de tal manera que renuncian a esta, \u00bfpuede consider\u00e1rseles por ello menos esclavos? Si el pueblo elige por un plebiscito a un d\u00e9spota para gobernarlo, \u00bfsigue siendo libre por el hecho de que el despotismo ha sido su propia obra?\" Herbert Spencer","rel":"","context":"En \u00abRe-flexiones\/tem\u00e1ticas\u00bb","block_context":{"text":"Re-flexiones\/tem\u00e1ticas","link":"https:\/\/www.alonso-businesscoaching.es\/blog\/category\/re-flexiones-tematicas\/"},"img":{"alt_text":"","src":"https:\/\/i0.wp.com\/www.alonso-businesscoaching.es\/blog\/wp-content\/uploads\/2022\/11\/Herbert-Spencer1.jpg?resize=350%2C200&ssl=1","width":350,"height":200,"srcset":"https:\/\/i0.wp.com\/www.alonso-businesscoaching.es\/blog\/wp-content\/uploads\/2022\/11\/Herbert-Spencer1.jpg?resize=350%2C200&ssl=1 1x, https:\/\/i0.wp.com\/www.alonso-businesscoaching.es\/blog\/wp-content\/uploads\/2022\/11\/Herbert-Spencer1.jpg?resize=525%2C300&ssl=1 1.5x"},"classes":[]}],"jetpack_sharing_enabled":true,"_links":{"self":[{"href":"https:\/\/www.alonso-businesscoaching.es\/blog\/wp-json\/wp\/v2\/posts\/25554","targetHints":{"allow":["GET"]}}],"collection":[{"href":"https:\/\/www.alonso-businesscoaching.es\/blog\/wp-json\/wp\/v2\/posts"}],"about":[{"href":"https:\/\/www.alonso-businesscoaching.es\/blog\/wp-json\/wp\/v2\/types\/post"}],"author":[{"embeddable":true,"href":"https:\/\/www.alonso-businesscoaching.es\/blog\/wp-json\/wp\/v2\/users\/2"}],"replies":[{"embeddable":true,"href":"https:\/\/www.alonso-businesscoaching.es\/blog\/wp-json\/wp\/v2\/comments?post=25554"}],"version-history":[{"count":1,"href":"https:\/\/www.alonso-businesscoaching.es\/blog\/wp-json\/wp\/v2\/posts\/25554\/revisions"}],"predecessor-version":[{"id":25555,"href":"https:\/\/www.alonso-businesscoaching.es\/blog\/wp-json\/wp\/v2\/posts\/25554\/revisions\/25555"}],"wp:attachment":[{"href":"https:\/\/www.alonso-businesscoaching.es\/blog\/wp-json\/wp\/v2\/media?parent=25554"}],"wp:term":[{"taxonomy":"category","embeddable":true,"href":"https:\/\/www.alonso-businesscoaching.es\/blog\/wp-json\/wp\/v2\/categories?post=25554"},{"taxonomy":"post_tag","embeddable":true,"href":"https:\/\/www.alonso-businesscoaching.es\/blog\/wp-json\/wp\/v2\/tags?post=25554"}],"curies":[{"name":"wp","href":"https:\/\/api.w.org\/{rel}","templated":true}]}}