{"id":28900,"date":"2025-06-17T07:00:00","date_gmt":"2025-06-17T05:00:00","guid":{"rendered":"https:\/\/www.alonso-businesscoaching.es\/blog\/?p=28900"},"modified":"2025-04-25T17:51:53","modified_gmt":"2025-04-25T15:51:53","slug":"re-flexiones-4-641-vejez","status":"publish","type":"post","link":"https:\/\/www.alonso-businesscoaching.es\/blog\/17-06-2025\/re-flexiones-4-641-vejez\/","title":{"rendered":"Re-flexiones&#8230; 4.641 (vejez)"},"content":{"rendered":"\n<p class=\"has-text-align-center\"><em>&#8220;Envejecer es como escalar una gran monta\u00f1a: mientras se sube las fuerzas disminuyen, pero la mirada es m\u00e1s libre, la vista m\u00e1s amplia y serena&#8221;<\/em><\/p>\n\n\n<div class=\"wp-block-image\">\n<figure class=\"aligncenter size-thumbnail\"><a href=\"https:\/\/www.alonso-businesscoaching.es\/blog\/?s=Ingmar+Bergman\" target=\"_blank\" rel=\" noreferrer noopener\"><img data-recalc-dims=\"1\" loading=\"lazy\" decoding=\"async\" width=\"150\" height=\"150\" data-attachment-id=\"28901\" data-permalink=\"https:\/\/www.alonso-businesscoaching.es\/blog\/17-06-2025\/re-flexiones-4-641-vejez\/ingmar-bergman\/\" data-orig-file=\"https:\/\/i0.wp.com\/www.alonso-businesscoaching.es\/blog\/wp-content\/uploads\/2025\/04\/Ingmar-Bergman.jpg?fit=224%2C248&amp;ssl=1\" data-orig-size=\"224,248\" data-comments-opened=\"1\" data-image-meta=\"{&quot;aperture&quot;:&quot;0&quot;,&quot;credit&quot;:&quot;&quot;,&quot;camera&quot;:&quot;&quot;,&quot;caption&quot;:&quot;&quot;,&quot;created_timestamp&quot;:&quot;0&quot;,&quot;copyright&quot;:&quot;&quot;,&quot;focal_length&quot;:&quot;0&quot;,&quot;iso&quot;:&quot;0&quot;,&quot;shutter_speed&quot;:&quot;0&quot;,&quot;title&quot;:&quot;&quot;,&quot;orientation&quot;:&quot;0&quot;}\" data-image-title=\"Ingmar Bergman\" data-image-description=\"\" data-image-caption=\"\" data-large-file=\"https:\/\/i0.wp.com\/www.alonso-businesscoaching.es\/blog\/wp-content\/uploads\/2025\/04\/Ingmar-Bergman.jpg?fit=224%2C248&amp;ssl=1\" src=\"https:\/\/i0.wp.com\/www.alonso-businesscoaching.es\/blog\/wp-content\/uploads\/2025\/04\/Ingmar-Bergman.jpg?resize=150%2C150&#038;ssl=1\" alt=\"\" class=\"wp-image-28901\" srcset=\"https:\/\/i0.wp.com\/www.alonso-businesscoaching.es\/blog\/wp-content\/uploads\/2025\/04\/Ingmar-Bergman.jpg?resize=150%2C150&amp;ssl=1 150w, https:\/\/i0.wp.com\/www.alonso-businesscoaching.es\/blog\/wp-content\/uploads\/2025\/04\/Ingmar-Bergman.jpg?resize=100%2C100&amp;ssl=1 100w\" sizes=\"auto, (max-width: 150px) 100vw, 150px\" \/><\/a><\/figure>\n<\/div>\n\n\n<p class=\"has-text-align-center\">Ingmar Bergman<\/p>\n","protected":false},"excerpt":{"rendered":"<p>&#8220;Envejecer es como escalar una gran monta\u00f1a: mientras se sube las fuerzas disminuyen, pero la mirada es m\u00e1s libre, la vista m\u00e1s amplia y serena&#8221; Ingmar Bergman<\/p>\n","protected":false},"author":2,"featured_media":0,"comment_status":"open","ping_status":"open","sticky":false,"template":"","format":"standard","meta":{"om_disable_all_campaigns":false,"_monsterinsights_skip_tracking":false,"_monsterinsights_sitenote_active":false,"_monsterinsights_sitenote_note":"","_monsterinsights_sitenote_category":0,"_s2mail":"yes","_uf_show_specific_survey":0,"_uf_disable_surveys":false,"jetpack_post_was_ever_published":false,"_jetpack_newsletter_access":"","_jetpack_dont_email_post_to_subs":false,"_jetpack_newsletter_tier_id":0,"_jetpack_memberships_contains_paywalled_content":false,"_jetpack_memberships_contains_paid_content":false,"footnotes":"","jetpack_publicize_message":"","jetpack_publicize_feature_enabled":true,"jetpack_social_post_already_shared":true,"jetpack_social_options":{"image_generator_settings":{"template":"highway","enabled":false},"version":2}},"categories":[75],"tags":[341],"class_list":["post-28900","post","type-post","status-publish","format-standard","hentry","category-re-flexiones-tematicas","tag-vejez"],"aioseo_notices":[],"jetpack_publicize_connections":[],"jetpack_featured_media_url":"","jetpack_shortlink":"https:\/\/wp.me\/p5YpnT-7w8","jetpack_likes_enabled":true,"jetpack-related-posts":[{"id":29016,"url":"https:\/\/www.alonso-businesscoaching.es\/blog\/17-07-2025\/re-flexiones-4-671-vejez\/","url_meta":{"origin":28900,"position":0},"title":"Re-flexiones&#8230; 4.671 (vejez)","author":"Antonio J. Alonso Sampedro","date":"17\/07\/2025","format":false,"excerpt":"\"En la vejez no se hace m\u00e1s que repetirse\" P\u00edo Baroja","rel":"","context":"En \u00abRe-flexiones\/tem\u00e1ticas\u00bb","block_context":{"text":"Re-flexiones\/tem\u00e1ticas","link":"https:\/\/www.alonso-businesscoaching.es\/blog\/category\/re-flexiones-tematicas\/"},"img":{"alt_text":"","src":"https:\/\/i0.wp.com\/www.alonso-businesscoaching.es\/blog\/wp-content\/uploads\/2017\/02\/P%C3%ADo-Baroja-150x150.jpg?resize=350%2C200&ssl=1","width":350,"height":200},"classes":[]},{"id":28977,"url":"https:\/\/www.alonso-businesscoaching.es\/blog\/09-07-2025\/re-flexiones-4-663-vejez\/","url_meta":{"origin":28900,"position":1},"title":"Re-flexiones&#8230; 4.663 (vejez)","author":"Antonio J. Alonso Sampedro","date":"09\/07\/2025","format":false,"excerpt":"\"La vejez no significa nada m\u00e1s que dejar de sufrir por el pasado\" Stefan Zweig","rel":"","context":"En \u00abRe-flexiones\/tem\u00e1ticas\u00bb","block_context":{"text":"Re-flexiones\/tem\u00e1ticas","link":"https:\/\/www.alonso-businesscoaching.es\/blog\/category\/re-flexiones-tematicas\/"},"img":{"alt_text":"","src":"https:\/\/i0.wp.com\/www.alonso-businesscoaching.es\/blog\/wp-content\/uploads\/2013\/05\/Stefan-Zweig-150x150.jpg?resize=350%2C200&ssl=1","width":350,"height":200},"classes":[]},{"id":29025,"url":"https:\/\/www.alonso-businesscoaching.es\/blog\/20-07-2025\/re-flexiones-4-674-vejez\/","url_meta":{"origin":28900,"position":2},"title":"Re-flexiones&#8230; 4.674 (vejez)","author":"Antonio J. Alonso Sampedro","date":"20\/07\/2025","format":false,"excerpt":"\"Cuando uno se hace viejo, gusta m\u00e1s releer que leer\" P\u00edo Baroja","rel":"","context":"En \u00abRe-flexiones\/tem\u00e1ticas\u00bb","block_context":{"text":"Re-flexiones\/tem\u00e1ticas","link":"https:\/\/www.alonso-businesscoaching.es\/blog\/category\/re-flexiones-tematicas\/"},"img":{"alt_text":"","src":"https:\/\/i0.wp.com\/www.alonso-businesscoaching.es\/blog\/wp-content\/uploads\/2017\/02\/P%C3%ADo-Baroja-150x150.jpg?resize=350%2C200&ssl=1","width":350,"height":200},"classes":[]},{"id":28927,"url":"https:\/\/www.alonso-businesscoaching.es\/blog\/24-06-2025\/re-flexiones-4-648-vejez\/","url_meta":{"origin":28900,"position":3},"title":"Re-flexiones&#8230; 4.648 (vejez)","author":"Antonio J. Alonso Sampedro","date":"24\/06\/2025","format":false,"excerpt":"\"Las arrugas del esp\u00edritu nos hacen m\u00e1s viejos que las de la cara\" Michel de Montaigne","rel":"","context":"En \u00abRe-flexiones\/tem\u00e1ticas\u00bb","block_context":{"text":"Re-flexiones\/tem\u00e1ticas","link":"https:\/\/www.alonso-businesscoaching.es\/blog\/category\/re-flexiones-tematicas\/"},"img":{"alt_text":"","src":"https:\/\/i0.wp.com\/www.alonso-businesscoaching.es\/blog\/wp-content\/uploads\/2015\/11\/Michel-de-Montaigne1-150x150.jpg?resize=350%2C200&ssl=1","width":350,"height":200},"classes":[]},{"id":28903,"url":"https:\/\/www.alonso-businesscoaching.es\/blog\/18-06-2025\/re-flexiones-4-642-vejez\/","url_meta":{"origin":28900,"position":4},"title":"Re-flexiones&#8230; 4.642 (vejez)","author":"Antonio J. Alonso Sampedro","date":"18\/06\/2025","format":false,"excerpt":"\"La edad madura es aquella en la que todav\u00eda se es joven, pero con mucho m\u00e1s esfuerzo\" Jean-Louis Barrault","rel":"","context":"En \u00abRe-flexiones\/tem\u00e1ticas\u00bb","block_context":{"text":"Re-flexiones\/tem\u00e1ticas","link":"https:\/\/www.alonso-businesscoaching.es\/blog\/category\/re-flexiones-tematicas\/"},"img":{"alt_text":"","src":"https:\/\/i0.wp.com\/www.alonso-businesscoaching.es\/blog\/wp-content\/uploads\/2025\/04\/Jean-Louis-Barrault.jpg?resize=350%2C200&ssl=1","width":350,"height":200,"srcset":"https:\/\/i0.wp.com\/www.alonso-businesscoaching.es\/blog\/wp-content\/uploads\/2025\/04\/Jean-Louis-Barrault.jpg?resize=350%2C200&ssl=1 1x, https:\/\/i0.wp.com\/www.alonso-businesscoaching.es\/blog\/wp-content\/uploads\/2025\/04\/Jean-Louis-Barrault.jpg?resize=525%2C300&ssl=1 1.5x"},"classes":[]},{"id":28949,"url":"https:\/\/www.alonso-businesscoaching.es\/blog\/01-07-2025\/re-flexiones-4-655-vejez\/","url_meta":{"origin":28900,"position":5},"title":"Re-flexiones&#8230; 4.655 (vejez)","author":"Antonio J. Alonso Sampedro","date":"01\/07\/2025","format":false,"excerpt":"\"Nadie es tan viejo que no pueda vivir un a\u00f1o m\u00e1s, ni tan mozo que hoy no pudiese morir\" Fernando de Rojas","rel":"","context":"En \u00abRe-flexiones\/tem\u00e1ticas\u00bb","block_context":{"text":"Re-flexiones\/tem\u00e1ticas","link":"https:\/\/www.alonso-businesscoaching.es\/blog\/category\/re-flexiones-tematicas\/"},"img":{"alt_text":"","src":"https:\/\/i0.wp.com\/www.alonso-businesscoaching.es\/blog\/wp-content\/uploads\/2023\/06\/Fernando-de-Rojas2-150x150.jpg?resize=350%2C200&ssl=1","width":350,"height":200},"classes":[]}],"jetpack_sharing_enabled":true,"_links":{"self":[{"href":"https:\/\/www.alonso-businesscoaching.es\/blog\/wp-json\/wp\/v2\/posts\/28900","targetHints":{"allow":["GET"]}}],"collection":[{"href":"https:\/\/www.alonso-businesscoaching.es\/blog\/wp-json\/wp\/v2\/posts"}],"about":[{"href":"https:\/\/www.alonso-businesscoaching.es\/blog\/wp-json\/wp\/v2\/types\/post"}],"author":[{"embeddable":true,"href":"https:\/\/www.alonso-businesscoaching.es\/blog\/wp-json\/wp\/v2\/users\/2"}],"replies":[{"embeddable":true,"href":"https:\/\/www.alonso-businesscoaching.es\/blog\/wp-json\/wp\/v2\/comments?post=28900"}],"version-history":[{"count":1,"href":"https:\/\/www.alonso-businesscoaching.es\/blog\/wp-json\/wp\/v2\/posts\/28900\/revisions"}],"predecessor-version":[{"id":28902,"href":"https:\/\/www.alonso-businesscoaching.es\/blog\/wp-json\/wp\/v2\/posts\/28900\/revisions\/28902"}],"wp:attachment":[{"href":"https:\/\/www.alonso-businesscoaching.es\/blog\/wp-json\/wp\/v2\/media?parent=28900"}],"wp:term":[{"taxonomy":"category","embeddable":true,"href":"https:\/\/www.alonso-businesscoaching.es\/blog\/wp-json\/wp\/v2\/categories?post=28900"},{"taxonomy":"post_tag","embeddable":true,"href":"https:\/\/www.alonso-businesscoaching.es\/blog\/wp-json\/wp\/v2\/tags?post=28900"}],"curies":[{"name":"wp","href":"https:\/\/api.w.org\/{rel}","templated":true}]}}