{"id":28927,"date":"2025-06-24T07:00:00","date_gmt":"2025-06-24T05:00:00","guid":{"rendered":"https:\/\/www.alonso-businesscoaching.es\/blog\/?p=28927"},"modified":"2025-04-28T10:14:59","modified_gmt":"2025-04-28T08:14:59","slug":"re-flexiones-4-648-vejez","status":"publish","type":"post","link":"https:\/\/www.alonso-businesscoaching.es\/blog\/24-06-2025\/re-flexiones-4-648-vejez\/","title":{"rendered":"Re-flexiones&#8230; 4.648 (vejez)"},"content":{"rendered":"\n<p class=\"has-text-align-center\"><em>&#8220;Las arrugas del esp\u00edritu nos hacen m\u00e1s viejos que las de la cara&#8221;<\/em><\/p>\n\n\n<div class=\"wp-block-image\">\n<figure class=\"aligncenter size-thumbnail\"><a href=\"https:\/\/www.alonso-businesscoaching.es\/blog\/?s=Michel+de+Montaigne\" target=\"_blank\" rel=\" noreferrer noopener\"><img data-recalc-dims=\"1\" loading=\"lazy\" decoding=\"async\" width=\"150\" height=\"150\" data-attachment-id=\"11295\" data-permalink=\"https:\/\/www.alonso-businesscoaching.es\/blog\/06-12-2015\/re-flexiones-1-166-alma\/michel-de-montaigne1\/\" data-orig-file=\"https:\/\/i0.wp.com\/www.alonso-businesscoaching.es\/blog\/wp-content\/uploads\/2015\/11\/Michel-de-Montaigne1.jpg?fit=150%2C200&amp;ssl=1\" data-orig-size=\"150,200\" data-comments-opened=\"1\" data-image-meta=\"{&quot;aperture&quot;:&quot;0&quot;,&quot;credit&quot;:&quot;&quot;,&quot;camera&quot;:&quot;&quot;,&quot;caption&quot;:&quot;&quot;,&quot;created_timestamp&quot;:&quot;0&quot;,&quot;copyright&quot;:&quot;&quot;,&quot;focal_length&quot;:&quot;0&quot;,&quot;iso&quot;:&quot;0&quot;,&quot;shutter_speed&quot;:&quot;0&quot;,&quot;title&quot;:&quot;&quot;,&quot;orientation&quot;:&quot;0&quot;}\" data-image-title=\"Michel de Montaigne1\" data-image-description=\"\" data-image-caption=\"\" data-large-file=\"https:\/\/i0.wp.com\/www.alonso-businesscoaching.es\/blog\/wp-content\/uploads\/2015\/11\/Michel-de-Montaigne1.jpg?fit=150%2C200&amp;ssl=1\" src=\"https:\/\/i0.wp.com\/www.alonso-businesscoaching.es\/blog\/wp-content\/uploads\/2015\/11\/Michel-de-Montaigne1.jpg?resize=150%2C150&#038;ssl=1\" alt=\"\" class=\"wp-image-11295\" srcset=\"https:\/\/i0.wp.com\/www.alonso-businesscoaching.es\/blog\/wp-content\/uploads\/2015\/11\/Michel-de-Montaigne1.jpg?resize=150%2C150&amp;ssl=1 150w, https:\/\/i0.wp.com\/www.alonso-businesscoaching.es\/blog\/wp-content\/uploads\/2015\/11\/Michel-de-Montaigne1.jpg?resize=59%2C59&amp;ssl=1 59w\" sizes=\"auto, (max-width: 150px) 100vw, 150px\" \/><\/a><\/figure>\n<\/div>\n\n\n<p class=\"has-text-align-center\">Michel de Montaigne<\/p>\n","protected":false},"excerpt":{"rendered":"<p>&#8220;Las arrugas del esp\u00edritu nos hacen m\u00e1s viejos que las de la cara&#8221; Michel de Montaigne<\/p>\n","protected":false},"author":2,"featured_media":0,"comment_status":"open","ping_status":"open","sticky":false,"template":"","format":"standard","meta":{"om_disable_all_campaigns":false,"_monsterinsights_skip_tracking":false,"_monsterinsights_sitenote_active":false,"_monsterinsights_sitenote_note":"","_monsterinsights_sitenote_category":0,"_s2mail":"yes","_uf_show_specific_survey":0,"_uf_disable_surveys":false,"jetpack_post_was_ever_published":false,"_jetpack_newsletter_access":"","_jetpack_dont_email_post_to_subs":false,"_jetpack_newsletter_tier_id":0,"_jetpack_memberships_contains_paywalled_content":false,"_jetpack_memberships_contains_paid_content":false,"footnotes":"","jetpack_publicize_message":"","jetpack_publicize_feature_enabled":true,"jetpack_social_post_already_shared":true,"jetpack_social_options":{"image_generator_settings":{"template":"highway","enabled":false},"version":2}},"categories":[75],"tags":[341],"class_list":["post-28927","post","type-post","status-publish","format-standard","hentry","category-re-flexiones-tematicas","tag-vejez"],"aioseo_notices":[],"jetpack_publicize_connections":[],"jetpack_featured_media_url":"","jetpack_shortlink":"https:\/\/wp.me\/p5YpnT-7wz","jetpack_likes_enabled":true,"jetpack-related-posts":[{"id":15394,"url":"https:\/\/www.alonso-businesscoaching.es\/blog\/13-05-2018\/re-flexiones-2-055-celos\/","url_meta":{"origin":28927,"position":0},"title":"Re-flexiones&#8230; 2.055 (celos)","author":"Antonio J. Alonso Sampedro","date":"13\/05\/2018","format":false,"excerpt":"\"Los celos son, de todas las enfermedades del esp\u00edritu, aquella a la cual m\u00e1s cosas sirven de alimento y ninguna de remedio\" Michel de Montaigne","rel":"","context":"En \u00abRe-flexiones\/tem\u00e1ticas\u00bb","block_context":{"text":"Re-flexiones\/tem\u00e1ticas","link":"https:\/\/www.alonso-businesscoaching.es\/blog\/category\/re-flexiones-tematicas\/"},"img":{"alt_text":"","src":"https:\/\/i0.wp.com\/www.alonso-businesscoaching.es\/blog\/wp-content\/uploads\/2015\/11\/Michel-de-Montaigne1-150x150.jpg?resize=350%2C200&ssl=1","width":350,"height":200},"classes":[]},{"id":28979,"url":"https:\/\/www.alonso-businesscoaching.es\/blog\/10-07-2025\/re-flexiones-4-664-vejez\/","url_meta":{"origin":28927,"position":1},"title":"Re-flexiones&#8230; 4.664 (vejez)","author":"Antonio J. Alonso Sampedro","date":"10\/07\/2025","format":false,"excerpt":"\"Todos deseamos llegar a viejos; y todos negamos que hemos llegado\" Francisco de Quevedo","rel":"","context":"En \u00abRe-flexiones\/tem\u00e1ticas\u00bb","block_context":{"text":"Re-flexiones\/tem\u00e1ticas","link":"https:\/\/www.alonso-businesscoaching.es\/blog\/category\/re-flexiones-tematicas\/"},"img":{"alt_text":"","src":"https:\/\/i0.wp.com\/www.alonso-businesscoaching.es\/blog\/wp-content\/uploads\/2015\/07\/Francisco-de-Quevedo1-150x150.jpg?resize=350%2C200&ssl=1","width":350,"height":200},"classes":[]},{"id":28955,"url":"https:\/\/www.alonso-businesscoaching.es\/blog\/04-07-2025\/re-flexiones-4-658-vejez\/","url_meta":{"origin":28927,"position":2},"title":"Re-flexiones&#8230; 4.658 (vejez)","author":"Antonio J. Alonso Sampedro","date":"04\/07\/2025","format":false,"excerpt":"\"Los viejos desconf\u00edan de la juventud porque han sido j\u00f3venes\" William Shakespeare","rel":"","context":"En \u00abRe-flexiones\/tem\u00e1ticas\u00bb","block_context":{"text":"Re-flexiones\/tem\u00e1ticas","link":"https:\/\/www.alonso-businesscoaching.es\/blog\/category\/re-flexiones-tematicas\/"},"img":{"alt_text":"","src":"https:\/\/i0.wp.com\/www.alonso-businesscoaching.es\/blog\/wp-content\/uploads\/2015\/07\/William-Shakespeare2.jpg?resize=350%2C200&ssl=1","width":350,"height":200,"srcset":"https:\/\/i0.wp.com\/www.alonso-businesscoaching.es\/blog\/wp-content\/uploads\/2015\/07\/William-Shakespeare2.jpg?resize=350%2C200&ssl=1 1x, https:\/\/i0.wp.com\/www.alonso-businesscoaching.es\/blog\/wp-content\/uploads\/2015\/07\/William-Shakespeare2.jpg?resize=525%2C300&ssl=1 1.5x"},"classes":[]},{"id":28912,"url":"https:\/\/www.alonso-businesscoaching.es\/blog\/22-06-2025\/re-flexiones-4-646-vejez\/","url_meta":{"origin":28927,"position":3},"title":"Re-flexiones&#8230; 4.646 (vejez)","author":"Antonio J. Alonso Sampedro","date":"22\/06\/2025","format":false,"excerpt":"\"A los viejos les gusta dar buenos consejos, para consolarse de no poder dar malos ejemplos\" La Rochefoucauld","rel":"","context":"En \u00abRe-flexiones\/tem\u00e1ticas\u00bb","block_context":{"text":"Re-flexiones\/tem\u00e1ticas","link":"https:\/\/www.alonso-businesscoaching.es\/blog\/category\/re-flexiones-tematicas\/"},"img":{"alt_text":"","src":"https:\/\/i0.wp.com\/www.alonso-businesscoaching.es\/blog\/wp-content\/uploads\/2015\/07\/La-Rochefoucauld1-150x150.jpg?resize=350%2C200&ssl=1","width":350,"height":200},"classes":[]},{"id":15914,"url":"https:\/\/www.alonso-businesscoaching.es\/blog\/26-12-2018\/re-flexiones-2-282-ciencias\/","url_meta":{"origin":28927,"position":4},"title":"Re-flexiones&#8230; 2.282 (ciencias)","author":"Antonio J. Alonso Sampedro","date":"26\/12\/2018","format":false,"excerpt":"\"En la vejez la ciencia es para nosotros un c\u00f3modo refugio; y si no la plantamos de j\u00f3venes, no nos dar\u00e1 sombra cuando seremos viejos\" Conde de Chesterfield","rel":"","context":"En \u00abRe-flexiones\/tem\u00e1ticas\u00bb","block_context":{"text":"Re-flexiones\/tem\u00e1ticas","link":"https:\/\/www.alonso-businesscoaching.es\/blog\/category\/re-flexiones-tematicas\/"},"img":{"alt_text":"","src":"https:\/\/i0.wp.com\/www.alonso-businesscoaching.es\/blog\/wp-content\/uploads\/2016\/07\/Conde-de-Chesterfield1-150x150.jpg?resize=350%2C200&ssl=1","width":350,"height":200},"classes":[]},{"id":28977,"url":"https:\/\/www.alonso-businesscoaching.es\/blog\/09-07-2025\/re-flexiones-4-663-vejez\/","url_meta":{"origin":28927,"position":5},"title":"Re-flexiones&#8230; 4.663 (vejez)","author":"Antonio J. Alonso Sampedro","date":"09\/07\/2025","format":false,"excerpt":"\"La vejez no significa nada m\u00e1s que dejar de sufrir por el pasado\" Stefan Zweig","rel":"","context":"En \u00abRe-flexiones\/tem\u00e1ticas\u00bb","block_context":{"text":"Re-flexiones\/tem\u00e1ticas","link":"https:\/\/www.alonso-businesscoaching.es\/blog\/category\/re-flexiones-tematicas\/"},"img":{"alt_text":"","src":"https:\/\/i0.wp.com\/www.alonso-businesscoaching.es\/blog\/wp-content\/uploads\/2013\/05\/Stefan-Zweig-150x150.jpg?resize=350%2C200&ssl=1","width":350,"height":200},"classes":[]}],"jetpack_sharing_enabled":true,"_links":{"self":[{"href":"https:\/\/www.alonso-businesscoaching.es\/blog\/wp-json\/wp\/v2\/posts\/28927","targetHints":{"allow":["GET"]}}],"collection":[{"href":"https:\/\/www.alonso-businesscoaching.es\/blog\/wp-json\/wp\/v2\/posts"}],"about":[{"href":"https:\/\/www.alonso-businesscoaching.es\/blog\/wp-json\/wp\/v2\/types\/post"}],"author":[{"embeddable":true,"href":"https:\/\/www.alonso-businesscoaching.es\/blog\/wp-json\/wp\/v2\/users\/2"}],"replies":[{"embeddable":true,"href":"https:\/\/www.alonso-businesscoaching.es\/blog\/wp-json\/wp\/v2\/comments?post=28927"}],"version-history":[{"count":1,"href":"https:\/\/www.alonso-businesscoaching.es\/blog\/wp-json\/wp\/v2\/posts\/28927\/revisions"}],"predecessor-version":[{"id":28928,"href":"https:\/\/www.alonso-businesscoaching.es\/blog\/wp-json\/wp\/v2\/posts\/28927\/revisions\/28928"}],"wp:attachment":[{"href":"https:\/\/www.alonso-businesscoaching.es\/blog\/wp-json\/wp\/v2\/media?parent=28927"}],"wp:term":[{"taxonomy":"category","embeddable":true,"href":"https:\/\/www.alonso-businesscoaching.es\/blog\/wp-json\/wp\/v2\/categories?post=28927"},{"taxonomy":"post_tag","embeddable":true,"href":"https:\/\/www.alonso-businesscoaching.es\/blog\/wp-json\/wp\/v2\/tags?post=28927"}],"curies":[{"name":"wp","href":"https:\/\/api.w.org\/{rel}","templated":true}]}}