{"id":30449,"date":"2026-01-21T09:44:40","date_gmt":"2026-01-21T08:44:40","guid":{"rendered":"https:\/\/www.alonso-businesscoaching.es\/blog\/?p=30449"},"modified":"2026-01-22T08:56:19","modified_gmt":"2026-01-22T07:56:19","slug":"eugenio-oneguin-palau-de-les-les-arts-valencia-20-01-2026","status":"publish","type":"post","link":"https:\/\/www.alonso-businesscoaching.es\/blog\/21-01-2026\/eugenio-oneguin-palau-de-les-les-arts-valencia-20-01-2026\/","title":{"rendered":"&#8220;Eugenio Oneguin&#8221;\/Palau de les Les Arts-Valencia\/20-01-2026"},"content":{"rendered":"<div class=\"wp-block-image\">\n<figure class=\"aligncenter size-full\"><a href=\"https:\/\/www.alonso-businesscoaching.es\/blog\/13-12-2025\/30243\/\" target=\"_blank\" rel=\" noreferrer noopener\"><img data-recalc-dims=\"1\" loading=\"lazy\" decoding=\"async\" width=\"525\" height=\"700\" data-attachment-id=\"30588\" data-permalink=\"https:\/\/www.alonso-businesscoaching.es\/blog\/21-01-2026\/eugenio-oneguin-palau-de-les-les-arts-valencia-20-01-2026\/eugenio-oneguin-pequena\/\" data-orig-file=\"https:\/\/i0.wp.com\/www.alonso-businesscoaching.es\/blog\/wp-content\/uploads\/2026\/01\/Eugenio-Oneguin-pequena.jpg?fit=600%2C800&amp;ssl=1\" data-orig-size=\"600,800\" data-comments-opened=\"1\" data-image-meta=\"{&quot;aperture&quot;:&quot;0&quot;,&quot;credit&quot;:&quot;&quot;,&quot;camera&quot;:&quot;&quot;,&quot;caption&quot;:&quot;&quot;,&quot;created_timestamp&quot;:&quot;0&quot;,&quot;copyright&quot;:&quot;&quot;,&quot;focal_length&quot;:&quot;0&quot;,&quot;iso&quot;:&quot;0&quot;,&quot;shutter_speed&quot;:&quot;0&quot;,&quot;title&quot;:&quot;&quot;,&quot;orientation&quot;:&quot;0&quot;}\" data-image-title=\"Eugenio Oneguin-peque\u00f1a\" data-image-description=\"\" data-image-caption=\"\" data-large-file=\"https:\/\/i0.wp.com\/www.alonso-businesscoaching.es\/blog\/wp-content\/uploads\/2026\/01\/Eugenio-Oneguin-pequena.jpg?fit=525%2C700&amp;ssl=1\" src=\"https:\/\/i0.wp.com\/www.alonso-businesscoaching.es\/blog\/wp-content\/uploads\/2026\/01\/Eugenio-Oneguin-pequena.jpg?resize=525%2C700&#038;ssl=1\" alt=\"\" class=\"wp-image-30588\" srcset=\"https:\/\/i0.wp.com\/www.alonso-businesscoaching.es\/blog\/wp-content\/uploads\/2026\/01\/Eugenio-Oneguin-pequena.jpg?w=600&amp;ssl=1 600w, https:\/\/i0.wp.com\/www.alonso-businesscoaching.es\/blog\/wp-content\/uploads\/2026\/01\/Eugenio-Oneguin-pequena.jpg?resize=225%2C300&amp;ssl=1 225w\" sizes=\"auto, (max-width: 525px) 100vw, 525px\" \/><\/a><\/figure>\n<\/div>\n\n\n<figure class=\"wp-block-table is-style-stripes has-small-font-size\" style=\"font-style:italic;font-weight:600\"><table class=\"has-white-background-color has-background\"><tbody><tr><td>1- DIRECCI\u00d3N ESCENOGR\u00c1FICA (Laurent Pelly)<\/td><td>9<\/td><\/tr><tr><td>2- DIRECCI\u00d3N MUSICAL (Timur Zangiev)<br \/>Y ORQUESTA COMUNITAT VALENCIANA<\/td><td>7<\/td><\/tr><tr><td>3- CORO GENERALITAT VALENCIANA<\/td><td>8<\/td><\/tr><tr><td>4- VOCES SOLISTAS (media)<\/td><td>7,4<\/td><\/tr><tr><td>ONEGUIN (Mattia Olivieri)<\/td><td>7<\/td><\/tr><tr><td>TATIANA (Corinne Winters)<\/td><td>6<\/td><\/tr><tr><td>LENSKI (Iv\u00e1n Ay\u00f3n-Rivas en sustituci\u00f3n de Dmytri Korchak)<\/td><td>7<\/td><\/tr><tr><td>OLGA (Ksenia Dudnikova)<\/td><td>8<\/td><\/tr><tr><td>GREMIN (Giorgi Manoshvili)<\/td><td>9<\/td><\/tr><\/tbody><tfoot><tr><td>VALORACI\u00d3N GENERAL (media 1-2-3-4)<\/td><td>7,8<\/td><\/tr><\/tfoot><\/table><\/figure>\n\n\n<div class=\"wp-block-image\">\n<figure class=\"aligncenter size-full\"><a href=\"https:\/\/es.wikipedia.org\/wiki\/Eugenio_Oneguin_(%C3%B3pera)\" target=\"_blank\" rel=\" noreferrer noopener\"><img data-recalc-dims=\"1\" loading=\"lazy\" decoding=\"async\" width=\"456\" height=\"387\" data-attachment-id=\"30594\" data-permalink=\"https:\/\/www.alonso-businesscoaching.es\/blog\/21-01-2026\/eugenio-oneguin-palau-de-les-les-arts-valencia-20-01-2026\/eugenio-oneguin-levine\/\" data-orig-file=\"https:\/\/i0.wp.com\/www.alonso-businesscoaching.es\/blog\/wp-content\/uploads\/2026\/01\/Eugenio-Oneguin-Levine.jpg?fit=456%2C387&amp;ssl=1\" data-orig-size=\"456,387\" data-comments-opened=\"1\" data-image-meta=\"{&quot;aperture&quot;:&quot;0&quot;,&quot;credit&quot;:&quot;&quot;,&quot;camera&quot;:&quot;&quot;,&quot;caption&quot;:&quot;&quot;,&quot;created_timestamp&quot;:&quot;0&quot;,&quot;copyright&quot;:&quot;&quot;,&quot;focal_length&quot;:&quot;0&quot;,&quot;iso&quot;:&quot;0&quot;,&quot;shutter_speed&quot;:&quot;0&quot;,&quot;title&quot;:&quot;&quot;,&quot;orientation&quot;:&quot;0&quot;}\" data-image-title=\"Eugenio Oneguin-Levine\" data-image-description=\"\" data-image-caption=\"\" data-large-file=\"https:\/\/i0.wp.com\/www.alonso-businesscoaching.es\/blog\/wp-content\/uploads\/2026\/01\/Eugenio-Oneguin-Levine.jpg?fit=456%2C387&amp;ssl=1\" src=\"https:\/\/i0.wp.com\/www.alonso-businesscoaching.es\/blog\/wp-content\/uploads\/2026\/01\/Eugenio-Oneguin-Levine.jpg?resize=456%2C387&#038;ssl=1\" alt=\"\" class=\"wp-image-30594\" srcset=\"https:\/\/i0.wp.com\/www.alonso-businesscoaching.es\/blog\/wp-content\/uploads\/2026\/01\/Eugenio-Oneguin-Levine.jpg?w=456&amp;ssl=1 456w, https:\/\/i0.wp.com\/www.alonso-businesscoaching.es\/blog\/wp-content\/uploads\/2026\/01\/Eugenio-Oneguin-Levine.jpg?resize=300%2C255&amp;ssl=1 300w\" sizes=\"auto, (max-width: 456px) 100vw, 456px\" \/><\/a><\/figure>\n<\/div>","protected":false},"excerpt":{"rendered":"<p>1- DIRECCI\u00d3N ESCENOGR\u00c1FICA (Laurent Pelly) 9 2- DIRECCI\u00d3N MUSICAL (Timur Zangiev)Y ORQUESTA COMUNITAT VALENCIANA 7 3- CORO GENERALITAT VALENCIANA 8 4- VOCES SOLISTAS (media) 7,4 ONEGUIN (Mattia Olivieri) 7 TATIANA (Corinne Winters) 6 LENSKI (Iv\u00e1n Ay\u00f3n-Rivas en sustituci\u00f3n de Dmytri Korchak) 7 OLGA (Ksenia Dudnikova) 8 GREMIN (Giorgi Manoshvili) 9 VALORACI\u00d3N GENERAL (media 1-2-3-4) 7,8<\/p>\n","protected":false},"author":2,"featured_media":0,"comment_status":"open","ping_status":"open","sticky":false,"template":"","format":"standard","meta":{"om_disable_all_campaigns":false,"_monsterinsights_skip_tracking":false,"_monsterinsights_sitenote_active":false,"_monsterinsights_sitenote_note":"","_monsterinsights_sitenote_category":0,"_s2mail":"yes","_uf_show_specific_survey":0,"_uf_disable_surveys":false,"jetpack_post_was_ever_published":false,"_jetpack_newsletter_access":"","_jetpack_dont_email_post_to_subs":false,"_jetpack_newsletter_tier_id":0,"_jetpack_memberships_contains_paywalled_content":false,"_jetpack_memberships_contains_paid_content":false,"footnotes":"","jetpack_publicize_message":"","jetpack_publicize_feature_enabled":true,"jetpack_social_post_already_shared":true,"jetpack_social_options":{"image_generator_settings":{"template":"highway","default_image_id":0,"font":"","enabled":false},"version":2}},"categories":[26],"tags":[44],"class_list":["post-30449","post","type-post","status-publish","format-standard","hentry","category-music-tiones","tag-musica"],"aioseo_notices":[],"jetpack_publicize_connections":[],"jetpack_featured_media_url":"","jetpack_shortlink":"https:\/\/wp.me\/p5YpnT-7V7","jetpack_likes_enabled":true,"jetpack-related-posts":[{"id":31374,"url":"https:\/\/www.alonso-businesscoaching.es\/blog\/26-04-2026\/salome-r-strauss-1905-palau-les-arts-valencia-27-04-2026\/","url_meta":{"origin":30449,"position":0},"title":"&#8220;Salome&#8221; (R. Strauss-1905) \/ Palau Les Arts Valencia \/ 27-04-2026","author":"Antonio J. Alonso Sampedro","date":"26\/04\/2026","format":false,"excerpt":"COMPOSICI\u00d3N\u00a0MUSICAL7DIRECCI\u00d3N ESCENOGR\u00c1FICA (Damiano Michieletto)5,21-Escenograf\u00eda (Paolo Fantin)52-Vestuario (Carla Teti)53-Iluminaci\u00f3n (Alessandro Carletti)44-Coreograf\u00eda (Thomas Wilhelm)7DIRECCI\u00d3N MUSICAL (James Gaffigan)6ORQUESTA DE LA COMUNIDAD VALENCIANA7VOCES SOLISTAS6,81-\"Salome\" (Vida Miknevi\u010di\u016bt\u0117)82-\"Herodes\" (John Daszak)83-\"Herodias\" (Michaela Schuster)64-\"Jochanaan\" (Nicholas Brownlee)75-\"Narraboth\" (Christopher Sokolowski)5RESPUESTA DEL P\u00daBLICO8VALORACI\u00d3N GENERAL6,6","rel":"","context":"En \u00abMusic-tiones\u00bb","block_context":{"text":"Music-tiones","link":"https:\/\/www.alonso-businesscoaching.es\/blog\/category\/music-tiones\/"},"img":{"alt_text":"","src":"https:\/\/i0.wp.com\/www.alonso-businesscoaching.es\/blog\/wp-content\/uploads\/2026\/04\/Salome-Solti2.jpg?resize=350%2C200&ssl=1","width":350,"height":200,"srcset":"https:\/\/i0.wp.com\/www.alonso-businesscoaching.es\/blog\/wp-content\/uploads\/2026\/04\/Salome-Solti2.jpg?resize=350%2C200&ssl=1 1x, https:\/\/i0.wp.com\/www.alonso-businesscoaching.es\/blog\/wp-content\/uploads\/2026\/04\/Salome-Solti2.jpg?resize=525%2C300&ssl=1 1.5x, https:\/\/i0.wp.com\/www.alonso-businesscoaching.es\/blog\/wp-content\/uploads\/2026\/04\/Salome-Solti2.jpg?resize=700%2C400&ssl=1 2x"},"classes":[]},{"id":30890,"url":"https:\/\/www.alonso-businesscoaching.es\/blog\/01-03-2026\/julio-cesar-en-egipto-g-f-handel-1724-palau-les-arts-valencia-28-02-2026\/","url_meta":{"origin":30449,"position":1},"title":"&#8220;Julio C\u00e9sar en Egipto&#8221; (G. F. H\u00e4ndel-1724) \/ Palau Les Arts Valencia \/ 28-02-2026","author":"Antonio J. Alonso Sampedro","date":"01\/03\/2026","format":false,"excerpt":"COMPOSICI\u00d3N MUSICAL8DIRECCI\u00d3N ESCENOGR\u00c1FICA (Vicent Boussard)8,61-Escenograf\u00eda (Frank Philipp Schl\u00f6\u00dfmann)92-Vestuario (Christian Lacroix)83-Iluminaci\u00f3n (Andreas Gr\u00fcter)9DIRECCI\u00d3N MUSICAL (Marc Minkowski)9CORO GENERALITAT VALENCIANA (Jordi Blanch)8VOCES SOLISTAS81-\"Julio C\u00e9sar\" (Aryeh Nussbaum Cohen)92-\"Cleopatra\" (Marina Monz\u00f3)93-\"Cornelia\" (Sara Mingardo)84-\"Sesto\" (Arianna Venditelli)75-\"Tolomeo\" (Cameron Shahbazi)86-\"Achilla\" (Jean-Philippe McClish)7RESPUESTA DEL P\u00daBLICO9VALORACI\u00d3N GENERAL8,4","rel":"","context":"En \u00abMusic-tiones\u00bb","block_context":{"text":"Music-tiones","link":"https:\/\/www.alonso-businesscoaching.es\/blog\/category\/music-tiones\/"},"img":{"alt_text":"","src":"https:\/\/i0.wp.com\/www.alonso-businesscoaching.es\/blog\/wp-content\/uploads\/2026\/02\/Julio-Cesar-en-Egipto-26.jpg?resize=350%2C200&ssl=1","width":350,"height":200,"srcset":"https:\/\/i0.wp.com\/www.alonso-businesscoaching.es\/blog\/wp-content\/uploads\/2026\/02\/Julio-Cesar-en-Egipto-26.jpg?resize=350%2C200&ssl=1 1x, https:\/\/i0.wp.com\/www.alonso-businesscoaching.es\/blog\/wp-content\/uploads\/2026\/02\/Julio-Cesar-en-Egipto-26.jpg?resize=525%2C300&ssl=1 1.5x, https:\/\/i0.wp.com\/www.alonso-businesscoaching.es\/blog\/wp-content\/uploads\/2026\/02\/Julio-Cesar-en-Egipto-26.jpg?resize=700%2C400&ssl=1 2x, https:\/\/i0.wp.com\/www.alonso-businesscoaching.es\/blog\/wp-content\/uploads\/2026\/02\/Julio-Cesar-en-Egipto-26.jpg?resize=1050%2C600&ssl=1 3x, https:\/\/i0.wp.com\/www.alonso-businesscoaching.es\/blog\/wp-content\/uploads\/2026\/02\/Julio-Cesar-en-Egipto-26.jpg?resize=1400%2C800&ssl=1 4x"},"classes":[]},{"id":20398,"url":"https:\/\/www.alonso-businesscoaching.es\/blog\/30-10-2020\/fin-de-partie-y-su-premio-mundial\/","url_meta":{"origin":30449,"position":2},"title":"&#8220;Fin de partie&#8221; y su premio mundial","author":"Antonio J. Alonso Sampedro","date":"30\/10\/2020","format":false,"excerpt":"La idoneidad en la concesi\u00f3n de un premio art\u00edstico siempre es dif\u00edcil de objetivar. No obstante, al otorgarlo conviene explicar las razones que avalan esa decisi\u00f3n para conocimiento de quienes lo quieran valorar. La primera producci\u00f3n de la \u00f3pera \u201cFin de partie\u201d (Gy\u00f6rgy Kurt\u00e1g-2018) obtuvo el Premio Internacional de \u00d3pera\u2026","rel":"","context":"En \u00abMusic-tiones\u00bb","block_context":{"text":"Music-tiones","link":"https:\/\/www.alonso-businesscoaching.es\/blog\/category\/music-tiones\/"},"img":{"alt_text":"","src":"https:\/\/i0.wp.com\/www.alonso-businesscoaching.es\/blog\/wp-content\/uploads\/2020\/10\/20201029_194234-scaled.jpg?resize=350%2C200&ssl=1","width":350,"height":200,"srcset":"https:\/\/i0.wp.com\/www.alonso-businesscoaching.es\/blog\/wp-content\/uploads\/2020\/10\/20201029_194234-scaled.jpg?resize=350%2C200&ssl=1 1x, https:\/\/i0.wp.com\/www.alonso-businesscoaching.es\/blog\/wp-content\/uploads\/2020\/10\/20201029_194234-scaled.jpg?resize=525%2C300&ssl=1 1.5x, https:\/\/i0.wp.com\/www.alonso-businesscoaching.es\/blog\/wp-content\/uploads\/2020\/10\/20201029_194234-scaled.jpg?resize=700%2C400&ssl=1 2x, https:\/\/i0.wp.com\/www.alonso-businesscoaching.es\/blog\/wp-content\/uploads\/2020\/10\/20201029_194234-scaled.jpg?resize=1050%2C600&ssl=1 3x, https:\/\/i0.wp.com\/www.alonso-businesscoaching.es\/blog\/wp-content\/uploads\/2020\/10\/20201029_194234-scaled.jpg?resize=1400%2C800&ssl=1 4x"},"classes":[]},{"id":18769,"url":"https:\/\/www.alonso-businesscoaching.es\/blog\/01-01-2020\/de-nuevo-aqui-music-tiones\/","url_meta":{"origin":30449,"position":3},"title":"De nuevo, aqu\u00ed, Music-tiones&#8230;","author":"Antonio J. Alonso Sampedro","date":"01\/01\/2020","format":false,"excerpt":"El ya muy lejano 21\/06\/2016 anunciaba en este Blog que mis nuevos escritos relacionados con esta Categor\u00eda podr\u00edan consultarse a partir de ese momento en la p\u00e1gina de Facebook... FORO OPERA VALENCIA, cuya direcci\u00f3n general es... https:\/\/www.facebook.com\/forooperavalencia\/ y cuya direcci\u00f3n espec\u00edfica de publicaciones es... https:\/\/www.facebook.com\/forooperavalencia\/?sk=allactivity&privacy_source=activity_log&log_filter=cluster_11&category_key=statuscluster. Este comienzo de 2020 me\u2026","rel":"","context":"En \u00abMusic-tiones\u00bb","block_context":{"text":"Music-tiones","link":"https:\/\/www.alonso-businesscoaching.es\/blog\/category\/music-tiones\/"},"img":{"alt_text":"","src":"https:\/\/i0.wp.com\/www.alonso-businesscoaching.es\/blog\/wp-content\/uploads\/2020\/01\/foto_grande.jpg?resize=350%2C200&ssl=1","width":350,"height":200,"srcset":"https:\/\/i0.wp.com\/www.alonso-businesscoaching.es\/blog\/wp-content\/uploads\/2020\/01\/foto_grande.jpg?resize=350%2C200&ssl=1 1x, https:\/\/i0.wp.com\/www.alonso-businesscoaching.es\/blog\/wp-content\/uploads\/2020\/01\/foto_grande.jpg?resize=525%2C300&ssl=1 1.5x, https:\/\/i0.wp.com\/www.alonso-businesscoaching.es\/blog\/wp-content\/uploads\/2020\/01\/foto_grande.jpg?resize=700%2C400&ssl=1 2x"},"classes":[]},{"id":21629,"url":"https:\/\/www.alonso-businesscoaching.es\/blog\/07-10-2021\/re-flexiones-3-298-pensamiento\/","url_meta":{"origin":30449,"position":4},"title":"Re-flexiones&#8230; 3.298 (pensamiento)","author":"Antonio J. Alonso Sampedro","date":"07\/10\/2021","format":false,"excerpt":"\"Nuestra cabeza es redonda para permitir al pensamiento cambiar de direcci\u00f3n\" Francis Picabia\u00a0","rel":"","context":"En \u00abRe-flexiones\/tem\u00e1ticas\u00bb","block_context":{"text":"Re-flexiones\/tem\u00e1ticas","link":"https:\/\/www.alonso-businesscoaching.es\/blog\/category\/re-flexiones-tematicas\/"},"img":{"alt_text":"","src":"https:\/\/i0.wp.com\/www.alonso-businesscoaching.es\/blog\/wp-content\/uploads\/2021\/09\/Francis-Picabia1.png?resize=350%2C200&ssl=1","width":350,"height":200,"srcset":"https:\/\/i0.wp.com\/www.alonso-businesscoaching.es\/blog\/wp-content\/uploads\/2021\/09\/Francis-Picabia1.png?resize=350%2C200&ssl=1 1x, https:\/\/i0.wp.com\/www.alonso-businesscoaching.es\/blog\/wp-content\/uploads\/2021\/09\/Francis-Picabia1.png?resize=525%2C300&ssl=1 1.5x"},"classes":[]},{"id":17452,"url":"https:\/\/www.alonso-businesscoaching.es\/blog\/05-03-2019\/re-flexiones-2-351-claridad\/","url_meta":{"origin":30449,"position":5},"title":"Re-flexiones&#8230; 2.351 (claridad)","author":"Antonio J. Alonso Sampedro","date":"05\/03\/2019","format":false,"excerpt":"\"Para ver claro, basta con cambiar la direcci\u00f3n de la mirada\" Antoine de Saint-Exupery","rel":"","context":"En \u00abRe-flexiones\/tem\u00e1ticas\u00bb","block_context":{"text":"Re-flexiones\/tem\u00e1ticas","link":"https:\/\/www.alonso-businesscoaching.es\/blog\/category\/re-flexiones-tematicas\/"},"img":{"alt_text":"","src":"https:\/\/i0.wp.com\/www.alonso-businesscoaching.es\/blog\/wp-content\/uploads\/2018\/02\/Antoine-de-Saint-Exupery-150x150.jpg?resize=350%2C200&ssl=1","width":350,"height":200},"classes":[]}],"jetpack_sharing_enabled":true,"_links":{"self":[{"href":"https:\/\/www.alonso-businesscoaching.es\/blog\/wp-json\/wp\/v2\/posts\/30449","targetHints":{"allow":["GET"]}}],"collection":[{"href":"https:\/\/www.alonso-businesscoaching.es\/blog\/wp-json\/wp\/v2\/posts"}],"about":[{"href":"https:\/\/www.alonso-businesscoaching.es\/blog\/wp-json\/wp\/v2\/types\/post"}],"author":[{"embeddable":true,"href":"https:\/\/www.alonso-businesscoaching.es\/blog\/wp-json\/wp\/v2\/users\/2"}],"replies":[{"embeddable":true,"href":"https:\/\/www.alonso-businesscoaching.es\/blog\/wp-json\/wp\/v2\/comments?post=30449"}],"version-history":[{"count":71,"href":"https:\/\/www.alonso-businesscoaching.es\/blog\/wp-json\/wp\/v2\/posts\/30449\/revisions"}],"predecessor-version":[{"id":30857,"href":"https:\/\/www.alonso-businesscoaching.es\/blog\/wp-json\/wp\/v2\/posts\/30449\/revisions\/30857"}],"wp:attachment":[{"href":"https:\/\/www.alonso-businesscoaching.es\/blog\/wp-json\/wp\/v2\/media?parent=30449"}],"wp:term":[{"taxonomy":"category","embeddable":true,"href":"https:\/\/www.alonso-businesscoaching.es\/blog\/wp-json\/wp\/v2\/categories?post=30449"},{"taxonomy":"post_tag","embeddable":true,"href":"https:\/\/www.alonso-businesscoaching.es\/blog\/wp-json\/wp\/v2\/tags?post=30449"}],"curies":[{"name":"wp","href":"https:\/\/api.w.org\/{rel}","templated":true}]}}