{"id":30526,"date":"2026-01-28T07:00:00","date_gmt":"2026-01-28T06:00:00","guid":{"rendered":"https:\/\/www.alonso-businesscoaching.es\/blog\/?p=30526"},"modified":"2026-01-10T10:00:35","modified_gmt":"2026-01-10T09:00:35","slug":"re-flexiones-4-826-vida","status":"publish","type":"post","link":"https:\/\/www.alonso-businesscoaching.es\/blog\/28-01-2026\/re-flexiones-4-826-vida\/","title":{"rendered":"Re-flexiones&#8230; 4.826 (vida)"},"content":{"rendered":"\n<p class=\"has-text-align-center\"><em>&#8220;La vida es ciervo herido que las flechas le dan alas&#8221;<\/em><\/p>\n\n\n<div class=\"wp-block-image\">\n<figure class=\"aligncenter size-thumbnail\"><a href=\"https:\/\/www.alonso-businesscoaching.es\/blog\/?s=Luis+de+G%C3%B3ngora\" target=\"_blank\" rel=\" noreferrer noopener\"><img data-recalc-dims=\"1\" loading=\"lazy\" decoding=\"async\" width=\"150\" height=\"150\" data-attachment-id=\"7629\" data-permalink=\"https:\/\/www.alonso-businesscoaching.es\/blog\/20-06-2014\/re-flexiones-947\/luis-de-gongora\/\" data-orig-file=\"https:\/\/i0.wp.com\/www.alonso-businesscoaching.es\/blog\/wp-content\/uploads\/2014\/06\/Luis-de-G%C3%B3ngora.jpg?fit=215%2C230&amp;ssl=1\" data-orig-size=\"215,230\" data-comments-opened=\"1\" data-image-meta=\"{&quot;aperture&quot;:&quot;0&quot;,&quot;credit&quot;:&quot;&quot;,&quot;camera&quot;:&quot;&quot;,&quot;caption&quot;:&quot;&quot;,&quot;created_timestamp&quot;:&quot;0&quot;,&quot;copyright&quot;:&quot;&quot;,&quot;focal_length&quot;:&quot;0&quot;,&quot;iso&quot;:&quot;0&quot;,&quot;shutter_speed&quot;:&quot;0&quot;,&quot;title&quot;:&quot;&quot;}\" data-image-title=\"Luis de G\u00f3ngora\" data-image-description=\"\" data-image-caption=\"\" data-large-file=\"https:\/\/i0.wp.com\/www.alonso-businesscoaching.es\/blog\/wp-content\/uploads\/2014\/06\/Luis-de-G%C3%B3ngora.jpg?fit=215%2C230&amp;ssl=1\" src=\"https:\/\/i0.wp.com\/www.alonso-businesscoaching.es\/blog\/wp-content\/uploads\/2014\/06\/Luis-de-G%C3%B3ngora.jpg?resize=150%2C150&#038;ssl=1\" alt=\"\" class=\"wp-image-7629\" srcset=\"https:\/\/i0.wp.com\/www.alonso-businesscoaching.es\/blog\/wp-content\/uploads\/2014\/06\/Luis-de-G%C3%B3ngora.jpg?resize=150%2C150&amp;ssl=1 150w, https:\/\/i0.wp.com\/www.alonso-businesscoaching.es\/blog\/wp-content\/uploads\/2014\/06\/Luis-de-G%C3%B3ngora.jpg?resize=59%2C59&amp;ssl=1 59w\" sizes=\"auto, (max-width: 150px) 100vw, 150px\" \/><\/a><\/figure>\n<\/div>\n\n\n<p class=\"has-text-align-center\">Luis de G\u00f3ngora<\/p>\n","protected":false},"excerpt":{"rendered":"<p>&#8220;La vida es ciervo herido que las flechas le dan alas&#8221; Luis de G\u00f3ngora<\/p>\n","protected":false},"author":2,"featured_media":0,"comment_status":"open","ping_status":"open","sticky":false,"template":"","format":"standard","meta":{"om_disable_all_campaigns":false,"_monsterinsights_skip_tracking":false,"_monsterinsights_sitenote_active":false,"_monsterinsights_sitenote_note":"","_monsterinsights_sitenote_category":0,"_s2mail":"yes","_uf_show_specific_survey":0,"_uf_disable_surveys":false,"jetpack_post_was_ever_published":false,"_jetpack_newsletter_access":"","_jetpack_dont_email_post_to_subs":false,"_jetpack_newsletter_tier_id":0,"_jetpack_memberships_contains_paywalled_content":false,"_jetpack_memberships_contains_paid_content":false,"footnotes":"","jetpack_publicize_message":"","jetpack_publicize_feature_enabled":true,"jetpack_social_post_already_shared":true,"jetpack_social_options":{"image_generator_settings":{"template":"highway","default_image_id":0,"font":"","enabled":false},"version":2}},"categories":[75],"tags":[348],"class_list":["post-30526","post","type-post","status-publish","format-standard","hentry","category-re-flexiones-tematicas","tag-vida"],"aioseo_notices":[],"jetpack_publicize_connections":[],"jetpack_featured_media_url":"","jetpack_shortlink":"https:\/\/wp.me\/p5YpnT-7Wm","jetpack_likes_enabled":true,"jetpack-related-posts":[{"id":31069,"url":"https:\/\/www.alonso-businesscoaching.es\/blog\/28-03-2026\/re-flexiones-4-885-vida\/","url_meta":{"origin":30526,"position":0},"title":"Re-flexiones&#8230; 4.885 (vida)","author":"Antonio J. Alonso Sampedro","date":"28\/03\/2026","format":false,"excerpt":"\"Porque en la vida no hay m\u00e1s realidades que \u00e9stas: un destello de sol, un aroma de rosa, el son de una voz; y aun as\u00ed de vanas y ef\u00edmeras son lo mejor del mundo, lo mejor del mundo para m\u00ed\" Luis Cernuda","rel":"","context":"En \u00abRe-flexiones\/tem\u00e1ticas\u00bb","block_context":{"text":"Re-flexiones\/tem\u00e1ticas","link":"https:\/\/www.alonso-businesscoaching.es\/blog\/category\/re-flexiones-tematicas\/"},"img":{"alt_text":"","src":"https:\/\/i0.wp.com\/www.alonso-businesscoaching.es\/blog\/wp-content\/uploads\/2017\/06\/Luis-Cernuda.jpg?resize=350%2C200&ssl=1","width":350,"height":200,"srcset":"https:\/\/i0.wp.com\/www.alonso-businesscoaching.es\/blog\/wp-content\/uploads\/2017\/06\/Luis-Cernuda.jpg?resize=350%2C200&ssl=1 1x, https:\/\/i0.wp.com\/www.alonso-businesscoaching.es\/blog\/wp-content\/uploads\/2017\/06\/Luis-Cernuda.jpg?resize=525%2C300&ssl=1 1.5x"},"classes":[]},{"id":30142,"url":"https:\/\/www.alonso-businesscoaching.es\/blog\/27-12-2025\/re-flexiones-4-794-vida\/","url_meta":{"origin":30526,"position":1},"title":"Re-flexiones&#8230; 4.794 (vida)","author":"Antonio J. Alonso Sampedro","date":"27\/12\/2025","format":false,"excerpt":"\"A m\u00e1s de uno que dice que la vida es breve le parece el d\u00eda demasiado largo\" Friedrich Hebbel","rel":"","context":"En \u00abRe-flexiones\/tem\u00e1ticas\u00bb","block_context":{"text":"Re-flexiones\/tem\u00e1ticas","link":"https:\/\/www.alonso-businesscoaching.es\/blog\/category\/re-flexiones-tematicas\/"},"img":{"alt_text":"","src":"https:\/\/i0.wp.com\/www.alonso-businesscoaching.es\/blog\/wp-content\/uploads\/2019\/12\/Friedrich-Hebbel1.png?resize=350%2C200&ssl=1","width":350,"height":200},"classes":[]},{"id":30860,"url":"https:\/\/www.alonso-businesscoaching.es\/blog\/03-03-2026\/re-flexiones-4-860-vida\/","url_meta":{"origin":30526,"position":2},"title":"Re-flexiones&#8230; 4.860 (vida)","author":"Antonio J. Alonso Sampedro","date":"03\/03\/2026","format":false,"excerpt":"\"Las cosas que son importantes en la vida llegan sin que una se d\u00e9 cuenta; no las esperamos, dado que se han formado en la mente. Las reconocemos una vez han aparecido. Eso es todo\" Doris Lessing","rel":"","context":"En \u00abRe-flexiones\/tem\u00e1ticas\u00bb","block_context":{"text":"Re-flexiones\/tem\u00e1ticas","link":"https:\/\/www.alonso-businesscoaching.es\/blog\/category\/re-flexiones-tematicas\/"},"img":{"alt_text":"","src":"https:\/\/i0.wp.com\/www.alonso-businesscoaching.es\/blog\/wp-content\/uploads\/2016\/09\/Doris-Lessing1-150x150.jpg?resize=350%2C200&ssl=1","width":350,"height":200},"classes":[]},{"id":30926,"url":"https:\/\/www.alonso-businesscoaching.es\/blog\/11-03-2026\/re-flexiones-4-868-vida\/","url_meta":{"origin":30526,"position":3},"title":"Re-flexiones&#8230; 4.868 (vida)","author":"Antonio J. Alonso Sampedro","date":"11\/03\/2026","format":false,"excerpt":"\"Que terriblemente triste es que las personas est\u00e1n hechas de tal forma que se acostumbran a algo tan extraordinario como la vida\" Jostein Gaarder","rel":"","context":"En \u00abRe-flexiones\/tem\u00e1ticas\u00bb","block_context":{"text":"Re-flexiones\/tem\u00e1ticas","link":"https:\/\/www.alonso-businesscoaching.es\/blog\/category\/re-flexiones-tematicas\/"},"img":{"alt_text":"","src":"https:\/\/i0.wp.com\/www.alonso-businesscoaching.es\/blog\/wp-content\/uploads\/2026\/02\/Jostein-Gaarder.jpg?resize=350%2C200&ssl=1","width":350,"height":200,"srcset":"https:\/\/i0.wp.com\/www.alonso-businesscoaching.es\/blog\/wp-content\/uploads\/2026\/02\/Jostein-Gaarder.jpg?resize=350%2C200&ssl=1 1x, https:\/\/i0.wp.com\/www.alonso-businesscoaching.es\/blog\/wp-content\/uploads\/2026\/02\/Jostein-Gaarder.jpg?resize=525%2C300&ssl=1 1.5x, https:\/\/i0.wp.com\/www.alonso-businesscoaching.es\/blog\/wp-content\/uploads\/2026\/02\/Jostein-Gaarder.jpg?resize=700%2C400&ssl=1 2x"},"classes":[]},{"id":30656,"url":"https:\/\/www.alonso-businesscoaching.es\/blog\/09-02-2026\/re-flexiones-4-838-vida\/","url_meta":{"origin":30526,"position":4},"title":"Re-flexiones&#8230; 4.838 (vida)","author":"Antonio J. Alonso Sampedro","date":"09\/02\/2026","format":false,"excerpt":"\"La vida es tan amarga que abre a diario las ganas de comer\" Enrique Jardiel Poncela","rel":"","context":"En \u00abRe-flexiones\/tem\u00e1ticas\u00bb","block_context":{"text":"Re-flexiones\/tem\u00e1ticas","link":"https:\/\/www.alonso-businesscoaching.es\/blog\/category\/re-flexiones-tematicas\/"},"img":{"alt_text":"","src":"https:\/\/i0.wp.com\/www.alonso-businesscoaching.es\/blog\/wp-content\/uploads\/2014\/02\/Enrique-Jardiel-Poncela-150x150.jpg?resize=350%2C200&ssl=1","width":350,"height":200},"classes":[]},{"id":29648,"url":"https:\/\/www.alonso-businesscoaching.es\/blog\/08-11-2025\/re-flexiones-4-745-vida\/","url_meta":{"origin":30526,"position":5},"title":"Re-flexiones&#8230; 4.745 (vida)","author":"Antonio J. Alonso Sampedro","date":"08\/11\/2025","format":false,"excerpt":"\"La vida es fascinante: solo hay que mirarla a trav\u00e9s de las gafas correctas\" Alejandro Dumas","rel":"","context":"En \u00abRe-flexiones\/tem\u00e1ticas\u00bb","block_context":{"text":"Re-flexiones\/tem\u00e1ticas","link":"https:\/\/www.alonso-businesscoaching.es\/blog\/category\/re-flexiones-tematicas\/"},"img":{"alt_text":"","src":"https:\/\/i0.wp.com\/www.alonso-businesscoaching.es\/blog\/wp-content\/uploads\/2024\/05\/Alejandro-Dumas1.jpg?resize=350%2C200&ssl=1","width":350,"height":200,"srcset":"https:\/\/i0.wp.com\/www.alonso-businesscoaching.es\/blog\/wp-content\/uploads\/2024\/05\/Alejandro-Dumas1.jpg?resize=350%2C200&ssl=1 1x, https:\/\/i0.wp.com\/www.alonso-businesscoaching.es\/blog\/wp-content\/uploads\/2024\/05\/Alejandro-Dumas1.jpg?resize=525%2C300&ssl=1 1.5x"},"classes":[]}],"jetpack_sharing_enabled":true,"_links":{"self":[{"href":"https:\/\/www.alonso-businesscoaching.es\/blog\/wp-json\/wp\/v2\/posts\/30526","targetHints":{"allow":["GET"]}}],"collection":[{"href":"https:\/\/www.alonso-businesscoaching.es\/blog\/wp-json\/wp\/v2\/posts"}],"about":[{"href":"https:\/\/www.alonso-businesscoaching.es\/blog\/wp-json\/wp\/v2\/types\/post"}],"author":[{"embeddable":true,"href":"https:\/\/www.alonso-businesscoaching.es\/blog\/wp-json\/wp\/v2\/users\/2"}],"replies":[{"embeddable":true,"href":"https:\/\/www.alonso-businesscoaching.es\/blog\/wp-json\/wp\/v2\/comments?post=30526"}],"version-history":[{"count":1,"href":"https:\/\/www.alonso-businesscoaching.es\/blog\/wp-json\/wp\/v2\/posts\/30526\/revisions"}],"predecessor-version":[{"id":30527,"href":"https:\/\/www.alonso-businesscoaching.es\/blog\/wp-json\/wp\/v2\/posts\/30526\/revisions\/30527"}],"wp:attachment":[{"href":"https:\/\/www.alonso-businesscoaching.es\/blog\/wp-json\/wp\/v2\/media?parent=30526"}],"wp:term":[{"taxonomy":"category","embeddable":true,"href":"https:\/\/www.alonso-businesscoaching.es\/blog\/wp-json\/wp\/v2\/categories?post=30526"},{"taxonomy":"post_tag","embeddable":true,"href":"https:\/\/www.alonso-businesscoaching.es\/blog\/wp-json\/wp\/v2\/tags?post=30526"}],"curies":[{"name":"wp","href":"https:\/\/api.w.org\/{rel}","templated":true}]}}