{"id":3088,"date":"2011-06-24T22:16:14","date_gmt":"2011-06-24T21:16:14","guid":{"rendered":"http:\/\/www.alonso-businesscoaching.es\/blog\/2011\/06\/25\/el-coaching-y-la-opera\/"},"modified":"2014-07-09T10:44:57","modified_gmt":"2014-07-09T09:44:57","slug":"el-coaching-y-la-opera","status":"publish","type":"post","link":"https:\/\/www.alonso-businesscoaching.es\/blog\/24-06-2011\/el-coaching-y-la-opera\/","title":{"rendered":"El Coaching y la \u00d3pera"},"content":{"rendered":"<p><a title=\"curso-opera.jpg\" href=\"http:\/\/www.youtube.com\/watch?v=DzdDf9hKfJw\" target=\"_blank\"><img data-recalc-dims=\"1\" loading=\"lazy\" decoding=\"async\" class=\"alignleft\" style=\"margin: 4px 6px; border: 0px currentColor;\" title=\"curso-opera.jpg\" src=\"https:\/\/i0.wp.com\/www.alonso-businesscoaching.es\/blog\/wp-content\/uploads\/2011\/06\/curso-opera.jpg?resize=231%2C177\" alt=\"curso-opera.jpg\" width=\"231\" height=\"177\" align=\"left\" border=\"0\" hspace=\"6\" vspace=\"3\" \/><\/a>Tres meses despu\u00e9s de su esperado comienzo, acabo de finalizar con gran satisfacci\u00f3n \u201cHistoria y Apreciaci\u00f3n de la \u00d3pera\u201d, el emocionante y revelador curso impartido con sentido y sensibilidad por el erudito profesor\u00a0<a href=\"http:\/\/www.youtube.com\/watch?v=2zPLOyIv_OU\" target=\"_blank\">Gabriel Men\u00e9ndez Torrellas<\/a> que me ha permitido, sobre todo, abrir de nuevo mis perspectivas musicales hacia los desacostumbrados e inexplorados terrenos del a-condicionamiento mental y el des-prejuicio est\u00e9tico.<\/p>\n<p>Si muchos eran los aspectos interesantes que inicialmente planteaba esta propuesta formativa, uno de los principales sin duda para m\u00ed\u00a0radicaba en el hecho de que el musical paseo hist\u00f3rico propuesto irremediablemente abocar\u00eda al siglo XX, centuria a la que oper\u00edsticamente todav\u00eda no he llegado pues confieso p\u00fablicamente que apenas he logrado rebasar conceptualmente el XIX. Mi venerado <a href=\"http:\/\/www.youtube.com\/watch?v=TLDrJIHbspM\" target=\"_blank\">Wagner<\/a> y\u00a0poco m\u00e1s se ha configurado en m\u00ed caso como barrera infranqueable desde hace ya algunos a\u00f1os, realidad de la que sinceramente no puedo enorgullecerme si lo que pretendo es evolucionar estil\u00edsticamente para no desaprovechar lo que me resta por disfrutar de lo que me queda por conocer.<\/p>\n<p>Si hay un principio que respeto, albergo y defiendo de los hechos art\u00edsticos (m\u00fasica, pintura, escultura, literatura, danza, cinematograf\u00eda, etc.) desde hace muchos a\u00f1os es aquel que proclama que la calidad de toda obra de arte no puede medirse s\u00f3lo y simplemente en funci\u00f3n del agrado que nos produzca, pues el buen gusto requiere siempre de la comprensi\u00f3n y esta del conocimiento a partir de su formaci\u00f3n. Llegados aqu\u00ed es cuando entonces podr\u00e1 reinar soberanamente la capacidad de juicio, interpretaci\u00f3n y\u00a0elecci\u00f3n, prevaleciendo por tanto as\u00ed la sabia humildad del ilustrado frente a la analfabeta soberbia del ignorante (asegurar que un cuadro de Mir\u00f3 podr\u00eda ser pintado por cualquier ni\u00f1o es la mayor demostraci\u00f3n de arrogancia y miop\u00eda cultural que pueda exhibirse).<\/p>\n<p>Los m\u00e1s de 400 a\u00f1os transcurridos desde el nacimiento de la \u00d3pera con L\u00b4Euridice (1.600) de Jacobo Peri y\u00a0<a href=\"http:\/\/www.youtube.com\/watch?v=0_kVeA1YGVY&amp;feature=related\" target=\"_blank\">L\u00b4Orfeo<\/a> (1.607) de Claudio Monteverdi no deber\u00edamos permitir se reduzcan solo a 300, por mucho que nos empe\u00f1emos en condenar los \u00faltimos y evidentemente m\u00e1s exigentes 100. Siglo sin duda formalmente inclasificable\u00a0por su empe\u00f1o en romper con todas las reglas y condicionamientos musicales precedentes en beneficio de una total libertad creativa, aun a disgusto de la mayor\u00eda de su esc\u00e9ptico p\u00fablico contempor\u00e1neo.<\/p>\n<p>\u00bfPor qu\u00e9 me sigue apasionando visceralmente la \u00d3pera tras 30 a\u00f1os de rendida afici\u00f3n\u2026? (ver\u2026 <a href=\"http:\/\/www.alonso-businesscoaching.es\/blog\/category\/music-tiones\/\" target=\"_blank\">Music-tiones<\/a>). Pues, entre tantas otras profundas emociones por ella provocadas, porque\u00a0esconde sorpresas que todav\u00eda no he logrado descubrir y que me plantean un futuro pleno de estimuladores retos sensoriales hacia la superaci\u00f3n. Superaci\u00f3n que solo conseguir\u00e9 si soy capaz de movilizar sin prejuicios mis propios paradigmas, desposicion\u00e1ndome musicalmente de mi actual y con seguridad falsamente confortable ubicaci\u00f3n.<\/p>\n<p><a title=\"interrogante.jpg\" href=\"http:\/\/www.youtube.com\/watch?v=MmwT0MQ-xAY&amp;feature=related\" target=\"_blank\"><img data-recalc-dims=\"1\" loading=\"lazy\" decoding=\"async\" class=\"alignleft\" style=\"margin: 4px 6px; border: 0px currentColor;\" title=\"interrogante.jpg\" src=\"https:\/\/i0.wp.com\/www.alonso-businesscoaching.es\/blog\/wp-content\/uploads\/2011\/06\/interrogante.jpg?resize=144%2C156\" alt=\"interrogante.jpg\" width=\"144\" height=\"156\" align=\"left\" border=\"0\" hspace=\"6\" vspace=\"3\" \/><\/a>Abordar nuestra presente realidad desde la sincera asunci\u00f3n de la posible caducidad de muchos de nuestros planteamientos vitales es el punto de partida del <a href=\"http:\/\/www.youtube.com\/watch?v=wWEXc4h01pM\" target=\"_blank\">Coaching<\/a>, que huye de los maximalismos inmovilistas para buscar la inteligente agilidad de quienes apuestan por la aventura del cambio como frontera hacia lo mejor.<\/p>\n<p>El Coaching como herramienta de desarrollo humano integral es imbatible frente a otras disciplinas de mejoramiento personal y profesional si no es traicionado uno de sus predicamentos troncales: el \u201cdesposicionamiento\u201d. O lo que es lo mismo, el necesario ejercicio de movimiento continuo\u00a0para lograr salir de la muchas veces narcotizante y equ\u00edvoca zona de comodidad vital que f\u00e1cilmente nos construimos y en la que nos solemos instalar.<\/p>\n<p>Si admitimos que las soluciones a nuestros problemas se encuentran preferentemente en cada cual y no necesariamente en los dem\u00e1s o lo dem\u00e1s, cada uno podr\u00e1 optar a ellas solo si es capaz de no renunciar a observar su vida desde todas las perspectivas posibles, aquellas\u00a0que le permitan llegar a descubrir las caras m\u00e1s ocultas de su Raz\u00f3n y de su Emoci\u00f3n.<\/p>\n<p>Raz\u00f3n en la que se apoya el Coaching para tambi\u00e9n contribuir a facilitar, a quien con valent\u00eda e ilusi\u00f3n se lo proponga, recorrer el apasionante camino para encontrar en la <a href=\"http:\/\/www.youtube.com\/watch?v=giDpUKm1KmM\" target=\"_blank\">\u00d3pera Contempor\u00e1nea<\/a> toda su Emoci\u00f3n\u2026<\/p>\n<p align=\"center\"><em>\u00a0<\/em><\/p>\n<p style=\"text-align: right;\" align=\"center\"><strong><em>Saludos de Antonio J. Alonso<\/em><\/strong><\/p>\n","protected":false},"excerpt":{"rendered":"<p>Tres meses despu\u00e9s de su esperado comienzo, acabo de finalizar con gran satisfacci\u00f3n \u201cHistoria y Apreciaci\u00f3n de la \u00d3pera\u201d, el emocionante y revelador curso impartido con sentido y sensibilidad por el erudito profesor\u00a0Gabriel Men\u00e9ndez Torrellas que me ha permitido, sobre todo, abrir de nuevo mis perspectivas musicales hacia los desacostumbrados e inexplorados terrenos del a-condicionamiento &hellip; <\/p>\n<p class=\"link-more\"><a href=\"https:\/\/www.alonso-businesscoaching.es\/blog\/24-06-2011\/el-coaching-y-la-opera\/\" class=\"more-link\">Continuar leyendo<span class=\"screen-reader-text\"> &#8220;El Coaching y la \u00d3pera&#8221;<\/span><\/a><\/p>\n","protected":false},"author":2,"featured_media":0,"comment_status":"open","ping_status":"open","sticky":false,"template":"","format":"standard","meta":{"om_disable_all_campaigns":false,"_monsterinsights_skip_tracking":false,"_monsterinsights_sitenote_active":false,"_monsterinsights_sitenote_note":"","_monsterinsights_sitenote_category":0,"_s2mail":"","_uf_show_specific_survey":0,"_uf_disable_surveys":false,"jetpack_post_was_ever_published":false,"_jetpack_newsletter_access":"","_jetpack_dont_email_post_to_subs":false,"_jetpack_newsletter_tier_id":0,"_jetpack_memberships_contains_paywalled_content":false,"_jetpack_memberships_contains_paid_content":false,"footnotes":"","jetpack_publicize_message":"","jetpack_publicize_feature_enabled":true,"jetpack_social_post_already_shared":false,"jetpack_social_options":{"image_generator_settings":{"template":"highway","default_image_id":0,"font":"","enabled":false},"version":2}},"categories":[26],"tags":[49,44],"class_list":["post-3088","post","type-post","status-publish","format-standard","hentry","category-music-tiones","tag-coaching","tag-musica"],"aioseo_notices":[],"jetpack_publicize_connections":[],"jetpack_featured_media_url":"","jetpack_shortlink":"https:\/\/wp.me\/p5YpnT-NO","jetpack_likes_enabled":true,"jetpack-related-posts":[{"id":7955,"url":"https:\/\/www.alonso-businesscoaching.es\/blog\/12-07-2014\/el-coaching-y-el-camarote-de-los-hermanos-marx\/","url_meta":{"origin":3088,"position":0},"title":"El Coaching y el Camarote de los Hermanos Marx","author":"Antonio J. Alonso Sampedro","date":"12\/07\/2014","format":false,"excerpt":"Cuando a una profesi\u00f3n libre le llega ese momento en el que sus integrantes se arremolinan sin orden ni concierto en una suerte de algarab\u00eda disonante de multiplicidad de criterio profesional, es que algo pueda estar fallando en su configuraci\u00f3n y organizaci\u00f3n, sea reglamentada o no, pero a la postre\u2026","rel":"","context":"En \u00abCoach-tiones\u00bb","block_context":{"text":"Coach-tiones","link":"https:\/\/www.alonso-businesscoaching.es\/blog\/category\/coach-tiones\/"},"img":{"alt_text":"El camarote de los hermanos Marx","src":"https:\/\/i0.wp.com\/www.alonso-businesscoaching.es\/blog\/wp-content\/uploads\/2014\/07\/El-camarote-de-los-hermanos-Marx.jpg?resize=350%2C200","width":350,"height":200},"classes":[]},{"id":3192,"url":"https:\/\/www.alonso-businesscoaching.es\/blog\/23-01-2010\/el-asociacionismo-y-el-coaching-en-espana\/","url_meta":{"origin":3088,"position":1},"title":"El asociacionismo y el Coaching en Espa\u00f1a","author":"Antonio J. Alonso Sampedro","date":"23\/01\/2010","format":false,"excerpt":"Ayer viernes viaje desde Valencia (en moto, claro) a Madrid para asistir a la Asamblea Nacional de la \u201cAsociaci\u00f3n Espa\u00f1ola de Coaching\u201d (ASESCO) y por la noche, no perd\u00ed la oportunidad de acudir al Teatro Real para escuchar la \u00f3pera de R. Wagner, \u201cEl Holand\u00e9s Errante\u201d, cuyo t\u00edtulo no puede\u2026","rel":"","context":"En \u00abCoach-tiones\u00bb","block_context":{"text":"Coach-tiones","link":"https:\/\/www.alonso-businesscoaching.es\/blog\/category\/coach-tiones\/"},"img":{"alt_text":"","src":"https:\/\/i0.wp.com\/www.alonso-businesscoaching.es\/blog\/wp-content\/uploads\/2010\/01\/El-asociacionismo-y-el-coaching-en-espa%C3%B1a.jpg?resize=350%2C200&ssl=1","width":350,"height":200,"srcset":"https:\/\/i0.wp.com\/www.alonso-businesscoaching.es\/blog\/wp-content\/uploads\/2010\/01\/El-asociacionismo-y-el-coaching-en-espa%C3%B1a.jpg?resize=350%2C200&ssl=1 1x, https:\/\/i0.wp.com\/www.alonso-businesscoaching.es\/blog\/wp-content\/uploads\/2010\/01\/El-asociacionismo-y-el-coaching-en-espa%C3%B1a.jpg?resize=525%2C300&ssl=1 1.5x, https:\/\/i0.wp.com\/www.alonso-businesscoaching.es\/blog\/wp-content\/uploads\/2010\/01\/El-asociacionismo-y-el-coaching-en-espa%C3%B1a.jpg?resize=700%2C400&ssl=1 2x"},"classes":[]},{"id":2970,"url":"https:\/\/www.alonso-businesscoaching.es\/blog\/22-10-2011\/lo-que-no-es-el-coaching\/","url_meta":{"origin":3088,"position":2},"title":"Lo que no es el Coaching","author":"Antonio J. Alonso Sampedro","date":"22\/10\/2011","format":false,"excerpt":"\u00bfAlguien sabe lo que es el Coaching? Seguro que ya son muchos, pero la falta actual de unanimidad en su definici\u00f3n lleva m\u00e1s a la confusi\u00f3n que a la necesaria identificaci\u00f3n y concreci\u00f3n de una disciplina que, de tanto enriquecerse con nuevas tendencias y acepciones, sufre el peligro de desdibujarse\u2026","rel":"","context":"En \u00abCoach-tiones\u00bb","block_context":{"text":"Coach-tiones","link":"https:\/\/www.alonso-businesscoaching.es\/blog\/category\/coach-tiones\/"},"img":{"alt_text":"","src":"https:\/\/i0.wp.com\/www.alonso-businesscoaching.es\/blog\/wp-content\/uploads\/2011\/10\/Lo-que-no-es-el-Coaching1.jpg?resize=350%2C200&ssl=1","width":350,"height":200,"srcset":"https:\/\/i0.wp.com\/www.alonso-businesscoaching.es\/blog\/wp-content\/uploads\/2011\/10\/Lo-que-no-es-el-Coaching1.jpg?resize=350%2C200&ssl=1 1x, https:\/\/i0.wp.com\/www.alonso-businesscoaching.es\/blog\/wp-content\/uploads\/2011\/10\/Lo-que-no-es-el-Coaching1.jpg?resize=525%2C300&ssl=1 1.5x, https:\/\/i0.wp.com\/www.alonso-businesscoaching.es\/blog\/wp-content\/uploads\/2011\/10\/Lo-que-no-es-el-Coaching1.jpg?resize=700%2C400&ssl=1 2x"},"classes":[]},{"id":9401,"url":"https:\/\/www.alonso-businesscoaching.es\/blog\/24-01-2015\/el-showching-no-es-solo-cosa-del-coaching\/","url_meta":{"origin":3088,"position":3},"title":"El Showching no es solo cosa del Coaching","author":"Antonio J. Alonso Sampedro","date":"24\/01\/2015","format":false,"excerpt":"El pasado 30\/12\/14 fue publicado en la edici\u00f3n impresa nacional del diario El Mundo... \u00bfCoaching o Showching?, versi\u00f3n reducida de mi art\u00edculo hom\u00f3nimo aparecido en este Blog el 05\/10\/2013 y que me fue solicitada por la periodista de ese popular medio, Rebeca Yanke. Quiero significar que considero a Rebeca Yanke\u2026","rel":"","context":"En \u00abCoach-tiones\u00bb","block_context":{"text":"Coach-tiones","link":"https:\/\/www.alonso-businesscoaching.es\/blog\/category\/coach-tiones\/"},"img":{"alt_text":"El Mundo","src":"https:\/\/i0.wp.com\/www.alonso-businesscoaching.es\/blog\/wp-content\/uploads\/2015\/01\/El-Mundo.jpg?resize=350%2C200","width":350,"height":200},"classes":[]},{"id":3205,"url":"https:\/\/www.alonso-businesscoaching.es\/blog\/24-10-2009\/el-coaching-y-la-efqm\/","url_meta":{"origin":3088,"position":4},"title":"El Coaching y la EFQM","author":"Antonio J. Alonso Sampedro","date":"24\/10\/2009","format":false,"excerpt":"Los pr\u00f3ximos d\u00edas 23, 24 y 25 de Noviembre se celebra en Madrid las \u201cIV Jornadas Internacionales Mentoring & Coaching Universidad Empresa\u201d, organizadas por las Universidades Polit\u00e9cnica y Complutense de esa ciudad. Sin duda se trata del encuentro anual m\u00e1s importante que se celebra en Espa\u00f1a sobre Mentoring y Coaching.\u2026","rel":"","context":"En \u00abCoach-tiones\u00bb","block_context":{"text":"Coach-tiones","link":"https:\/\/www.alonso-businesscoaching.es\/blog\/category\/coach-tiones\/"},"img":{"alt_text":"","src":"https:\/\/i0.wp.com\/www.alonso-businesscoaching.es\/blog\/wp-content\/uploads\/2009\/10\/Esquema-EFQM.jpg?resize=350%2C200&ssl=1","width":350,"height":200,"srcset":"https:\/\/i0.wp.com\/www.alonso-businesscoaching.es\/blog\/wp-content\/uploads\/2009\/10\/Esquema-EFQM.jpg?resize=350%2C200&ssl=1 1x, https:\/\/i0.wp.com\/www.alonso-businesscoaching.es\/blog\/wp-content\/uploads\/2009\/10\/Esquema-EFQM.jpg?resize=525%2C300&ssl=1 1.5x"},"classes":[]},{"id":3012,"url":"https:\/\/www.alonso-businesscoaching.es\/blog\/10-09-2011\/el-negocio-del-coaching-hoy-en-espana\/","url_meta":{"origin":3088,"position":5},"title":"El negocio del Coaching hoy en Espa\u00f1a","author":"Antonio J. Alonso Sampedro","date":"10\/09\/2011","format":false,"excerpt":"La realidad del ejercicio del Coaching como profesi\u00f3n en la Espa\u00f1a actual viene determinada por la depresiva y persistente situaci\u00f3n econ\u00f3mica que condiciona negativamente el crecimiento de un mercado que, cuando naci\u00f3 all\u00e1 por los primeros a\u00f1os del presente siglo, se promet\u00eda muy esperanzador. Desde hace m\u00e1s de tres a\u00f1os,\u2026","rel":"","context":"En \u00abCoach-tiones\u00bb","block_context":{"text":"Coach-tiones","link":"https:\/\/www.alonso-businesscoaching.es\/blog\/category\/coach-tiones\/"},"img":{"alt_text":"","src":"https:\/\/i0.wp.com\/www.alonso-businesscoaching.es\/blog\/wp-content\/uploads\/2011\/09\/Grafica-de-resultados-1.jpg?resize=350%2C200&ssl=1","width":350,"height":200},"classes":[]}],"jetpack_sharing_enabled":true,"_links":{"self":[{"href":"https:\/\/www.alonso-businesscoaching.es\/blog\/wp-json\/wp\/v2\/posts\/3088","targetHints":{"allow":["GET"]}}],"collection":[{"href":"https:\/\/www.alonso-businesscoaching.es\/blog\/wp-json\/wp\/v2\/posts"}],"about":[{"href":"https:\/\/www.alonso-businesscoaching.es\/blog\/wp-json\/wp\/v2\/types\/post"}],"author":[{"embeddable":true,"href":"https:\/\/www.alonso-businesscoaching.es\/blog\/wp-json\/wp\/v2\/users\/2"}],"replies":[{"embeddable":true,"href":"https:\/\/www.alonso-businesscoaching.es\/blog\/wp-json\/wp\/v2\/comments?post=3088"}],"version-history":[{"count":11,"href":"https:\/\/www.alonso-businesscoaching.es\/blog\/wp-json\/wp\/v2\/posts\/3088\/revisions"}],"predecessor-version":[{"id":7952,"href":"https:\/\/www.alonso-businesscoaching.es\/blog\/wp-json\/wp\/v2\/posts\/3088\/revisions\/7952"}],"wp:attachment":[{"href":"https:\/\/www.alonso-businesscoaching.es\/blog\/wp-json\/wp\/v2\/media?parent=3088"}],"wp:term":[{"taxonomy":"category","embeddable":true,"href":"https:\/\/www.alonso-businesscoaching.es\/blog\/wp-json\/wp\/v2\/categories?post=3088"},{"taxonomy":"post_tag","embeddable":true,"href":"https:\/\/www.alonso-businesscoaching.es\/blog\/wp-json\/wp\/v2\/tags?post=3088"}],"curies":[{"name":"wp","href":"https:\/\/api.w.org\/{rel}","templated":true}]}}