{"id":31119,"date":"2026-03-18T10:00:00","date_gmt":"2026-03-18T09:00:00","guid":{"rendered":"https:\/\/www.alonso-businesscoaching.es\/blog\/?p=31119"},"modified":"2026-03-17T09:55:55","modified_gmt":"2026-03-17T08:55:55","slug":"contesta-tiones-11","status":"publish","type":"post","link":"https:\/\/www.alonso-businesscoaching.es\/blog\/18-03-2026\/contesta-tiones-11\/","title":{"rendered":"Contesta-tiones&#8230; 11"},"content":{"rendered":"\n<p class=\"has-text-align-center\"><em>\u00bfPor qu\u00e9\u2026 decimos que nuestro problema es el Tiempo cuando debiera ser el Priorizar&#8230;?<\/em><\/p>\n\n\n\n<figure class=\"wp-block-image size-full\"><a href=\"https:\/\/www.alonso-businesscoaching.es\/blog\/category\/contestaciones\/\" target=\"_blank\" rel=\" noreferrer noopener\"><img data-recalc-dims=\"1\" loading=\"lazy\" decoding=\"async\" width=\"525\" height=\"295\" data-attachment-id=\"31120\" data-permalink=\"https:\/\/www.alonso-businesscoaching.es\/blog\/18-03-2026\/contesta-tiones-11\/tiempo-y-priorizacion\/\" data-orig-file=\"https:\/\/i0.wp.com\/www.alonso-businesscoaching.es\/blog\/wp-content\/uploads\/2026\/03\/Tiempo-y-priorizacion.jpg?fit=768%2C432&amp;ssl=1\" data-orig-size=\"768,432\" data-comments-opened=\"1\" data-image-meta=\"{&quot;aperture&quot;:&quot;0&quot;,&quot;credit&quot;:&quot;&quot;,&quot;camera&quot;:&quot;&quot;,&quot;caption&quot;:&quot;&quot;,&quot;created_timestamp&quot;:&quot;0&quot;,&quot;copyright&quot;:&quot;&quot;,&quot;focal_length&quot;:&quot;0&quot;,&quot;iso&quot;:&quot;0&quot;,&quot;shutter_speed&quot;:&quot;0&quot;,&quot;title&quot;:&quot;&quot;,&quot;orientation&quot;:&quot;0&quot;}\" data-image-title=\"Tiempo y priorizaci\u00f3n\" data-image-description=\"\" data-image-caption=\"\" data-large-file=\"https:\/\/i0.wp.com\/www.alonso-businesscoaching.es\/blog\/wp-content\/uploads\/2026\/03\/Tiempo-y-priorizacion.jpg?fit=525%2C295&amp;ssl=1\" src=\"https:\/\/i0.wp.com\/www.alonso-businesscoaching.es\/blog\/wp-content\/uploads\/2026\/03\/Tiempo-y-priorizacion.jpg?resize=525%2C295&#038;ssl=1\" alt=\"\" class=\"wp-image-31120\" srcset=\"https:\/\/i0.wp.com\/www.alonso-businesscoaching.es\/blog\/wp-content\/uploads\/2026\/03\/Tiempo-y-priorizacion.jpg?w=768&amp;ssl=1 768w, https:\/\/i0.wp.com\/www.alonso-businesscoaching.es\/blog\/wp-content\/uploads\/2026\/03\/Tiempo-y-priorizacion.jpg?resize=300%2C169&amp;ssl=1 300w\" sizes=\"auto, (max-width: 767px) 89vw, (max-width: 1000px) 54vw, (max-width: 1071px) 543px, 580px\" \/><\/a><\/figure>\n\n\n\n<p class=\"has-text-align-center\">El Tiempo es una constante que no puede variar: todos contamos con un mismo n\u00famero de horas diarias para gastar. En elegir hacer lo que nos resulta m\u00e1s coveniente y evitar lo insustancial est\u00e1 la soluci\u00f3n a un problerma que, en realidad, no es tal&#8230;<\/p>\n","protected":false},"excerpt":{"rendered":"<p>\u00bfPor qu\u00e9\u2026 decimos que nuestro problema es el Tiempo cuando debiera ser el Priorizar&#8230;? El Tiempo es una constante que no puede variar: todos contamos con un mismo n\u00famero de horas diarias para gastar. En elegir hacer lo que nos resulta m\u00e1s coveniente y evitar lo insustancial est\u00e1 la soluci\u00f3n a un problerma que, en &hellip; <\/p>\n<p class=\"link-more\"><a href=\"https:\/\/www.alonso-businesscoaching.es\/blog\/18-03-2026\/contesta-tiones-11\/\" class=\"more-link\">Continuar leyendo<span class=\"screen-reader-text\"> &#8220;Contesta-tiones&#8230; 11&#8221;<\/span><\/a><\/p>\n","protected":false},"author":2,"featured_media":0,"comment_status":"open","ping_status":"open","sticky":false,"template":"","format":"standard","meta":{"om_disable_all_campaigns":false,"_monsterinsights_skip_tracking":false,"_monsterinsights_sitenote_active":false,"_monsterinsights_sitenote_note":"","_monsterinsights_sitenote_category":0,"_s2mail":"yes","_uf_show_specific_survey":0,"_uf_disable_surveys":false,"jetpack_post_was_ever_published":false,"_jetpack_newsletter_access":"","_jetpack_dont_email_post_to_subs":false,"_jetpack_newsletter_tier_id":0,"_jetpack_memberships_contains_paywalled_content":false,"_jetpack_memberships_contains_paid_content":false,"footnotes":"","jetpack_publicize_message":"","jetpack_publicize_feature_enabled":true,"jetpack_social_post_already_shared":true,"jetpack_social_options":{"image_generator_settings":{"template":"highway","default_image_id":0,"font":"","enabled":false},"version":2}},"categories":[355],"tags":[388,71],"class_list":["post-31119","post","type-post","status-publish","format-standard","hentry","category-contestaciones","tag-priorizar","tag-tiempo"],"aioseo_notices":[],"jetpack_publicize_connections":[],"jetpack_featured_media_url":"","jetpack_shortlink":"https:\/\/wp.me\/p5YpnT-85V","jetpack_likes_enabled":true,"jetpack-related-posts":[{"id":30257,"url":"https:\/\/www.alonso-businesscoaching.es\/blog\/02-01-2026\/contesta-tiones-a-las-pregun-tiones\/","url_meta":{"origin":31119,"position":0},"title":"&#8220;Contesta-tiones&#8221; a las &#8220;Pregun-tiones&#8221;","author":"Antonio J. Alonso Sampedro","date":"02\/01\/2026","format":false,"excerpt":"El 24\/03\/2013 publiqu\u00e9 en este Blog la primera entrada de la Categor\u00eda \u201cPregun-tiones\u201d que, como su nombre sugiere, se compone de preguntas que pretenden hacer pensar. En el momento en que esto escribo ya aparecen... 288, quedando a la espera un centenar que, con el transcurrir del tiempo, ir\u00e1 siendo\u2026","rel":"","context":"En \u00abContesta-tiones\u00bb","block_context":{"text":"Contesta-tiones","link":"https:\/\/www.alonso-businesscoaching.es\/blog\/category\/contestaciones\/"},"img":{"alt_text":"","src":"https:\/\/i0.wp.com\/www.alonso-businesscoaching.es\/blog\/wp-content\/uploads\/2025\/12\/Prerguntas-y-contestaciones.jpg?resize=350%2C200&ssl=1","width":350,"height":200,"srcset":"https:\/\/i0.wp.com\/www.alonso-businesscoaching.es\/blog\/wp-content\/uploads\/2025\/12\/Prerguntas-y-contestaciones.jpg?resize=350%2C200&ssl=1 1x, https:\/\/i0.wp.com\/www.alonso-businesscoaching.es\/blog\/wp-content\/uploads\/2025\/12\/Prerguntas-y-contestaciones.jpg?resize=525%2C300&ssl=1 1.5x, https:\/\/i0.wp.com\/www.alonso-businesscoaching.es\/blog\/wp-content\/uploads\/2025\/12\/Prerguntas-y-contestaciones.jpg?resize=700%2C400&ssl=1 2x"},"classes":[]},{"id":30825,"url":"https:\/\/www.alonso-businesscoaching.es\/blog\/18-02-2026\/contesta-tiones-7\/","url_meta":{"origin":31119,"position":1},"title":"Contesta-tiones&#8230; 7","author":"Antonio J. Alonso Sampedro","date":"18\/02\/2026","format":false,"excerpt":"\u00bfPor qu\u00e9\u2026 no solemos preguntar en p\u00fablico...? En mi infancia y juventud cre\u00eda que al preguntar en p\u00fablico descubr\u00eda carencias de conocimiento, mientras que al callar aparentaba saber m\u00e1s. Con el tiempo me percat\u00e9 de lo contrario: quien pregunta es envidiado por los dem\u00e1s, al atreverse a eso que ellos\u2026","rel":"","context":"En \u00abContesta-tiones\u00bb","block_context":{"text":"Contesta-tiones","link":"https:\/\/www.alonso-businesscoaching.es\/blog\/category\/contestaciones\/"},"img":{"alt_text":"","src":"https:\/\/i0.wp.com\/www.alonso-businesscoaching.es\/blog\/wp-content\/uploads\/2026\/02\/Preguntar-en-publico.jpg?resize=350%2C200&ssl=1","width":350,"height":200,"srcset":"https:\/\/i0.wp.com\/www.alonso-businesscoaching.es\/blog\/wp-content\/uploads\/2026\/02\/Preguntar-en-publico.jpg?resize=350%2C200&ssl=1 1x, https:\/\/i0.wp.com\/www.alonso-businesscoaching.es\/blog\/wp-content\/uploads\/2026\/02\/Preguntar-en-publico.jpg?resize=525%2C300&ssl=1 1.5x, https:\/\/i0.wp.com\/www.alonso-businesscoaching.es\/blog\/wp-content\/uploads\/2026\/02\/Preguntar-en-publico.jpg?resize=700%2C400&ssl=1 2x"},"classes":[]},{"id":30266,"url":"https:\/\/www.alonso-businesscoaching.es\/blog\/09-01-2026\/contesta-tiones-1\/","url_meta":{"origin":31119,"position":2},"title":"Contesta-tiones&#8230; 1","author":"Antonio J. Alonso Sampedro","date":"09\/01\/2026","format":false,"excerpt":"\u00bfPor qu\u00e9\u2026 con el transcurso del tiempo nos preguntamos cada vez menos el porqu\u00e9 de las cosas...? En nada las ansias de saber tienen que ver con lo que llamamos \"curiosidad\", un est\u00edmulo propio de los ni\u00f1os y de muchos animales de menor racionalidad. El que en los humanos la\u2026","rel":"","context":"En \u00abContesta-tiones\u00bb","block_context":{"text":"Contesta-tiones","link":"https:\/\/www.alonso-businesscoaching.es\/blog\/category\/contestaciones\/"},"img":{"alt_text":"","src":"https:\/\/i0.wp.com\/www.alonso-businesscoaching.es\/blog\/wp-content\/uploads\/2026\/01\/El-porque-de-las-cosas.jpg?resize=350%2C200&ssl=1","width":350,"height":200,"srcset":"https:\/\/i0.wp.com\/www.alonso-businesscoaching.es\/blog\/wp-content\/uploads\/2026\/01\/El-porque-de-las-cosas.jpg?resize=350%2C200&ssl=1 1x, https:\/\/i0.wp.com\/www.alonso-businesscoaching.es\/blog\/wp-content\/uploads\/2026\/01\/El-porque-de-las-cosas.jpg?resize=525%2C300&ssl=1 1.5x, https:\/\/i0.wp.com\/www.alonso-businesscoaching.es\/blog\/wp-content\/uploads\/2026\/01\/El-porque-de-las-cosas.jpg?resize=700%2C400&ssl=1 2x"},"classes":[]},{"id":30766,"url":"https:\/\/www.alonso-businesscoaching.es\/blog\/11-02-2026\/contesta-tiones-6\/","url_meta":{"origin":31119,"position":3},"title":"Contesta-tiones&#8230; 6","author":"Antonio J. Alonso Sampedro","date":"11\/02\/2026","format":false,"excerpt":"\u00bfPor qu\u00e9\u2026 un ascensor compartido nos incomoda? Conocer o no conocer a los dem\u00e1s poco tiene que ver con la incomodidad general que supone el silencio provocado por no hablar. Si a ello unimos un peque\u00f1o recinto cerrado y la proximidad, queda asegurado el malestar. Y todo ello porque estamos\u2026","rel":"","context":"En \u00abContesta-tiones\u00bb","block_context":{"text":"Contesta-tiones","link":"https:\/\/www.alonso-businesscoaching.es\/blog\/category\/contestaciones\/"},"img":{"alt_text":"","src":"https:\/\/i0.wp.com\/www.alonso-businesscoaching.es\/blog\/wp-content\/uploads\/2026\/02\/Compartir-ascensor.jpg?resize=350%2C200&ssl=1","width":350,"height":200,"srcset":"https:\/\/i0.wp.com\/www.alonso-businesscoaching.es\/blog\/wp-content\/uploads\/2026\/02\/Compartir-ascensor.jpg?resize=350%2C200&ssl=1 1x, https:\/\/i0.wp.com\/www.alonso-businesscoaching.es\/blog\/wp-content\/uploads\/2026\/02\/Compartir-ascensor.jpg?resize=525%2C300&ssl=1 1.5x, https:\/\/i0.wp.com\/www.alonso-businesscoaching.es\/blog\/wp-content\/uploads\/2026\/02\/Compartir-ascensor.jpg?resize=700%2C400&ssl=1 2x, https:\/\/i0.wp.com\/www.alonso-businesscoaching.es\/blog\/wp-content\/uploads\/2026\/02\/Compartir-ascensor.jpg?resize=1050%2C600&ssl=1 3x"},"classes":[]},{"id":8793,"url":"https:\/\/www.alonso-businesscoaching.es\/blog\/12-11-2014\/marath-tiones-63\/","url_meta":{"origin":31119,"position":4},"title":"MARATH-TIONES&#8230; 63","author":"Antonio J. Alonso Sampedro","date":"12\/11\/2014","format":false,"excerpt":"Recientemente ha sido tema de Coloquio en nuestro grupo profesional FORO COACHING VALENCIA la Gesti\u00f3n del Tiempo como herramienta esencial de la eficiencia personal. Todo no se puede hacer y por tanto hay que priorizar, lo cual me lleva a pensar que para progresar en Marathon-15% algo m\u00e1s de lo\u2026","rel":"","context":"En \u00abMarath-tiones\/diario\u00bb","block_context":{"text":"Marath-tiones\/diario","link":"https:\/\/www.alonso-businesscoaching.es\/blog\/category\/marath-tiones-diario\/"},"img":{"alt_text":"Logo Marathon-15","src":"https:\/\/i0.wp.com\/www.alonso-businesscoaching.es\/blog\/wp-content\/uploads\/2014\/10\/Logo-Marathon-15-150x150.jpg?resize=350%2C200","width":350,"height":200},"classes":[]},{"id":31510,"url":"https:\/\/www.alonso-businesscoaching.es\/blog\/29-04-2026\/contesta-tiones-17\/","url_meta":{"origin":31119,"position":5},"title":"Contesta-tiones&#8230; 17","author":"Antonio J. Alonso Sampedro","date":"29\/04\/2026","format":false,"excerpt":"\u00bfPor qu\u00e9\u2026 nuestros hijos siempre son los m\u00e1s guapos...? No es lo mismo decir que pensar. Lo primero es improcedente por respeto a los de los dem\u00e1s y lo segundo por respeto a la sensatez propia, que deber\u00eda asumir que la lista de guapos no todos la pueden encabezar. A\u2026","rel":"","context":"En \u00abContesta-tiones\u00bb","block_context":{"text":"Contesta-tiones","link":"https:\/\/www.alonso-businesscoaching.es\/blog\/category\/contestaciones\/"},"img":{"alt_text":"","src":"https:\/\/i0.wp.com\/www.alonso-businesscoaching.es\/blog\/wp-content\/uploads\/2026\/04\/Hijos-guapos.jpg?resize=350%2C200&ssl=1","width":350,"height":200,"srcset":"https:\/\/i0.wp.com\/www.alonso-businesscoaching.es\/blog\/wp-content\/uploads\/2026\/04\/Hijos-guapos.jpg?resize=350%2C200&ssl=1 1x, https:\/\/i0.wp.com\/www.alonso-businesscoaching.es\/blog\/wp-content\/uploads\/2026\/04\/Hijos-guapos.jpg?resize=525%2C300&ssl=1 1.5x, https:\/\/i0.wp.com\/www.alonso-businesscoaching.es\/blog\/wp-content\/uploads\/2026\/04\/Hijos-guapos.jpg?resize=700%2C400&ssl=1 2x"},"classes":[]}],"jetpack_sharing_enabled":true,"_links":{"self":[{"href":"https:\/\/www.alonso-businesscoaching.es\/blog\/wp-json\/wp\/v2\/posts\/31119","targetHints":{"allow":["GET"]}}],"collection":[{"href":"https:\/\/www.alonso-businesscoaching.es\/blog\/wp-json\/wp\/v2\/posts"}],"about":[{"href":"https:\/\/www.alonso-businesscoaching.es\/blog\/wp-json\/wp\/v2\/types\/post"}],"author":[{"embeddable":true,"href":"https:\/\/www.alonso-businesscoaching.es\/blog\/wp-json\/wp\/v2\/users\/2"}],"replies":[{"embeddable":true,"href":"https:\/\/www.alonso-businesscoaching.es\/blog\/wp-json\/wp\/v2\/comments?post=31119"}],"version-history":[{"count":6,"href":"https:\/\/www.alonso-businesscoaching.es\/blog\/wp-json\/wp\/v2\/posts\/31119\/revisions"}],"predecessor-version":[{"id":31150,"href":"https:\/\/www.alonso-businesscoaching.es\/blog\/wp-json\/wp\/v2\/posts\/31119\/revisions\/31150"}],"wp:attachment":[{"href":"https:\/\/www.alonso-businesscoaching.es\/blog\/wp-json\/wp\/v2\/media?parent=31119"}],"wp:term":[{"taxonomy":"category","embeddable":true,"href":"https:\/\/www.alonso-businesscoaching.es\/blog\/wp-json\/wp\/v2\/categories?post=31119"},{"taxonomy":"post_tag","embeddable":true,"href":"https:\/\/www.alonso-businesscoaching.es\/blog\/wp-json\/wp\/v2\/tags?post=31119"}],"curies":[{"name":"wp","href":"https:\/\/api.w.org\/{rel}","templated":true}]}}