{"id":31374,"date":"2026-04-26T18:34:43","date_gmt":"2026-04-26T16:34:43","guid":{"rendered":"https:\/\/www.alonso-businesscoaching.es\/blog\/?p=31374"},"modified":"2026-04-26T18:34:46","modified_gmt":"2026-04-26T16:34:46","slug":"salome-r-strauss-1905-palau-les-arts-valencia-27-04-2026","status":"publish","type":"post","link":"https:\/\/www.alonso-businesscoaching.es\/blog\/26-04-2026\/salome-r-strauss-1905-palau-les-arts-valencia-27-04-2026\/","title":{"rendered":"&#8220;Salome&#8221; (R. Strauss-1905) \/ Palau Les Arts Valencia \/ 27-04-2026"},"content":{"rendered":"\n<figure class=\"wp-block-image size-large\"><a href=\"https:\/\/www.alonso-businesscoaching.es\/blog\/category\/music-tiones\/\" target=\"_blank\" rel=\" noreferrer noopener\"><img data-recalc-dims=\"1\" loading=\"lazy\" decoding=\"async\" width=\"525\" height=\"700\" data-attachment-id=\"31567\" data-permalink=\"https:\/\/www.alonso-businesscoaching.es\/blog\/26-04-2026\/salome-r-strauss-1905-palau-les-arts-valencia-27-04-2026\/salome-26\/\" data-orig-file=\"https:\/\/i0.wp.com\/www.alonso-businesscoaching.es\/blog\/wp-content\/uploads\/2026\/04\/Salome-26.jpg?fit=1800%2C2400&amp;ssl=1\" data-orig-size=\"1800,2400\" data-comments-opened=\"1\" data-image-meta=\"{&quot;aperture&quot;:&quot;0&quot;,&quot;credit&quot;:&quot;&quot;,&quot;camera&quot;:&quot;&quot;,&quot;caption&quot;:&quot;&quot;,&quot;created_timestamp&quot;:&quot;0&quot;,&quot;copyright&quot;:&quot;&quot;,&quot;focal_length&quot;:&quot;0&quot;,&quot;iso&quot;:&quot;0&quot;,&quot;shutter_speed&quot;:&quot;0&quot;,&quot;title&quot;:&quot;&quot;,&quot;orientation&quot;:&quot;1&quot;}\" data-image-title=\"Salome-26\" data-image-description=\"\" data-image-caption=\"\" data-large-file=\"https:\/\/i0.wp.com\/www.alonso-businesscoaching.es\/blog\/wp-content\/uploads\/2026\/04\/Salome-26.jpg?fit=525%2C700&amp;ssl=1\" src=\"https:\/\/i0.wp.com\/www.alonso-businesscoaching.es\/blog\/wp-content\/uploads\/2026\/04\/Salome-26.jpg?resize=525%2C700&#038;ssl=1\" alt=\"\" class=\"wp-image-31567\" srcset=\"https:\/\/i0.wp.com\/www.alonso-businesscoaching.es\/blog\/wp-content\/uploads\/2026\/04\/Salome-26.jpg?resize=1500%2C2000&amp;ssl=1 1500w, https:\/\/i0.wp.com\/www.alonso-businesscoaching.es\/blog\/wp-content\/uploads\/2026\/04\/Salome-26.jpg?resize=225%2C300&amp;ssl=1 225w, https:\/\/i0.wp.com\/www.alonso-businesscoaching.es\/blog\/wp-content\/uploads\/2026\/04\/Salome-26.jpg?resize=768%2C1024&amp;ssl=1 768w, https:\/\/i0.wp.com\/www.alonso-businesscoaching.es\/blog\/wp-content\/uploads\/2026\/04\/Salome-26.jpg?resize=1152%2C1536&amp;ssl=1 1152w, https:\/\/i0.wp.com\/www.alonso-businesscoaching.es\/blog\/wp-content\/uploads\/2026\/04\/Salome-26.jpg?resize=1536%2C2048&amp;ssl=1 1536w, https:\/\/i0.wp.com\/www.alonso-businesscoaching.es\/blog\/wp-content\/uploads\/2026\/04\/Salome-26.jpg?w=1800&amp;ssl=1 1800w, https:\/\/i0.wp.com\/www.alonso-businesscoaching.es\/blog\/wp-content\/uploads\/2026\/04\/Salome-26.jpg?w=1050&amp;ssl=1 1050w\" sizes=\"auto, (max-width: 767px) 89vw, (max-width: 1000px) 54vw, (max-width: 1071px) 543px, 580px\" \/><\/a><\/figure>\n\n\n\n<figure class=\"wp-block-table is-style-stripes has-small-font-size\" style=\"font-style:normal;font-weight:600\"><table><tbody><tr><td><em>COMPOSICI\u00d3N<\/em>&nbsp;<em>MUSICAL<\/em><\/td><td>7<\/td><\/tr><tr><td><em>DIRECCI\u00d3N ESCENOGR\u00c1FICA<\/em> (Damiano Michieletto)<\/td><td>5,2<\/td><\/tr><tr><td><em>1-Escenograf\u00eda<\/em> (Paolo Fantin)<\/td><td>5<\/td><\/tr><tr><td><em>2-Vestuario<\/em> (Carla Teti)<\/td><td>5<\/td><\/tr><tr><td><em>3-Iluminaci\u00f3n<\/em> (Alessandro Carletti)<\/td><td>4<\/td><\/tr><tr><td><em>4-Coreograf\u00eda<\/em> (Thomas Wilhelm)<\/td><td>7<\/td><\/tr><tr><td><em>DIRECCI\u00d3N MUSICAL<\/em> (James Gaffigan)<\/td><td>6<\/td><\/tr><tr><td><em>ORQUESTA DE LA COMUNIDAD VALENCIANA<\/em><\/td><td>7<\/td><\/tr><tr><td><em>VOCES SOLISTAS<\/em><\/td><td>6,8<\/td><\/tr><tr><td><em>1-&#8220;Salome&#8221;<\/em> (Vida Miknevi\u010di\u016bt\u0117)<\/td><td>8<\/td><\/tr><tr><td><em>2-&#8220;Herodes&#8221;<\/em> (John Daszak)<\/td><td>8<\/td><\/tr><tr><td><em>3-&#8220;Herodias&#8221;<\/em> (Michaela Schuster)<\/td><td>6<\/td><\/tr><tr><td><em>4-&#8220;Jochanaan&#8221;<\/em> (Nicholas Brownlee)<\/td><td>7<\/td><\/tr><tr><td><em>5-&#8220;Narraboth&#8221;<\/em> (Christopher Sokolowski)<\/td><td>5<\/td><\/tr><tr><td><em>RESPUESTA DEL P\u00daBLICO<\/em><\/td><td>8<\/td><\/tr><\/tbody><tfoot><tr><td><em>VALORACI\u00d3N GENERAL<\/em><\/td><td>6,6<\/td><\/tr><\/tfoot><\/table><\/figure>\n\n\n<div class=\"wp-block-image\">\n<figure class=\"aligncenter size-full\"><a href=\"https:\/\/es.wikipedia.org\/wiki\/Salom%C3%A9_(%C3%B3pera)\" target=\"_blank\" rel=\" noreferrer noopener\"><img data-recalc-dims=\"1\" loading=\"lazy\" decoding=\"async\" width=\"525\" height=\"452\" data-attachment-id=\"31378\" data-permalink=\"https:\/\/www.alonso-businesscoaching.es\/blog\/26-04-2026\/salome-r-strauss-1905-palau-les-arts-valencia-27-04-2026\/salome-solti1\/\" data-orig-file=\"https:\/\/i0.wp.com\/www.alonso-businesscoaching.es\/blog\/wp-content\/uploads\/2026\/04\/Salome-Solti1.jpg?fit=550%2C474&amp;ssl=1\" data-orig-size=\"550,474\" data-comments-opened=\"1\" data-image-meta=\"{&quot;aperture&quot;:&quot;0&quot;,&quot;credit&quot;:&quot;&quot;,&quot;camera&quot;:&quot;&quot;,&quot;caption&quot;:&quot;&quot;,&quot;created_timestamp&quot;:&quot;0&quot;,&quot;copyright&quot;:&quot;&quot;,&quot;focal_length&quot;:&quot;0&quot;,&quot;iso&quot;:&quot;0&quot;,&quot;shutter_speed&quot;:&quot;0&quot;,&quot;title&quot;:&quot;&quot;,&quot;orientation&quot;:&quot;0&quot;}\" data-image-title=\"Salome-Solti1\" data-image-description=\"\" data-image-caption=\"\" data-large-file=\"https:\/\/i0.wp.com\/www.alonso-businesscoaching.es\/blog\/wp-content\/uploads\/2026\/04\/Salome-Solti1.jpg?fit=525%2C452&amp;ssl=1\" src=\"https:\/\/i0.wp.com\/www.alonso-businesscoaching.es\/blog\/wp-content\/uploads\/2026\/04\/Salome-Solti1.jpg?resize=525%2C452&#038;ssl=1\" alt=\"\" class=\"wp-image-31378\" srcset=\"https:\/\/i0.wp.com\/www.alonso-businesscoaching.es\/blog\/wp-content\/uploads\/2026\/04\/Salome-Solti1.jpg?w=550&amp;ssl=1 550w, https:\/\/i0.wp.com\/www.alonso-businesscoaching.es\/blog\/wp-content\/uploads\/2026\/04\/Salome-Solti1.jpg?resize=300%2C259&amp;ssl=1 300w\" sizes=\"auto, (max-width: 525px) 100vw, 525px\" \/><\/a><\/figure>\n<\/div>\n\n<div class=\"wp-block-image\">\n<figure class=\"aligncenter size-full is-resized\"><a href=\"https:\/\/www.lesarts.com\/es\/programacion\/c\/829-salome.html\" target=\"_blank\" rel=\" noreferrer noopener\"><img data-recalc-dims=\"1\" loading=\"lazy\" decoding=\"async\" width=\"525\" height=\"462\" data-attachment-id=\"31379\" data-permalink=\"https:\/\/www.alonso-businesscoaching.es\/blog\/26-04-2026\/salome-r-strauss-1905-palau-les-arts-valencia-27-04-2026\/salome-solti2\/\" data-orig-file=\"https:\/\/i0.wp.com\/www.alonso-businesscoaching.es\/blog\/wp-content\/uploads\/2026\/04\/Salome-Solti2.jpg?fit=772%2C679&amp;ssl=1\" data-orig-size=\"772,679\" data-comments-opened=\"1\" data-image-meta=\"{&quot;aperture&quot;:&quot;0&quot;,&quot;credit&quot;:&quot;&quot;,&quot;camera&quot;:&quot;&quot;,&quot;caption&quot;:&quot;&quot;,&quot;created_timestamp&quot;:&quot;0&quot;,&quot;copyright&quot;:&quot;&quot;,&quot;focal_length&quot;:&quot;0&quot;,&quot;iso&quot;:&quot;0&quot;,&quot;shutter_speed&quot;:&quot;0&quot;,&quot;title&quot;:&quot;&quot;,&quot;orientation&quot;:&quot;1&quot;}\" data-image-title=\"Salome-Solti2\" data-image-description=\"\" data-image-caption=\"\" data-large-file=\"https:\/\/i0.wp.com\/www.alonso-businesscoaching.es\/blog\/wp-content\/uploads\/2026\/04\/Salome-Solti2.jpg?fit=525%2C462&amp;ssl=1\" src=\"https:\/\/i0.wp.com\/www.alonso-businesscoaching.es\/blog\/wp-content\/uploads\/2026\/04\/Salome-Solti2.jpg?resize=525%2C462&#038;ssl=1\" alt=\"\" class=\"wp-image-31379\" style=\"aspect-ratio:1.1369830517409525;width:549px;height:auto\" srcset=\"https:\/\/i0.wp.com\/www.alonso-businesscoaching.es\/blog\/wp-content\/uploads\/2026\/04\/Salome-Solti2.jpg?w=772&amp;ssl=1 772w, https:\/\/i0.wp.com\/www.alonso-businesscoaching.es\/blog\/wp-content\/uploads\/2026\/04\/Salome-Solti2.jpg?resize=300%2C264&amp;ssl=1 300w, https:\/\/i0.wp.com\/www.alonso-businesscoaching.es\/blog\/wp-content\/uploads\/2026\/04\/Salome-Solti2.jpg?resize=768%2C675&amp;ssl=1 768w\" sizes=\"auto, (max-width: 767px) 89vw, (max-width: 1000px) 54vw, (max-width: 1071px) 543px, 580px\" \/><\/a><\/figure>\n<\/div>","protected":false},"excerpt":{"rendered":"<p>COMPOSICI\u00d3N&nbsp;MUSICAL 7 DIRECCI\u00d3N ESCENOGR\u00c1FICA (Damiano Michieletto) 5,2 1-Escenograf\u00eda (Paolo Fantin) 5 2-Vestuario (Carla Teti) 5 3-Iluminaci\u00f3n (Alessandro Carletti) 4 4-Coreograf\u00eda (Thomas Wilhelm) 7 DIRECCI\u00d3N MUSICAL (James Gaffigan) 6 ORQUESTA DE LA COMUNIDAD VALENCIANA 7 VOCES SOLISTAS 6,8 1-&#8220;Salome&#8221; (Vida Miknevi\u010di\u016bt\u0117) 8 2-&#8220;Herodes&#8221; (John Daszak) 8 3-&#8220;Herodias&#8221; (Michaela Schuster) 6 4-&#8220;Jochanaan&#8221; (Nicholas Brownlee) 7 5-&#8220;Narraboth&#8221; (Christopher &hellip; <\/p>\n<p class=\"link-more\"><a href=\"https:\/\/www.alonso-businesscoaching.es\/blog\/26-04-2026\/salome-r-strauss-1905-palau-les-arts-valencia-27-04-2026\/\" class=\"more-link\">Continuar leyendo<span class=\"screen-reader-text\"> &#8220;&#8220;Salome&#8221; (R. Strauss-1905) \/ Palau Les Arts Valencia \/ 27-04-2026&#8243;<\/span><\/a><\/p>\n","protected":false},"author":2,"featured_media":0,"comment_status":"open","ping_status":"open","sticky":false,"template":"","format":"standard","meta":{"om_disable_all_campaigns":false,"_monsterinsights_skip_tracking":false,"_monsterinsights_sitenote_active":false,"_monsterinsights_sitenote_note":"","_monsterinsights_sitenote_category":0,"_s2mail":"","_uf_show_specific_survey":0,"_uf_disable_surveys":false,"jetpack_post_was_ever_published":false,"_jetpack_newsletter_access":"","_jetpack_dont_email_post_to_subs":false,"_jetpack_newsletter_tier_id":0,"_jetpack_memberships_contains_paywalled_content":false,"_jetpack_memberships_contains_paid_content":false,"footnotes":"","jetpack_publicize_message":"","jetpack_publicize_feature_enabled":true,"jetpack_social_post_already_shared":true,"jetpack_social_options":{"image_generator_settings":{"template":"highway","default_image_id":0,"font":"","enabled":false},"version":2}},"categories":[26],"tags":[44,406],"class_list":["post-31374","post","type-post","status-publish","format-standard","hentry","category-music-tiones","tag-musica","tag-palau-les-arts"],"aioseo_notices":[],"jetpack_publicize_connections":[],"jetpack_featured_media_url":"","jetpack_shortlink":"https:\/\/wp.me\/p5YpnT-8a2","jetpack_likes_enabled":true,"jetpack-related-posts":[{"id":31223,"url":"https:\/\/www.alonso-businesscoaching.es\/blog\/27-03-2026\/nadine-sierra-soprano-palau-les-arts-valencia-26-03-2026\/","url_meta":{"origin":31374,"position":0},"title":"Nadine Sierra (soprano) \/ Palau Les Arts Valencia \/ 26-03-2026","author":"Antonio J. Alonso Sampedro","date":"27\/03\/2026","format":false,"excerpt":"T\u00c9CNICA9TIMBRE9TESITURA8PROYECCI\u00d3N9FRASEO9EXPRESIVIDAD9PRESENCIA ESC\u00c9NICA10PROGRAMA (arias y canciones\u00a0 de G. Donizetti,W.A. Mozart, G. Puccini, G. Verdi, J. Rodrigo, H. Villa-Lobos, C. Vel\u00e1zquez, M. Ponce, Q. Mendoza, G. Gim\u00e9nez)8ADECUACI\u00d3N DE ESTILO9PIANO (Bryan Wagorn)7RESPUESTA DEL P\u00daBLICO10VALORACI\u00d3N GENERAL8,8","rel":"","context":"En \u00abMusic-tiones\u00bb","block_context":{"text":"Music-tiones","link":"https:\/\/www.alonso-businesscoaching.es\/blog\/category\/music-tiones\/"},"img":{"alt_text":"","src":"https:\/\/i0.wp.com\/www.alonso-businesscoaching.es\/blog\/wp-content\/uploads\/2026\/03\/Nadine-Sierra-final2-26.jpg?resize=350%2C200&ssl=1","width":350,"height":200,"srcset":"https:\/\/i0.wp.com\/www.alonso-businesscoaching.es\/blog\/wp-content\/uploads\/2026\/03\/Nadine-Sierra-final2-26.jpg?resize=350%2C200&ssl=1 1x, https:\/\/i0.wp.com\/www.alonso-businesscoaching.es\/blog\/wp-content\/uploads\/2026\/03\/Nadine-Sierra-final2-26.jpg?resize=525%2C300&ssl=1 1.5x, https:\/\/i0.wp.com\/www.alonso-businesscoaching.es\/blog\/wp-content\/uploads\/2026\/03\/Nadine-Sierra-final2-26.jpg?resize=700%2C400&ssl=1 2x, https:\/\/i0.wp.com\/www.alonso-businesscoaching.es\/blog\/wp-content\/uploads\/2026\/03\/Nadine-Sierra-final2-26.jpg?resize=1050%2C600&ssl=1 3x, https:\/\/i0.wp.com\/www.alonso-businesscoaching.es\/blog\/wp-content\/uploads\/2026\/03\/Nadine-Sierra-final2-26.jpg?resize=1400%2C800&ssl=1 4x"},"classes":[]},{"id":30449,"url":"https:\/\/www.alonso-businesscoaching.es\/blog\/21-01-2026\/eugenio-oneguin-palau-de-les-les-arts-valencia-20-01-2026\/","url_meta":{"origin":31374,"position":1},"title":"&#8220;Eugenio Oneguin&#8221;\/Palau de les Les Arts-Valencia\/20-01-2026","author":"Antonio J. Alonso Sampedro","date":"21\/01\/2026","format":false,"excerpt":"1- DIRECCI\u00d3N ESCENOGR\u00c1FICA (Laurent Pelly)92- DIRECCI\u00d3N MUSICAL (Timur Zangiev)Y ORQUESTA COMUNITAT VALENCIANA73- CORO GENERALITAT VALENCIANA84- VOCES SOLISTAS (media)7,4ONEGUIN (Mattia Olivieri)7TATIANA (Corinne Winters)6LENSKI (Iv\u00e1n Ay\u00f3n-Rivas en sustituci\u00f3n de Dmytri Korchak)7OLGA (Ksenia Dudnikova)8GREMIN (Giorgi Manoshvili)9VALORACI\u00d3N GENERAL (media 1-2-3-4)7,8","rel":"","context":"En \u00abMusic-tiones\u00bb","block_context":{"text":"Music-tiones","link":"https:\/\/www.alonso-businesscoaching.es\/blog\/category\/music-tiones\/"},"img":{"alt_text":"","src":"https:\/\/i0.wp.com\/www.alonso-businesscoaching.es\/blog\/wp-content\/uploads\/2026\/01\/Eugenio-Oneguin-Levine.jpg?resize=350%2C200&ssl=1","width":350,"height":200},"classes":[]},{"id":30890,"url":"https:\/\/www.alonso-businesscoaching.es\/blog\/01-03-2026\/julio-cesar-en-egipto-g-f-handel-1724-palau-les-arts-valencia-28-02-2026\/","url_meta":{"origin":31374,"position":2},"title":"&#8220;Julio C\u00e9sar en Egipto&#8221; (G. F. H\u00e4ndel-1724) \/ Palau Les Arts Valencia \/ 28-02-2026","author":"Antonio J. Alonso Sampedro","date":"01\/03\/2026","format":false,"excerpt":"COMPOSICI\u00d3N MUSICAL8DIRECCI\u00d3N ESCENOGR\u00c1FICA (Vicent Boussard)8,61-Escenograf\u00eda (Frank Philipp Schl\u00f6\u00dfmann)92-Vestuario (Christian Lacroix)83-Iluminaci\u00f3n (Andreas Gr\u00fcter)9DIRECCI\u00d3N MUSICAL (Marc Minkowski)9CORO GENERALITAT VALENCIANA (Jordi Blanch)8VOCES SOLISTAS81-\"Julio C\u00e9sar\" (Aryeh Nussbaum Cohen)92-\"Cleopatra\" (Marina Monz\u00f3)93-\"Cornelia\" (Sara Mingardo)84-\"Sesto\" (Arianna Venditelli)75-\"Tolomeo\" (Cameron Shahbazi)86-\"Achilla\" (Jean-Philippe McClish)7RESPUESTA DEL P\u00daBLICO9VALORACI\u00d3N GENERAL8,4","rel":"","context":"En \u00abMusic-tiones\u00bb","block_context":{"text":"Music-tiones","link":"https:\/\/www.alonso-businesscoaching.es\/blog\/category\/music-tiones\/"},"img":{"alt_text":"","src":"https:\/\/i0.wp.com\/www.alonso-businesscoaching.es\/blog\/wp-content\/uploads\/2026\/02\/Julio-Cesar-en-Egipto-26.jpg?resize=350%2C200&ssl=1","width":350,"height":200,"srcset":"https:\/\/i0.wp.com\/www.alonso-businesscoaching.es\/blog\/wp-content\/uploads\/2026\/02\/Julio-Cesar-en-Egipto-26.jpg?resize=350%2C200&ssl=1 1x, https:\/\/i0.wp.com\/www.alonso-businesscoaching.es\/blog\/wp-content\/uploads\/2026\/02\/Julio-Cesar-en-Egipto-26.jpg?resize=525%2C300&ssl=1 1.5x, https:\/\/i0.wp.com\/www.alonso-businesscoaching.es\/blog\/wp-content\/uploads\/2026\/02\/Julio-Cesar-en-Egipto-26.jpg?resize=700%2C400&ssl=1 2x, https:\/\/i0.wp.com\/www.alonso-businesscoaching.es\/blog\/wp-content\/uploads\/2026\/02\/Julio-Cesar-en-Egipto-26.jpg?resize=1050%2C600&ssl=1 3x, https:\/\/i0.wp.com\/www.alonso-businesscoaching.es\/blog\/wp-content\/uploads\/2026\/02\/Julio-Cesar-en-Egipto-26.jpg?resize=1400%2C800&ssl=1 4x"},"classes":[]},{"id":25421,"url":"https:\/\/www.alonso-businesscoaching.es\/blog\/01-11-2023\/orquesta-de-la-radio-de-berlin-y-jurowski-oir-no-es-escuchar\/","url_meta":{"origin":31374,"position":3},"title":"Orquesta de la Radio de Berl\u00edn y Jurowski: o\u00edr no es escuchar","author":"Antonio J. Alonso Sampedro","date":"01\/11\/2023","format":false,"excerpt":"Tras cuatro a\u00f1os de interminables obras, al fin he vuelto a mi a\u00f1orado Palau de la M\u00fasica de Valencia, sala de conciertos que llen\u00f3 mi juventud de incipientes emociones prolongadas hasta la actualidad. La m\u00fasica que se llama \u201ccl\u00e1sica\u201d, pero que deber\u00eda tener otra denominaci\u00f3n m\u00e1s particular, revela hasta donde\u2026","rel":"","context":"En \u00abMusic-tiones\u00bb","block_context":{"text":"Music-tiones","link":"https:\/\/www.alonso-businesscoaching.es\/blog\/category\/music-tiones\/"},"img":{"alt_text":"","src":"https:\/\/i0.wp.com\/www.alonso-businesscoaching.es\/blog\/wp-content\/uploads\/2023\/11\/20231031_191644-rotated.jpg?resize=350%2C200&ssl=1","width":350,"height":200,"srcset":"https:\/\/i0.wp.com\/www.alonso-businesscoaching.es\/blog\/wp-content\/uploads\/2023\/11\/20231031_191644-rotated.jpg?resize=350%2C200&ssl=1 1x, https:\/\/i0.wp.com\/www.alonso-businesscoaching.es\/blog\/wp-content\/uploads\/2023\/11\/20231031_191644-rotated.jpg?resize=525%2C300&ssl=1 1.5x, https:\/\/i0.wp.com\/www.alonso-businesscoaching.es\/blog\/wp-content\/uploads\/2023\/11\/20231031_191644-rotated.jpg?resize=700%2C400&ssl=1 2x, https:\/\/i0.wp.com\/www.alonso-businesscoaching.es\/blog\/wp-content\/uploads\/2023\/11\/20231031_191644-rotated.jpg?resize=1050%2C600&ssl=1 3x, https:\/\/i0.wp.com\/www.alonso-businesscoaching.es\/blog\/wp-content\/uploads\/2023\/11\/20231031_191644-rotated.jpg?resize=1400%2C800&ssl=1 4x"},"classes":[]},{"id":23477,"url":"https:\/\/www.alonso-businesscoaching.es\/blog\/20-10-2022\/pires-abre-la-temporada-del-palau-de-la-musica-de-valencia\/","url_meta":{"origin":31374,"position":4},"title":"Pires abre la temporada del Palau de la M\u00fasica de Valencia","author":"Antonio J. Alonso Sampedro","date":"20\/10\/2022","format":false,"excerpt":"Buena entrada, pero el Teatro Principal, aun con su limitado aforo, no se llen\u00f3\u2026 Cuando en 1987 se inaugur\u00f3 el Palau de la M\u00fasica de Valencia, yo entonces era uno de sus m\u00e1s j\u00f3venes visitantes y hoy sigue siendo igual. Esta sorprendente paradoja temporal no augura buenos tiempos futuros para\u2026","rel":"","context":"En \u00abMusic-tiones\u00bb","block_context":{"text":"Music-tiones","link":"https:\/\/www.alonso-businesscoaching.es\/blog\/category\/music-tiones\/"},"img":{"alt_text":"","src":"https:\/\/i0.wp.com\/www.alonso-businesscoaching.es\/blog\/wp-content\/uploads\/2022\/10\/IMG-20221019-WA0000.jpg?resize=350%2C200&ssl=1","width":350,"height":200,"srcset":"https:\/\/i0.wp.com\/www.alonso-businesscoaching.es\/blog\/wp-content\/uploads\/2022\/10\/IMG-20221019-WA0000.jpg?resize=350%2C200&ssl=1 1x, https:\/\/i0.wp.com\/www.alonso-businesscoaching.es\/blog\/wp-content\/uploads\/2022\/10\/IMG-20221019-WA0000.jpg?resize=525%2C300&ssl=1 1.5x, https:\/\/i0.wp.com\/www.alonso-businesscoaching.es\/blog\/wp-content\/uploads\/2022\/10\/IMG-20221019-WA0000.jpg?resize=700%2C400&ssl=1 2x, https:\/\/i0.wp.com\/www.alonso-businesscoaching.es\/blog\/wp-content\/uploads\/2022\/10\/IMG-20221019-WA0000.jpg?resize=1050%2C600&ssl=1 3x, https:\/\/i0.wp.com\/www.alonso-businesscoaching.es\/blog\/wp-content\/uploads\/2022\/10\/IMG-20221019-WA0000.jpg?resize=1400%2C800&ssl=1 4x"},"classes":[]},{"id":20837,"url":"https:\/\/www.alonso-businesscoaching.es\/blog\/19-01-2021\/pinchazo-de-gergiev-de-calatrava-o-de-mi-audicion\/","url_meta":{"origin":31374,"position":5},"title":"\u00bfPinchazo de Gergiev, de Calatrava o de mi audici\u00f3n&#8230;?","author":"Antonio J. Alonso Sampedro","date":"19\/01\/2021","format":false,"excerpt":"Ayer nos visit\u00f3, una vez m\u00e1s, la maquinaria infalible de la Orquesta del Teatro Mariinsky de San Petersburgo (en versi\u00f3n reducida, aunque en la potencia del sonido no se not\u00f3) con Valery Gergiev al todopoderoso mando. El concierto lo program\u00f3 el Palau de la M\u00fasica de Valencia y fue ubicado\u2026","rel":"","context":"En \u00abMusic-tiones\u00bb","block_context":{"text":"Music-tiones","link":"https:\/\/www.alonso-businesscoaching.es\/blog\/category\/music-tiones\/"},"img":{"alt_text":"","src":"https:\/\/i0.wp.com\/www.alonso-businesscoaching.es\/blog\/wp-content\/uploads\/2021\/01\/20210118_184035-scaled.jpg?resize=350%2C200&ssl=1","width":350,"height":200,"srcset":"https:\/\/i0.wp.com\/www.alonso-businesscoaching.es\/blog\/wp-content\/uploads\/2021\/01\/20210118_184035-scaled.jpg?resize=350%2C200&ssl=1 1x, https:\/\/i0.wp.com\/www.alonso-businesscoaching.es\/blog\/wp-content\/uploads\/2021\/01\/20210118_184035-scaled.jpg?resize=525%2C300&ssl=1 1.5x, https:\/\/i0.wp.com\/www.alonso-businesscoaching.es\/blog\/wp-content\/uploads\/2021\/01\/20210118_184035-scaled.jpg?resize=700%2C400&ssl=1 2x, https:\/\/i0.wp.com\/www.alonso-businesscoaching.es\/blog\/wp-content\/uploads\/2021\/01\/20210118_184035-scaled.jpg?resize=1050%2C600&ssl=1 3x, https:\/\/i0.wp.com\/www.alonso-businesscoaching.es\/blog\/wp-content\/uploads\/2021\/01\/20210118_184035-scaled.jpg?resize=1400%2C800&ssl=1 4x"},"classes":[]}],"jetpack_sharing_enabled":true,"_links":{"self":[{"href":"https:\/\/www.alonso-businesscoaching.es\/blog\/wp-json\/wp\/v2\/posts\/31374","targetHints":{"allow":["GET"]}}],"collection":[{"href":"https:\/\/www.alonso-businesscoaching.es\/blog\/wp-json\/wp\/v2\/posts"}],"about":[{"href":"https:\/\/www.alonso-businesscoaching.es\/blog\/wp-json\/wp\/v2\/types\/post"}],"author":[{"embeddable":true,"href":"https:\/\/www.alonso-businesscoaching.es\/blog\/wp-json\/wp\/v2\/users\/2"}],"replies":[{"embeddable":true,"href":"https:\/\/www.alonso-businesscoaching.es\/blog\/wp-json\/wp\/v2\/comments?post=31374"}],"version-history":[{"count":7,"href":"https:\/\/www.alonso-businesscoaching.es\/blog\/wp-json\/wp\/v2\/posts\/31374\/revisions"}],"predecessor-version":[{"id":31570,"href":"https:\/\/www.alonso-businesscoaching.es\/blog\/wp-json\/wp\/v2\/posts\/31374\/revisions\/31570"}],"wp:attachment":[{"href":"https:\/\/www.alonso-businesscoaching.es\/blog\/wp-json\/wp\/v2\/media?parent=31374"}],"wp:term":[{"taxonomy":"category","embeddable":true,"href":"https:\/\/www.alonso-businesscoaching.es\/blog\/wp-json\/wp\/v2\/categories?post=31374"},{"taxonomy":"post_tag","embeddable":true,"href":"https:\/\/www.alonso-businesscoaching.es\/blog\/wp-json\/wp\/v2\/tags?post=31374"}],"curies":[{"name":"wp","href":"https:\/\/api.w.org\/{rel}","templated":true}]}}