{"id":3163,"date":"2010-08-29T21:09:27","date_gmt":"2010-08-29T20:09:27","guid":{"rendered":"http:\/\/www.alonso-businesscoaching.es\/blog\/2010\/08\/29\/salzburgo-verona-y-el-amor\/"},"modified":"2021-01-06T10:21:30","modified_gmt":"2021-01-06T09:21:30","slug":"salzburgo-verona-y-el-amor","status":"publish","type":"post","link":"https:\/\/www.alonso-businesscoaching.es\/blog\/29-08-2010\/salzburgo-verona-y-el-amor\/","title":{"rendered":"Salzburgo, Verona y el Amor"},"content":{"rendered":"\n<figure class=\"wp-block-image size-large\"><img data-recalc-dims=\"1\" loading=\"lazy\" decoding=\"async\" width=\"525\" height=\"700\" data-attachment-id=\"20766\" data-permalink=\"https:\/\/www.alonso-businesscoaching.es\/blog\/29-08-2010\/salzburgo-verona-y-el-amor\/p1000408\/\" data-orig-file=\"https:\/\/i0.wp.com\/www.alonso-businesscoaching.es\/blog\/wp-content\/uploads\/2021\/01\/P1000408-scaled.jpg?fit=1920%2C2560&amp;ssl=1\" data-orig-size=\"1920,2560\" data-comments-opened=\"1\" data-image-meta=\"{&quot;aperture&quot;:&quot;5.6&quot;,&quot;credit&quot;:&quot;&quot;,&quot;camera&quot;:&quot;DMC-TZ7&quot;,&quot;caption&quot;:&quot;&quot;,&quot;created_timestamp&quot;:&quot;1281793688&quot;,&quot;copyright&quot;:&quot;&quot;,&quot;focal_length&quot;:&quot;5.7&quot;,&quot;iso&quot;:&quot;100&quot;,&quot;shutter_speed&quot;:&quot;0.00125&quot;,&quot;title&quot;:&quot;&quot;,&quot;orientation&quot;:&quot;1&quot;}\" data-image-title=\"P1000408\" data-image-description=\"\" data-image-caption=\"\" data-large-file=\"https:\/\/i0.wp.com\/www.alonso-businesscoaching.es\/blog\/wp-content\/uploads\/2021\/01\/P1000408-scaled.jpg?fit=525%2C700&amp;ssl=1\" src=\"https:\/\/i0.wp.com\/www.alonso-businesscoaching.es\/blog\/wp-content\/uploads\/2021\/01\/P1000408.jpg?resize=525%2C700&#038;ssl=1\" alt=\"\" class=\"wp-image-20766\" srcset=\"https:\/\/i0.wp.com\/www.alonso-businesscoaching.es\/blog\/wp-content\/uploads\/2021\/01\/P1000408-scaled.jpg?resize=1500%2C2000&amp;ssl=1 1500w, https:\/\/i0.wp.com\/www.alonso-businesscoaching.es\/blog\/wp-content\/uploads\/2021\/01\/P1000408-scaled.jpg?resize=225%2C300&amp;ssl=1 225w, https:\/\/i0.wp.com\/www.alonso-businesscoaching.es\/blog\/wp-content\/uploads\/2021\/01\/P1000408-scaled.jpg?resize=768%2C1024&amp;ssl=1 768w, https:\/\/i0.wp.com\/www.alonso-businesscoaching.es\/blog\/wp-content\/uploads\/2021\/01\/P1000408-scaled.jpg?resize=1152%2C1536&amp;ssl=1 1152w, https:\/\/i0.wp.com\/www.alonso-businesscoaching.es\/blog\/wp-content\/uploads\/2021\/01\/P1000408-scaled.jpg?resize=1536%2C2048&amp;ssl=1 1536w, https:\/\/i0.wp.com\/www.alonso-businesscoaching.es\/blog\/wp-content\/uploads\/2021\/01\/P1000408-scaled.jpg?w=1920&amp;ssl=1 1920w, https:\/\/i0.wp.com\/www.alonso-businesscoaching.es\/blog\/wp-content\/uploads\/2021\/01\/P1000408-scaled.jpg?w=1050&amp;ssl=1 1050w\" sizes=\"auto, (max-width: 767px) 89vw, (max-width: 1000px) 54vw, (max-width: 1071px) 543px, 580px\" \/><\/figure>\n\n\n<p>Dec\u00eda en mi anterior entrada que cada Agosto siempre tiene fecha de caducidad y el presente, ya la va teniendo. Pronto comenzaremos un nuevo Septiembre con esos a\u00f1orados recuerdos vividos de unos d\u00edas que, en mi caso, han sido intensamente inolvidables.<\/p>\n<p>Asistir a los Festivales de M\u00fasica de Salzburgo y Verona y hacerlo viajando en moto es una de las experiencias m\u00e1s sugestivas que yo pueda desear y que me ha permitido descubrir la personalidad de algunas de las m\u00e1s apasionantes ciudades europeas y el buc\u00f3lico encanto de esos verticales paisajes alpinos que rivalizan para convertirse en la m\u00e1s bella postal. Y todo ello enmarcando la inolvidable experiencia de asistir a algunas de las mejores jornadas oper\u00edsticas por mi vividas en la cuna mundial de la m\u00fasica cl\u00e1sica estival.<\/p>\n<p>Mi ruta de pernoctaciones fue: Valencia-Segovia-Burdeos-Ginebra-Como-Innsbruck-Salzburgo (\u201cDon Giovanni\u201d de Mozart, \u201cRomeo y Julieta\u201d de Gounod, \u201cNorma\u201d de Bellini, \u201cIv\u00e1n el Terrible\u201d de Prokofiev)-Cortina D\u00b4Ampezzo-Verona (\u201cAida\u201d de Verdi)-Cannes-Cadaqu\u00e9s-Sitges-Valencia.<\/p>\n<p>El Salzburger Festspiele sin duda es el Festival de M\u00fasica m\u00e1s importante del mundo, tanto por su glorioso pasado (celebra la 90\u00aa edici\u00f3n) como por su excepcional presente en donde concurren las producciones, las orquestas, los directores y los int\u00e9rpretes m\u00e1s prestigiosos y afamados de la actualidad. Pero adem\u00e1s, su elitista p\u00fablico (venido de todas las partes del mundo) es el m\u00e1s entendido y versado con el que yo haya compartido patio de butacas nunca y esa, sin duda, es la mayor garant\u00eda de posible calidad.<\/p>\n<p>Me asombr\u00f3 el inquietante bosque giratorio ideado por Claus Guth para el varonil \u201c<a href=\"http:\/\/www.youtube.com\/watch?v=C4_qx637mJk&amp;feature=related\" target=\"_blank\" rel=\"noopener\">Don Giovanni<\/a>\u201d interpretado por Christopher Maltman representado en la Haus F\u00fcr Mozart, la capacidad dram\u00e1tica de la bella Anna Netrebko protagonizando una juvenil Juliette de \u201c<a href=\"http:\/\/www.youtube.com\/watch?v=FvJyjqhBYsQ&amp;feature=BFa&amp;list=PLC318720EF71137CB&amp;index=2\" target=\"_blank\" rel=\"noopener\">Romeo y Julieta<\/a>\u201d en la Felsenreitschule, la lecci\u00f3n de sabidur\u00eda y sutileza belcantista de la grand\u00edsima Edita Gruberova como una \u201c<a href=\"http:\/\/www.youtube.com\/watch?v=JxdIt69aHuU\" target=\"_blank\" rel=\"noopener\">Norma<\/a>\u201d que puso al p\u00fablico en pi\u00e9 con su inigualable Casta Diva en el Grosses Festspielhaus (tambi\u00e9n la presentaci\u00f3n de Joyce DiDonato como Adalgisa) y la fuerza dram\u00e1tica de un veterano Gerard Depardieu narrando en ruso un \u201c<a href=\"http:\/\/www.alonso-businesscoaching.es\/blog\/wp-content\/uploads\/2011\/06\/ivan-el-terrible.jpg\" target=\"_blank\" rel=\"noopener\">Iv\u00e1n el Terrible<\/a>\u201d que magistralmente dirigi\u00f3 Riccardo Muti a la Wiener Philharmoniker.<\/p>\n<p>Entre espect\u00e1culo y espect\u00e1culo mis deseadas peregrinaciones a los lugares en donde naci\u00f3, habit\u00f3, compuso e interpret\u00f3 Mozart se convirtieron de nuevo en la constataci\u00f3n de que algunos hombres siempre vivieron para nunca morir.<\/p>\n<p>Luego en la Arena de Verona (88\u00ba Festival), la monumental \u201c<a href=\"http:\/\/www.youtube.com\/watch?v=0PaEzLt2ZDA&amp;feature=related\" target=\"_blank\" rel=\"noopener\">Aida<\/a>\u201d decorada por el maestro Franco Zeffirelli, popular y veraniega, hay que escucharla con la indulgencia de asistir a un espect\u00e1culo en donde las estrellas del cielo abierto y\u00a0la fresca brisa que desciende de los Dolomitas rivalizan con los permitidos flashes y el carrito de los helados en los entreactos. Italia tambi\u00e9n es as\u00ed.<\/p>\n<p>Dicen que Verona es la ciudad del Amor, el mismo que en sus paseadas calles y rom\u00e1nticos balcones se juraron para siempre Romeo y Julieta y yo pude disfrutar tambi\u00e9n en la excelente versi\u00f3n oper\u00edstica de Salzburgo, para constatar una vez m\u00e1s que el verdadero arte s\u00f3lo es eso: Amor vestido de m\u00fasica, pintura, escultura, arquitectura, literatura\u2026 Altas expresiones del talento humano que nos han permitido lograr el milagro de interpretar aquello que siempre ha sido m\u00e1s inefable: el irresistible poder de los sentimientos como motor de nuestras acciones y definidor del sentido de la vida m\u00e1s personal.<\/p>\n<p align=\"center\"><strong><em>\u00a0<\/em><\/strong><\/p>\n<p style=\"text-align: right;\" align=\"center\"><strong><em>Saludos de Antonio J. Alonso<\/em><\/strong><\/p>","protected":false},"excerpt":{"rendered":"<p>Dec\u00eda en mi anterior entrada que cada Agosto siempre tiene fecha de caducidad y el presente, ya la va teniendo. Pronto comenzaremos un nuevo Septiembre con esos a\u00f1orados recuerdos vividos de unos d\u00edas que, en mi caso, han sido intensamente inolvidables. Asistir a los Festivales de M\u00fasica de Salzburgo y Verona y hacerlo viajando en &hellip; <\/p>\n<p class=\"link-more\"><a href=\"https:\/\/www.alonso-businesscoaching.es\/blog\/29-08-2010\/salzburgo-verona-y-el-amor\/\" class=\"more-link\">Continuar leyendo<span class=\"screen-reader-text\"> &#8220;Salzburgo, Verona y el Amor&#8221;<\/span><\/a><\/p>\n","protected":false},"author":2,"featured_media":0,"comment_status":"open","ping_status":"open","sticky":false,"template":"","format":"standard","meta":{"om_disable_all_campaigns":false,"_monsterinsights_skip_tracking":false,"_monsterinsights_sitenote_active":false,"_monsterinsights_sitenote_note":"","_monsterinsights_sitenote_category":0,"_s2mail":"","_uf_show_specific_survey":0,"_uf_disable_surveys":false,"jetpack_post_was_ever_published":false,"_jetpack_newsletter_access":"","_jetpack_dont_email_post_to_subs":false,"_jetpack_newsletter_tier_id":0,"_jetpack_memberships_contains_paywalled_content":false,"_jetpack_memberships_contains_paid_content":false,"footnotes":"","jetpack_publicize_message":"","jetpack_publicize_feature_enabled":true,"jetpack_social_post_already_shared":false,"jetpack_social_options":{"image_generator_settings":{"template":"highway","default_image_id":0,"font":"","enabled":false},"version":2}},"categories":[26],"tags":[44],"class_list":["post-3163","post","type-post","status-publish","format-standard","hentry","category-music-tiones","tag-musica"],"aioseo_notices":[],"jetpack_publicize_connections":[],"jetpack_featured_media_url":"","jetpack_shortlink":"https:\/\/wp.me\/p5YpnT-P1","jetpack_likes_enabled":true,"jetpack-related-posts":[{"id":20778,"url":"https:\/\/www.alonso-businesscoaching.es\/blog\/06-01-2021\/schrott-y-mozart-flotats-y-moliere-vera-y-macbeth-hopkins-y-zeller\/","url_meta":{"origin":3163,"position":0},"title":"Schrott y Mozart, Flotats y Moli\u00e8re, Vera y Shakespeare, Hopkins y Zeller","author":"Antonio J. Alonso Sampedro","date":"06\/01\/2021","format":false,"excerpt":"Las cuatro asociaciones del t\u00edtulo anterior no pretenden ejercer de acertijo embaucador, sino destacar lo principal de lo visto y escuchado estas \u201ccoronavidades\u201d en un Madrid desolador: \u201cDon Giovanni\u201d (Teatro Real), \u201cEl enfermo imaginario\u201d (Teatro de la Comedia), \u201cMacbeth\u201d (Teatro Mar\u00eda Guerrero) y \u201cEl padre\u201d (Cine Embajadores). En el verano\u2026","rel":"","context":"En \u00abMusic-tiones\u00bb","block_context":{"text":"Music-tiones","link":"https:\/\/www.alonso-businesscoaching.es\/blog\/category\/music-tiones\/"},"img":{"alt_text":"","src":"https:\/\/i0.wp.com\/www.alonso-businesscoaching.es\/blog\/wp-content\/uploads\/2021\/01\/El-padre.png?resize=350%2C200&ssl=1","width":350,"height":200},"classes":[]},{"id":9608,"url":"https:\/\/www.alonso-businesscoaching.es\/blog\/19-02-2015\/marath-tiones-151\/","url_meta":{"origin":3163,"position":1},"title":"MARATH-TIONES&#8230; 151","author":"Antonio J. Alonso Sampedro","date":"19\/02\/2015","format":false,"excerpt":"Desde hace m\u00e1s de treinta a\u00f1os, mi afici\u00f3n por la m\u00fasica me lleva ilusionadamente a asistir a conciertos y representaciones de \u00f3pera en Espa\u00f1a y el extranjero (Music-tiones) por lo que, junto con el deporte, sin duda en mi vida se configura como m\u00ed otra gran pasi\u00f3n. Alimentos f\u00edsico y\u2026","rel":"","context":"En \u00abMarath-tiones\/diario\u00bb","block_context":{"text":"Marath-tiones\/diario","link":"https:\/\/www.alonso-businesscoaching.es\/blog\/category\/marath-tiones-diario\/"},"img":{"alt_text":"Logo Marathon-15","src":"https:\/\/i0.wp.com\/www.alonso-businesscoaching.es\/blog\/wp-content\/uploads\/2014\/10\/Logo-Marathon-15-150x150.jpg?resize=350%2C200","width":350,"height":200},"classes":[]},{"id":29407,"url":"https:\/\/www.alonso-businesscoaching.es\/blog\/30-07-2025\/el-50o-festival-de-musica-de-segovia\/","url_meta":{"origin":3163,"position":2},"title":"El 50\u00ba Festival de M\u00fasica de Segovia","author":"Antonio J. Alonso Sampedro","date":"30\/07\/2025","format":false,"excerpt":"Este verano se celebra la 50\u00aa edici\u00f3n del Festival de M\u00fasica de Segovia (MUSEG), que comenz\u00f3 en 1974 llam\u00e1ndose Festival Internacional del Acueducto y al que pude asistir en aquellos primeros a\u00f1os de mi despertar musical. Cinco d\u00e9cadas de un MUSEG que ha conseguido presentar, en sus monumentos m\u00e1s conocidos\u2026","rel":"","context":"En \u00abMusic-tiones\u00bb","block_context":{"text":"Music-tiones","link":"https:\/\/www.alonso-businesscoaching.es\/blog\/category\/music-tiones\/"},"img":{"alt_text":"","src":"https:\/\/i0.wp.com\/www.alonso-businesscoaching.es\/blog\/wp-content\/uploads\/2025\/07\/20250727_214941.jpg?resize=350%2C200&ssl=1","width":350,"height":200,"srcset":"https:\/\/i0.wp.com\/www.alonso-businesscoaching.es\/blog\/wp-content\/uploads\/2025\/07\/20250727_214941.jpg?resize=350%2C200&ssl=1 1x, https:\/\/i0.wp.com\/www.alonso-businesscoaching.es\/blog\/wp-content\/uploads\/2025\/07\/20250727_214941.jpg?resize=525%2C300&ssl=1 1.5x, https:\/\/i0.wp.com\/www.alonso-businesscoaching.es\/blog\/wp-content\/uploads\/2025\/07\/20250727_214941.jpg?resize=700%2C400&ssl=1 2x, https:\/\/i0.wp.com\/www.alonso-businesscoaching.es\/blog\/wp-content\/uploads\/2025\/07\/20250727_214941.jpg?resize=1050%2C600&ssl=1 3x, https:\/\/i0.wp.com\/www.alonso-businesscoaching.es\/blog\/wp-content\/uploads\/2025\/07\/20250727_214941.jpg?resize=1400%2C800&ssl=1 4x"},"classes":[]},{"id":18771,"url":"https:\/\/www.alonso-businesscoaching.es\/blog\/11-01-2020\/valle-inclan-calderon-de-la-barca-y-raffaella-carra\/","url_meta":{"origin":3163,"position":3},"title":"Valle-Incl\u00e1n, Calder\u00f3n de la Barca y Raffaella Carr\u00e0","author":"Antonio J. Alonso Sampedro","date":"11\/01\/2020","format":false,"excerpt":"La costumbre no torna aburrida la vida si lo acostumbrado no es impuesto sino elegido y por tanto disfrutado. As\u00ed me lo planteo en cada visita navide\u00f1a a Madrid, donde la m\u00fasica y las artes esc\u00e9nicas suelen acaparar mi atenci\u00f3n cultural. Pero este a\u00f1o, un despiste personal y una enfermedad\u2026","rel":"","context":"En \u00abMusic-tiones\u00bb","block_context":{"text":"Music-tiones","link":"https:\/\/www.alonso-businesscoaching.es\/blog\/category\/music-tiones\/"},"img":{"alt_text":"","src":"","width":0,"height":0},"classes":[]},{"id":24122,"url":"https:\/\/www.alonso-businesscoaching.es\/blog\/03-03-2023\/los-mitos-de-don-giovanni-sokolov-y-forman\/","url_meta":{"origin":3163,"position":4},"title":"Los mitos de &#8220;Don Giovanni&#8221;, Sokolov y Forman","author":"Antonio J. Alonso Sampedro","date":"03\/03\/2023","format":false,"excerpt":"Desde que, siendo veintea\u00f1ero, vi \u201cAmadeus\u201d (M. Forman-1984), sigo pregunt\u00e1ndome si alguien capaz de componer la m\u00fasica m\u00e1s celestial que nunca se haya creado pod\u00eda ser un infantocretino de calibre sideral. Mucho me temo que la imagen que nos dej\u00f3 impresa Ton Hulce del genio salzburgu\u00e9s nos acompa\u00f1ar\u00e1 toda la\u2026","rel":"","context":"En \u00abMusic-tiones\u00bb","block_context":{"text":"Music-tiones","link":"https:\/\/www.alonso-businesscoaching.es\/blog\/category\/music-tiones\/"},"img":{"alt_text":"","src":"https:\/\/i0.wp.com\/www.alonso-businesscoaching.es\/blog\/wp-content\/uploads\/2023\/03\/20230302_193200-scaled.jpg?resize=350%2C200&ssl=1","width":350,"height":200,"srcset":"https:\/\/i0.wp.com\/www.alonso-businesscoaching.es\/blog\/wp-content\/uploads\/2023\/03\/20230302_193200-scaled.jpg?resize=350%2C200&ssl=1 1x, https:\/\/i0.wp.com\/www.alonso-businesscoaching.es\/blog\/wp-content\/uploads\/2023\/03\/20230302_193200-scaled.jpg?resize=525%2C300&ssl=1 1.5x, https:\/\/i0.wp.com\/www.alonso-businesscoaching.es\/blog\/wp-content\/uploads\/2023\/03\/20230302_193200-scaled.jpg?resize=700%2C400&ssl=1 2x, https:\/\/i0.wp.com\/www.alonso-businesscoaching.es\/blog\/wp-content\/uploads\/2023\/03\/20230302_193200-scaled.jpg?resize=1050%2C600&ssl=1 3x, https:\/\/i0.wp.com\/www.alonso-businesscoaching.es\/blog\/wp-content\/uploads\/2023\/03\/20230302_193200-scaled.jpg?resize=1400%2C800&ssl=1 4x"},"classes":[]},{"id":2710,"url":"https:\/\/www.alonso-businesscoaching.es\/blog\/17-06-2012\/el-san-carlo-entre-la-opera-y-el-futbol\/","url_meta":{"origin":3163,"position":5},"title":"El San Carlo, entre la \u00d3pera y el F\u00fatbol","author":"Antonio J. Alonso Sampedro","date":"17\/06\/2012","format":false,"excerpt":"Primavera clara y juvenil la que nos sorprende cada mayo, como si no supi\u00e9ramos de su puntual llegada tras el reciente fr\u00edo e inevitable partida hacia el temido calor. Por ello, este esperado mayo del 2012 me propuse no dejar que otra vez se me fuera y para garant\u00eda de\u2026","rel":"","context":"En \u00abMusic-tiones\u00bb","block_context":{"text":"Music-tiones","link":"https:\/\/www.alonso-businesscoaching.es\/blog\/category\/music-tiones\/"},"img":{"alt_text":"p1010593.JPG","src":"https:\/\/i0.wp.com\/www.alonso-businesscoaching.es\/blog\/wp-content\/uploads\/2012\/06\/p1010593.JPG?resize=350%2C200","width":350,"height":200},"classes":[]}],"jetpack_sharing_enabled":true,"_links":{"self":[{"href":"https:\/\/www.alonso-businesscoaching.es\/blog\/wp-json\/wp\/v2\/posts\/3163","targetHints":{"allow":["GET"]}}],"collection":[{"href":"https:\/\/www.alonso-businesscoaching.es\/blog\/wp-json\/wp\/v2\/posts"}],"about":[{"href":"https:\/\/www.alonso-businesscoaching.es\/blog\/wp-json\/wp\/v2\/types\/post"}],"author":[{"embeddable":true,"href":"https:\/\/www.alonso-businesscoaching.es\/blog\/wp-json\/wp\/v2\/users\/2"}],"replies":[{"embeddable":true,"href":"https:\/\/www.alonso-businesscoaching.es\/blog\/wp-json\/wp\/v2\/comments?post=3163"}],"version-history":[{"count":4,"href":"https:\/\/www.alonso-businesscoaching.es\/blog\/wp-json\/wp\/v2\/posts\/3163\/revisions"}],"predecessor-version":[{"id":20777,"href":"https:\/\/www.alonso-businesscoaching.es\/blog\/wp-json\/wp\/v2\/posts\/3163\/revisions\/20777"}],"wp:attachment":[{"href":"https:\/\/www.alonso-businesscoaching.es\/blog\/wp-json\/wp\/v2\/media?parent=3163"}],"wp:term":[{"taxonomy":"category","embeddable":true,"href":"https:\/\/www.alonso-businesscoaching.es\/blog\/wp-json\/wp\/v2\/categories?post=3163"},{"taxonomy":"post_tag","embeddable":true,"href":"https:\/\/www.alonso-businesscoaching.es\/blog\/wp-json\/wp\/v2\/tags?post=3163"}],"curies":[{"name":"wp","href":"https:\/\/api.w.org\/{rel}","templated":true}]}}