{"id":3232,"date":"2009-04-25T10:09:38","date_gmt":"2009-04-25T09:09:38","guid":{"rendered":"http:\/\/www.alonso-businesscoaching.es\/blog\/2009\/04\/25\/el-condicionamiento-metal-y-la-scala-de-milan\/"},"modified":"2024-10-16T10:09:31","modified_gmt":"2024-10-16T08:09:31","slug":"el-condicionamiento-mental-y-la-scala-de-milan","status":"publish","type":"post","link":"https:\/\/www.alonso-businesscoaching.es\/blog\/25-04-2009\/el-condicionamiento-mental-y-la-scala-de-milan\/","title":{"rendered":"El condicionamiento mental y la Scala de Mil\u00e1n"},"content":{"rendered":"<p><a href=\"https:\/\/www.amazon.es\/Tristan-Isolde-D-Barenboim-DVD\/dp\/B001EZ79V8\/ref=tmm_dvd_swatch_0?_encoding=UTF8&amp;qid=&amp;sr=\" target=\"_blank\" rel=\"attachment noopener wp-att-11586 noreferrer\"><img data-recalc-dims=\"1\" loading=\"lazy\" decoding=\"async\" data-attachment-id=\"11586\" data-permalink=\"https:\/\/www.alonso-businesscoaching.es\/blog\/25-04-2009\/el-condicionamiento-mental-y-la-scala-de-milan\/milan-07-2\/\" data-orig-file=\"https:\/\/i0.wp.com\/www.alonso-businesscoaching.es\/blog\/wp-content\/uploads\/2009\/04\/Milan-07-1.jpg?fit=571%2C429&amp;ssl=1\" data-orig-size=\"571,429\" data-comments-opened=\"1\" data-image-meta=\"{&quot;aperture&quot;:&quot;0&quot;,&quot;credit&quot;:&quot;&quot;,&quot;camera&quot;:&quot;&quot;,&quot;caption&quot;:&quot;&quot;,&quot;created_timestamp&quot;:&quot;0&quot;,&quot;copyright&quot;:&quot;&quot;,&quot;focal_length&quot;:&quot;0&quot;,&quot;iso&quot;:&quot;0&quot;,&quot;shutter_speed&quot;:&quot;0&quot;,&quot;title&quot;:&quot;&quot;,&quot;orientation&quot;:&quot;0&quot;}\" data-image-title=\"Milan-07\" data-image-description=\"\" data-image-caption=\"\" data-large-file=\"https:\/\/i0.wp.com\/www.alonso-businesscoaching.es\/blog\/wp-content\/uploads\/2009\/04\/Milan-07-1.jpg?fit=525%2C394&amp;ssl=1\" class=\"aligncenter wp-image-11586\" src=\"https:\/\/i0.wp.com\/www.alonso-businesscoaching.es\/blog\/wp-content\/uploads\/2009\/04\/Milan-07-1.jpg?resize=442%2C332\" alt=\"Milan-07\" width=\"442\" height=\"332\" srcset=\"https:\/\/i0.wp.com\/www.alonso-businesscoaching.es\/blog\/wp-content\/uploads\/2009\/04\/Milan-07-1.jpg?w=571&amp;ssl=1 571w, https:\/\/i0.wp.com\/www.alonso-businesscoaching.es\/blog\/wp-content\/uploads\/2009\/04\/Milan-07-1.jpg?resize=300%2C225&amp;ssl=1 300w\" sizes=\"auto, (max-width: 442px) 100vw, 442px\" \/><\/a><\/p>\n<p>Navidades del 2007 y toda mi ilusi\u00f3n mel\u00f3mana y motociclista volcada en el viaje que, en mi BMW R 1200 R, me llevar\u00eda a presenciar la apertura de la temporada de la Scala de Mil\u00e1n, con la flam\u00edgera y pasional <a href=\"https:\/\/www.youtube.com\/watch?v=oOGs8TtnwoI\" target=\"_blank\" rel=\"noopener noreferrer\"><em>Trist\u00e1n e Isolda,<\/em> dirigida por Daniel Baremboin y cantada por Waltaud Meier<\/a>, la mejor Isolda que en esos momentos se pod\u00eda so\u00f1ar.<\/p>\n<p>Toda planificaci\u00f3n siempre es poca, en especial cuando se viaja en moto solo y en invierno, por lo que me afan\u00e9 con la minuciosidad de un relojero para preservar cualquier tipo de contingencia que hiciese peligrar la audici\u00f3n de mi venerado y cada vez m\u00e1s cercano Wagner en el templo de la \u00d3pera mundial.<\/p>\n<p>El 31\/12\/07, de camino hacia Mil\u00e1n y en una de las paradas de repostaje (en Arl\u00e9s, Francia) perd\u00ed inexplicable y tr\u00e1gicamente las llaves de la moto (que pese a mis desesperados intentos no logr\u00e9 encontrar), quedando inmovilizado en esa misma estaci\u00f3n de servicio, con toda mi ropa en las maletas (la llave es \u00fanica para todas las cerraduras) y lo que es peor, la entrada para la \u00f3pera que hab\u00eda decidido guardar en su interior por seguridad.<\/p>\n<p>En la gasolinera, tras un pol\u00edglota viacrucis telef\u00f3nico de 8 horas, consegu\u00ed al final la asistencia de mi compa\u00f1\u00eda de seguros en esa Nochevieja de servicios m\u00ednimos y tom\u00e9 la decisi\u00f3n de proseguir mi viaje hasta Mil\u00e1n en transportes p\u00fablicos, dejando la moto en un garaje de la poblaci\u00f3n para recogerla a mi vuelta con la llave de repuesto que me enviasen desde Valencia por transporte regular.<\/p>\n<p>Una vez en Mil\u00e1n, no existi\u00f3 reto mayor que hasta entonces en la vida se me hubiera podido presentar: acceder a la Scala, sin la entrada correspondiente y ataviado con un llamativo y poco apropiado a la situaci\u00f3n traje de motorista, cuando oficialmente all\u00ed se exige rigurosa etiqueta para entrar.<\/p>\n<p>No descubrir\u00e9 nada especial si afirmo que en estos casos siempre hay algo que nos suele frenar el impulso de avance hacia el objetivo propuesto y se llama <em>Condicionamiento Mental.<\/em> Eso que nos induce a no intentar algo no conseguido en el pasado o cuya extrema dificultad presupone el fracaso anticipado del esfuerzo a realizar. No obstante, quiz\u00e1s sea mi pasi\u00f3n intestinal por la l\u00edrica o mi car\u00e1cter forjado en los m\u00e1s exigentes retos deportivos, lo que me arm\u00f3 de una fuerza y valor singular que pudo con aquello que la raz\u00f3n me aconsejaba como imposible y me invitaba a abandonar.<\/p>\n<p>La ma\u00f1ana del d\u00eda de la representaci\u00f3n la dediqu\u00e9 a porfiar enconadamente con el circunspecto administrativo de las taquillas de la Scala, al objeto de convencerle de que esa noche una butaca se quedar\u00eda vac\u00eda si yo no la ocupaba (recordaba la ubicaci\u00f3n de mi localidad), por m\u00e1s que la ausencia del tique de entrada me lo impidiese demostrar. Tras m\u00e1s de una hora encabezando una cola que por mi causa no hac\u00eda sino aumentar y desplegando todo mi mejor repertorio de argumentaciones y solicitudes piadosas de clemencia, algo sobrenatural me vino a ayudar: una mano an\u00f3nima del interior de las oficinas firm\u00f3 un <em>salvoconducto<\/em> (no es broma, pues parec\u00eda un legajo medieval con lacre incluido) que presuntamente me franquear\u00eda el acceso al teatro sin m\u00e1s.<\/p>\n<p>As\u00ed las cosas, faltaba por superar el segundo <em>Tourmalet<\/em> de la jornada: entrar vestido de <em>Valentino\u2026 Rossi<\/em> en la catedral de la \u00f3pera mundial. Sin tiempo suficiente para improvisar un traje de chaqueta m\u00ednimamente presentable, con su camisa, corbata y zapatos, me arm\u00e9 de valor para afrontar los controles de entrada, que all\u00ed custodian los Carabinieri, con la decisi\u00f3n de quien quiere y cree que puede llegarlo a lograr.<\/p>\n<p>Me plante\u00e9 una estrategia que minimizase el impacto visual de mi atuendo y para ello consider\u00e9 que era mejor intentar entrar de los \u00faltimos, justo cuando la representaci\u00f3n estuviera pr\u00f3xima a comenzar. De esta manera ser\u00eda m\u00e1s f\u00e1cil confundirme entre los rezagados, en ese sprint final que todos los conserjes est\u00e1n obligados a facilitar antes de que las puertas se deban cerrar.<\/p>\n<p>Eran las 18:28 h (la \u00f3pera comenzaba a la media) y cruzando la plaza de la Scala me dirig\u00ed hacia la puerta, siendo reconocido al instante por los Carabinieri, quienes se aprestaron a darme el alto con la intenci\u00f3n de no dejarme entrar. Yo, con la cabeza baja, cual ib\u00e9rico toro nacional y amparado entre el resto de espectadores <em>en retard<\/em>, logr\u00e9 atravesar el umbral, aunque no pasar inadvertido, pues tres acomodadores me rodearon al instante, pidiendo en un italiano atropellado y gesticulante explicaci\u00f3n sobre las intenciones de una sospechosa irrupci\u00f3n tan anormal. A ello respond\u00ed con la \u00fanica alternativa que me quedaba: el salvoconducto. Y con \u00e9l, me transform\u00e9 en majestad.<\/p>\n<p>Desconozco el autor de la firma de aquel documento, pues al momento de su lectura todo el mundo de mi alrededor se cuadr\u00f3 ante m\u00ed, al igual que si se tratase de un ministro principal, siendo acompa\u00f1ado (genuflexiones japonesas incluidas) a mi localidad en el patio de butacas para com\u00fan asombro y cr\u00edtica de toda la elegante concurrencia que ya permanec\u00eda en silencio, atenta a la espera del comienzo de la representaci\u00f3n y que no pod\u00eda anticipar, por supuesto, la incursi\u00f3n de tan reflectante espectador taconeando como un bailar\u00edn del flamenco m\u00e1s racial.<\/p>\n<p>Sin duda, algo especial tuvo que tener esta producci\u00f3n, pues Barenboim dirigi\u00f3 otra funci\u00f3n descalzo, al romp\u00e9rsele uno de sus zapatos de charol y quitarse el otro buscando el necesario equilibrio plantar.<\/p>\n<p>Luchar contra mi <em>Condicionamiento Mental<\/em> me permiti\u00f3 asistir a una de esas hist\u00f3ricas representaciones de \u00f3pera que siempre llevar\u00e9 en mi selecto y querido \u00e1lbum de recuerdos musicales y al <em>Teatro alla Scala<\/em> recibir, en sus 130 a\u00f1os de historia ejemplar, al \u00fanico espectador vestido de aguerrido y muy wagneriano motorista espa\u00f1ol que por un d\u00eda quiso ser Trist\u00e1n\u2026<\/p>\n<p style=\"text-align: right;\" align=\"center\"><strong><em>Saludos de Antonio J. Alonso Sampedro<\/em><\/strong><\/p>\n","protected":false},"excerpt":{"rendered":"<p>Navidades del 2007 y toda mi ilusi\u00f3n mel\u00f3mana y motociclista volcada en el viaje que, en mi BMW R 1200 R, me llevar\u00eda a presenciar la apertura de la temporada de la Scala de Mil\u00e1n, con la flam\u00edgera y pasional Trist\u00e1n e Isolda, dirigida por Daniel Baremboin y cantada por Waltaud Meier, la mejor Isolda &hellip; <\/p>\n<p class=\"link-more\"><a href=\"https:\/\/www.alonso-businesscoaching.es\/blog\/25-04-2009\/el-condicionamiento-mental-y-la-scala-de-milan\/\" class=\"more-link\">Continuar leyendo<span class=\"screen-reader-text\"> &#8220;El condicionamiento mental y la Scala de Mil\u00e1n&#8221;<\/span><\/a><\/p>\n","protected":false},"author":2,"featured_media":0,"comment_status":"open","ping_status":"open","sticky":false,"template":"","format":"standard","meta":{"om_disable_all_campaigns":false,"_monsterinsights_skip_tracking":false,"_monsterinsights_sitenote_active":false,"_monsterinsights_sitenote_note":"","_monsterinsights_sitenote_category":0,"_s2mail":"yes","_uf_show_specific_survey":0,"_uf_disable_surveys":false,"jetpack_post_was_ever_published":false,"_jetpack_newsletter_access":"","_jetpack_dont_email_post_to_subs":true,"_jetpack_newsletter_tier_id":0,"_jetpack_memberships_contains_paywalled_content":false,"_jetpack_memberships_contains_paid_content":false,"footnotes":"","jetpack_publicize_message":"","jetpack_publicize_feature_enabled":true,"jetpack_social_post_already_shared":false,"jetpack_social_options":{"image_generator_settings":{"template":"highway","default_image_id":0,"font":"","enabled":false},"version":2}},"categories":[26],"tags":[44],"class_list":["post-3232","post","type-post","status-publish","format-standard","hentry","category-music-tiones","tag-musica"],"aioseo_notices":[],"jetpack_publicize_connections":[],"jetpack_featured_media_url":"","jetpack_shortlink":"https:\/\/wp.me\/p5YpnT-Q8","jetpack_likes_enabled":true,"jetpack-related-posts":[{"id":24376,"url":"https:\/\/www.alonso-businesscoaching.es\/blog\/21-04-2023\/isolda-y-el-acorde-de-tristan\/","url_meta":{"origin":3232,"position":0},"title":"Isolda y el acorde de Trist\u00e1n","author":"Antonio J. Alonso Sampedro","date":"21\/04\/2023","format":false,"excerpt":"Comenzar con una declaraci\u00f3n de intenciones, en cualquier orden de la vida, es lo m\u00e1s honesto que hay porque, al tiempo que no se enga\u00f1a, aflora una voluntad de anticipar lo que se pretende contar. As\u00ed, solo el principio de la 5\u00aa Sinfon\u00eda de Beethoven, con su llamada del destino,\u2026","rel":"","context":"En \u00abMusic-tiones\u00bb","block_context":{"text":"Music-tiones","link":"https:\/\/www.alonso-businesscoaching.es\/blog\/category\/music-tiones\/"},"img":{"alt_text":"","src":"https:\/\/i0.wp.com\/www.alonso-businesscoaching.es\/blog\/wp-content\/uploads\/2023\/04\/Tristan-e-Isolda.jpg?resize=350%2C200&ssl=1","width":350,"height":200},"classes":[]},{"id":3210,"url":"https:\/\/www.alonso-businesscoaching.es\/blog\/20-09-2009\/el-sobrecogedor-final-de-tristan-e-isolda\/","url_meta":{"origin":3232,"position":1},"title":"\u00a1El sobrecogedor final de &#8220;Trist\u00e1n e Isolda&#8221;!","author":"Antonio J. Alonso Sampedro","date":"20\/09\/2009","format":false,"excerpt":"De nuevo la \u00d3pera protagoniza una de mis entradas a este Blog y en este caso las may\u00fasculas empleadas son poco reconocimiento a una de las cimas del arte universal: \u201cTrist\u00e1n e Isolda\u201d de Richard Wagner, estrenada en Munich el 1 de junio de 1865, es la apoteosis convulsa del\u2026","rel":"","context":"En \u00abMusic-tiones\u00bb","block_context":{"text":"Music-tiones","link":"https:\/\/www.alonso-businesscoaching.es\/blog\/category\/music-tiones\/"},"img":{"alt_text":"","src":"","width":0,"height":0},"classes":[]},{"id":20003,"url":"https:\/\/www.alonso-businesscoaching.es\/blog\/08-07-2020\/mi-recomendacion-musical-de-los-palaus\/","url_meta":{"origin":3232,"position":2},"title":"Mi recomendaci\u00f3n musical de los Palaus&#8230;","author":"Antonio J. Alonso Sampedro","date":"08\/07\/2020","format":false,"excerpt":"Vaya por delante que cualquier concierto u \u00f3pera, por muy santificados que sus intervinientes (obras, compositores, instrumentistas, cantantes, directores, escen\u00f3grafos, etc.) puedan estar, siempre ser\u00e1n susceptibles de no corresponder a las expectativas generadas, pues esa es la magia del arte musical, que otorga al azar la potestad de reinar. No\u2026","rel":"","context":"En \u00abMusic-tiones\u00bb","block_context":{"text":"Music-tiones","link":"https:\/\/www.alonso-businesscoaching.es\/blog\/category\/music-tiones\/"},"img":{"alt_text":"","src":"https:\/\/i0.wp.com\/www.alonso-businesscoaching.es\/blog\/wp-content\/uploads\/2020\/07\/Temporada-2020-21-Palau-de-la-M%C3%BAsica.png?resize=350%2C200&ssl=1","width":350,"height":200,"srcset":"https:\/\/i0.wp.com\/www.alonso-businesscoaching.es\/blog\/wp-content\/uploads\/2020\/07\/Temporada-2020-21-Palau-de-la-M%C3%BAsica.png?resize=350%2C200&ssl=1 1x, https:\/\/i0.wp.com\/www.alonso-businesscoaching.es\/blog\/wp-content\/uploads\/2020\/07\/Temporada-2020-21-Palau-de-la-M%C3%BAsica.png?resize=525%2C300&ssl=1 1.5x, https:\/\/i0.wp.com\/www.alonso-businesscoaching.es\/blog\/wp-content\/uploads\/2020\/07\/Temporada-2020-21-Palau-de-la-M%C3%BAsica.png?resize=700%2C400&ssl=1 2x"},"classes":[]},{"id":29530,"url":"https:\/\/www.alonso-businesscoaching.es\/blog\/05-10-2025\/quisiera-ser-un-fausto-de-la-actualidad-62\/","url_meta":{"origin":3232,"position":3},"title":"Quisiera ser un &#8220;Fausto&#8221; de la actualidad&#8230; [6,2]","author":"Antonio J. Alonso Sampedro","date":"05\/10\/2025","format":false,"excerpt":"A mis 64 a\u00f1os reci\u00e9n cumplidos y a pesar de encontrarme en un \u00f3ptimo estado f\u00edsico para mi edad, vender\u00eda mi alma al diablo para volver a disfrutar de aquella lejana juventud que desbordaba el\u00e9ctrica energ\u00eda y esperanzada positividad. Digo... \u201cvender\u00eda mi alma al diablo\u201d porque, al no ser creyente,\u2026","rel":"","context":"En \u00abMusic-tiones\u00bb","block_context":{"text":"Music-tiones","link":"https:\/\/www.alonso-businesscoaching.es\/blog\/category\/music-tiones\/"},"img":{"alt_text":"","src":"https:\/\/i0.wp.com\/www.alonso-businesscoaching.es\/blog\/wp-content\/uploads\/2025\/10\/Folleto-Fausto-reducida.jpg?resize=350%2C200&ssl=1","width":350,"height":200,"srcset":"https:\/\/i0.wp.com\/www.alonso-businesscoaching.es\/blog\/wp-content\/uploads\/2025\/10\/Folleto-Fausto-reducida.jpg?resize=350%2C200&ssl=1 1x, https:\/\/i0.wp.com\/www.alonso-businesscoaching.es\/blog\/wp-content\/uploads\/2025\/10\/Folleto-Fausto-reducida.jpg?resize=525%2C300&ssl=1 1.5x, https:\/\/i0.wp.com\/www.alonso-businesscoaching.es\/blog\/wp-content\/uploads\/2025\/10\/Folleto-Fausto-reducida.jpg?resize=700%2C400&ssl=1 2x"},"classes":[]},{"id":20485,"url":"https:\/\/www.alonso-businesscoaching.es\/blog\/17-11-2020\/el-mejor-beso-la-mejor-pelicula-y-el-mejor-director\/","url_meta":{"origin":3232,"position":4},"title":"El mejor beso, la mejor pel\u00edcula, la mejor m\u00fasica y el mejor director","author":"Antonio J. Alonso Sampedro","date":"17\/11\/2020","format":false,"excerpt":"En dos martes consecutivos La 2, en su programa \u201cD\u00edas de cine cl\u00e1sico\u201d, nos regala el mejor beso que jam\u00e1s se film\u00f3 y la mejor pel\u00edcula de cuantas este arte concibi\u00f3. Ambos \"n\u00famero uno\" debidos al mismo autor: Alfred Hitchcock, a su vez el mejor director de todos los que\u2026","rel":"","context":"En \u00abMusic-tiones\u00bb","block_context":{"text":"Music-tiones","link":"https:\/\/www.alonso-businesscoaching.es\/blog\/category\/music-tiones\/"},"img":{"alt_text":"","src":"https:\/\/i0.wp.com\/www.alonso-businesscoaching.es\/blog\/wp-content\/uploads\/2020\/11\/Alfred-Hitchcock.png?resize=350%2C200&ssl=1","width":350,"height":200,"srcset":"https:\/\/i0.wp.com\/www.alonso-businesscoaching.es\/blog\/wp-content\/uploads\/2020\/11\/Alfred-Hitchcock.png?resize=350%2C200&ssl=1 1x, https:\/\/i0.wp.com\/www.alonso-businesscoaching.es\/blog\/wp-content\/uploads\/2020\/11\/Alfred-Hitchcock.png?resize=525%2C300&ssl=1 1.5x, https:\/\/i0.wp.com\/www.alonso-businesscoaching.es\/blog\/wp-content\/uploads\/2020\/11\/Alfred-Hitchcock.png?resize=700%2C400&ssl=1 2x, https:\/\/i0.wp.com\/www.alonso-businesscoaching.es\/blog\/wp-content\/uploads\/2020\/11\/Alfred-Hitchcock.png?resize=1050%2C600&ssl=1 3x, https:\/\/i0.wp.com\/www.alonso-businesscoaching.es\/blog\/wp-content\/uploads\/2020\/11\/Alfred-Hitchcock.png?resize=1400%2C800&ssl=1 4x"},"classes":[]},{"id":28124,"url":"https:\/\/www.alonso-businesscoaching.es\/blog\/24-01-2025\/dialogos-de-carmelitas-viva-la-honestidad-la-sencillez-y-la-personalidad-88\/","url_meta":{"origin":3232,"position":5},"title":"&#8220;Di\u00e1logos de carmelitas&#8221;: \u00a1Viva la honestidad, la sencillez y la personalidad! [8,8]","author":"Antonio J. Alonso Sampedro","date":"24\/01\/2025","format":false,"excerpt":"\u201cUstedes deben perdonarlas, mis monjas solo pueden cantar m\u00fasica tonal\u201d. As\u00ed, con esa fina iron\u00eda de quien se declaraba confeso cat\u00f3lico y daba la espalda a la expresionista Segunda Escuela de Viena para mirar atr\u00e1s (Debussy en particular), justificaba Francis Poulenc su escritura modal (si bien original) para \u201cDi\u00e1logos de\u2026","rel":"","context":"En \u00abMusic-tiones\u00bb","block_context":{"text":"Music-tiones","link":"https:\/\/www.alonso-businesscoaching.es\/blog\/category\/music-tiones\/"},"img":{"alt_text":"","src":"https:\/\/i0.wp.com\/www.alonso-businesscoaching.es\/blog\/wp-content\/uploads\/2025\/01\/Dialogos-de-carmelitas-elenco-reducida.jpg?resize=350%2C200&ssl=1","width":350,"height":200,"srcset":"https:\/\/i0.wp.com\/www.alonso-businesscoaching.es\/blog\/wp-content\/uploads\/2025\/01\/Dialogos-de-carmelitas-elenco-reducida.jpg?resize=350%2C200&ssl=1 1x, https:\/\/i0.wp.com\/www.alonso-businesscoaching.es\/blog\/wp-content\/uploads\/2025\/01\/Dialogos-de-carmelitas-elenco-reducida.jpg?resize=525%2C300&ssl=1 1.5x, https:\/\/i0.wp.com\/www.alonso-businesscoaching.es\/blog\/wp-content\/uploads\/2025\/01\/Dialogos-de-carmelitas-elenco-reducida.jpg?resize=700%2C400&ssl=1 2x, https:\/\/i0.wp.com\/www.alonso-businesscoaching.es\/blog\/wp-content\/uploads\/2025\/01\/Dialogos-de-carmelitas-elenco-reducida.jpg?resize=1050%2C600&ssl=1 3x"},"classes":[]}],"jetpack_sharing_enabled":true,"_links":{"self":[{"href":"https:\/\/www.alonso-businesscoaching.es\/blog\/wp-json\/wp\/v2\/posts\/3232","targetHints":{"allow":["GET"]}}],"collection":[{"href":"https:\/\/www.alonso-businesscoaching.es\/blog\/wp-json\/wp\/v2\/posts"}],"about":[{"href":"https:\/\/www.alonso-businesscoaching.es\/blog\/wp-json\/wp\/v2\/types\/post"}],"author":[{"embeddable":true,"href":"https:\/\/www.alonso-businesscoaching.es\/blog\/wp-json\/wp\/v2\/users\/2"}],"replies":[{"embeddable":true,"href":"https:\/\/www.alonso-businesscoaching.es\/blog\/wp-json\/wp\/v2\/comments?post=3232"}],"version-history":[{"count":22,"href":"https:\/\/www.alonso-businesscoaching.es\/blog\/wp-json\/wp\/v2\/posts\/3232\/revisions"}],"predecessor-version":[{"id":27464,"href":"https:\/\/www.alonso-businesscoaching.es\/blog\/wp-json\/wp\/v2\/posts\/3232\/revisions\/27464"}],"wp:attachment":[{"href":"https:\/\/www.alonso-businesscoaching.es\/blog\/wp-json\/wp\/v2\/media?parent=3232"}],"wp:term":[{"taxonomy":"category","embeddable":true,"href":"https:\/\/www.alonso-businesscoaching.es\/blog\/wp-json\/wp\/v2\/categories?post=3232"},{"taxonomy":"post_tag","embeddable":true,"href":"https:\/\/www.alonso-businesscoaching.es\/blog\/wp-json\/wp\/v2\/tags?post=3232"}],"curies":[{"name":"wp","href":"https:\/\/api.w.org\/{rel}","templated":true}]}}