{"id":3269,"date":"2013-01-18T23:00:16","date_gmt":"2013-01-18T22:00:16","guid":{"rendered":"http:\/\/www.alonso-businesscoaching.es\/blog\/2013\/01\/19\/no-hay-independencia-sin-soledad\/"},"modified":"2019-04-08T20:20:33","modified_gmt":"2019-04-08T18:20:33","slug":"no-hay-independencia-sin-soledad","status":"publish","type":"post","link":"https:\/\/www.alonso-businesscoaching.es\/blog\/18-01-2013\/no-hay-independencia-sin-soledad\/","title":{"rendered":"No hay independencia sin soledad"},"content":{"rendered":"<p style=\"text-align: center;\"><a title=\"lobo-solitario.jpg\" href=\"http:\/\/www.ivoox.com\/la-independencia-es-privilegio-o-conlleva-soledad-audios-mp3_rf_280226_1.html\" target=\"_blank\" rel=\"noopener noreferrer\"><img data-recalc-dims=\"1\" loading=\"lazy\" decoding=\"async\" class=\"aligncenter\" style=\"border: 0px currentColor;\" title=\"lobo-solitario.jpg\" src=\"https:\/\/i0.wp.com\/www.alonso-businesscoaching.es\/blog\/wp-content\/uploads\/2013\/01\/lobo-solitario.jpg?resize=427%2C337\" alt=\"lobo-solitario.jpg\" width=\"427\" height=\"337\" align=\"top\" border=\"0\" \/><\/a><\/p>\n<p>Nunca he conocido a nadie que, inmerso en un frenes\u00ed relacional, sea plenamente independiente en sus manifestaciones vitales. Por contra, en ocasiones me he cruzado con personajes cuyo singular anonimato social estaba a la altura de una gran coherencia con sus principios y valores, demostrada por su libertad de criterio al tenerse que expresar. A partir de aqu\u00ed y como siempre, seguro que abundar\u00e1n tantas excepciones como casi lectores de este art\u00edculo se puedan dar.<\/p>\n<p>Independencia y soledad son dos atributos del ser humano que se autoalimentan biun\u00edvocamente de manera que cuanto m\u00e1s tenemos de una as\u00ed tambi\u00e9n m\u00e1s de la otra y viceversa. Adem\u00e1s es cierto que si bien la primera es buscada por todos, la segunda no y por razones que tienen mucho que ver con el signo actual de los tiempos, tan proclive a la inflaci\u00f3n <em>red-acional<\/em>.<\/p>\n<p>En cualquiera de las m\u00e1s comunes e hist\u00f3ricamente asentadas manifestaciones de comportamiento vital como lo puedan ser el matrimonio, los hijos, el trabajo, las amistades, las aficiones, etc., rigen las leyes de lo grupal que determinan reglas para el necesario entendimiento mutuo. As\u00ed pues, al pertenecer a colectivos estamos obligados a aceptar marcos de actuaci\u00f3n predeterminada que evidentemente vienen a condicionar nuestro actuar.<\/p>\n<p>Por supuesto esto debe ser as\u00ed pues lo contrario apuntar\u00eda a la anarqu\u00eda, cuyo \u00e9xito nunca ha sido probado por m\u00e1s intentos que se hayan podido realizar. No obstante y con todo, las reglas de comportamiento social pueden ejercer de elementos limitantes para muchos que, por el inter\u00e9s o la necesidad de pertenecer a un determinado grupo o estamento, est\u00e1n dispuestos a abdicar de su ideario personal. Y es aqu\u00ed en donde surge la cuesti\u00f3n capital: \u00bfvivir intensamente en sociedad, tanto profesional como personalmente, es incompatible con la independencia de criterio al hablar?<\/p>\n<p>Yo creo que s\u00ed, aunque soy consciente de que ser\u00eda m\u00e1s pol\u00edticamente correcto (o\u00a0<em>g\u00fcay)\u00a0<\/em>decir que no (lo cual, evidentemente, a mi independencia vendr\u00eda a traicionar).<\/p>\n<p>Uno de los ejemplos m\u00e1s representativos de lo anteriormente mencionado es el de la pol\u00edtica, en donde los profesionales del gremio, debiendo, no ejercen su derecho a libremente opinar, sometidos a la disciplina de partido que les exige unidad. Un caso contrario ser\u00eda el del ej\u00e9rcito, cuya naturaleza misma no contempla la independencia en sus miembros por evidentes razones de eficacia en su operatividad. Entre ambos modelos se pueden reunir todos los dem\u00e1s, en algunos de los cuales participamos con desigual defensa de nuestra individualidad.<\/p>\n<p>Personalmente debo definirme como un gran partidario de la independencia, pues es lo \u00fanico que garantiza la protecci\u00f3n de mi singularidad como persona frente a la influencia mimetizante de la colectividad. Lucho por tener palabra y poderla expresar con libertad. Libertad que soy consciente no es gratuita pues me impone un necesario pago en forma de aceptada y para m\u00ed\u00a0<a href=\"http:\/\/www.youtube.com\/watch?v=R0WbDTusbhk\" target=\"_blank\" rel=\"noopener noreferrer\">compa\u00f1era soledad<\/a>, que abono prestamente con la ilusi\u00f3n de quien asume un posible menor mal por la obtenci\u00f3n de un seguro mayor bien, eso si, seg\u00fan mi forma de pensar \u2026<\/p>\n<p style=\"margin: 0cm 0cm 10pt; text-align: right;\" align=\"center\"><em><strong>Saludos de Antonio J. Alonso Sampedro<\/strong><\/em><\/p>\n","protected":false},"excerpt":{"rendered":"<p>Nunca he conocido a nadie que, inmerso en un frenes\u00ed relacional, sea plenamente independiente en sus manifestaciones vitales. Por contra, en ocasiones me he cruzado con personajes cuyo singular anonimato social estaba a la altura de una gran coherencia con sus principios y valores, demostrada por su libertad de criterio al tenerse que expresar. A &hellip; <\/p>\n<p class=\"link-more\"><a href=\"https:\/\/www.alonso-businesscoaching.es\/blog\/18-01-2013\/no-hay-independencia-sin-soledad\/\" class=\"more-link\">Continuar leyendo<span class=\"screen-reader-text\"> &#8220;No hay independencia sin soledad&#8221;<\/span><\/a><\/p>\n","protected":false},"author":2,"featured_media":0,"comment_status":"open","ping_status":"open","sticky":false,"template":"","format":"standard","meta":{"om_disable_all_campaigns":false,"_monsterinsights_skip_tracking":false,"_monsterinsights_sitenote_active":false,"_monsterinsights_sitenote_note":"","_monsterinsights_sitenote_category":0,"_s2mail":"","_uf_show_specific_survey":0,"_uf_disable_surveys":false,"jetpack_post_was_ever_published":false,"_jetpack_newsletter_access":"","_jetpack_dont_email_post_to_subs":false,"_jetpack_newsletter_tier_id":0,"_jetpack_memberships_contains_paywalled_content":false,"_jetpack_memberships_contains_paid_content":false,"footnotes":"","jetpack_publicize_message":"","jetpack_publicize_feature_enabled":true,"jetpack_social_post_already_shared":false,"jetpack_social_options":{"image_generator_settings":{"template":"highway","default_image_id":0,"font":"","enabled":false},"version":2}},"categories":[25],"tags":[63],"class_list":["post-3269","post","type-post","status-publish","format-standard","hentry","category-coach-tiones","tag-soledad"],"aioseo_notices":[],"jetpack_publicize_connections":[],"jetpack_featured_media_url":"","jetpack_shortlink":"https:\/\/wp.me\/p5YpnT-QJ","jetpack_likes_enabled":true,"jetpack-related-posts":[{"id":6976,"url":"https:\/\/www.alonso-businesscoaching.es\/blog\/01-03-2014\/a-solas-con-la-soledad-2\/","url_meta":{"origin":3269,"position":0},"title":"A solas con la soledad","author":"Antonio J. Alonso Sampedro","date":"01\/03\/2014","format":false,"excerpt":"Para m\u00ed, el mundo se divide entre quienes al entrar en casa buscan conversar y aquellos que prefieren el silencio. Unos necesitan la sociabilidad y otros la soledad. Ambas elecciones son v\u00e1lidas y l\u00edcitas por igual pues a nadie hacen mal, excepto a uno mismo cuando lo acontecido se aleja\u2026","rel":"","context":"En \u00abCoach-tiones\u00bb","block_context":{"text":"Coach-tiones","link":"https:\/\/www.alonso-businesscoaching.es\/blog\/category\/coach-tiones\/"},"img":{"alt_text":"Georges Moustaki","src":"https:\/\/i0.wp.com\/www.alonso-businesscoaching.es\/blog\/wp-content\/uploads\/2014\/03\/Georges-Moustaki.jpg?resize=350%2C200&ssl=1","width":350,"height":200,"srcset":"https:\/\/i0.wp.com\/www.alonso-businesscoaching.es\/blog\/wp-content\/uploads\/2014\/03\/Georges-Moustaki.jpg?resize=350%2C200&ssl=1 1x, https:\/\/i0.wp.com\/www.alonso-businesscoaching.es\/blog\/wp-content\/uploads\/2014\/03\/Georges-Moustaki.jpg?resize=525%2C300&ssl=1 1.5x"},"classes":[]},{"id":2802,"url":"https:\/\/www.alonso-businesscoaching.es\/blog\/18-03-2012\/re-flexiones-261\/","url_meta":{"origin":3269,"position":1},"title":"Re-flexiones\u2026 261","author":"Antonio J. Alonso Sampedro","date":"18\/03\/2012","format":false,"excerpt":"\u201cEn la soledad no se encuentra m\u00e1s que lo que a la soledad se lleva\u201d Juan Ram\u00f3n Jim\u00e9nez","rel":"","context":"En \u00abRe-flexiones\/generales\u00bb","block_context":{"text":"Re-flexiones\/generales","link":"https:\/\/www.alonso-businesscoaching.es\/blog\/category\/re-flexiones-generales\/"},"img":{"alt_text":"","src":"","width":0,"height":0},"classes":[]},{"id":24402,"url":"https:\/\/www.alonso-businesscoaching.es\/blog\/01-05-2023\/re-flexiones-3-769-guerra\/","url_meta":{"origin":3269,"position":2},"title":"Re-flexiones&#8230; 3.769 (guerra)","author":"Antonio J. Alonso Sampedro","date":"01\/05\/2023","format":false,"excerpt":"\"Para la mayor\u00eda de los hombres la guerra es el fin de la soledad. Para mi es la soledad infinita\" Albert Camus","rel":"","context":"En \u00abRe-flexiones\/tem\u00e1ticas\u00bb","block_context":{"text":"Re-flexiones\/tem\u00e1ticas","link":"https:\/\/www.alonso-businesscoaching.es\/blog\/category\/re-flexiones-tematicas\/"},"img":{"alt_text":"","src":"https:\/\/i0.wp.com\/www.alonso-businesscoaching.es\/blog\/wp-content\/uploads\/2017\/01\/Albert-Camus-150x150.jpg?resize=350%2C200&ssl=1","width":350,"height":200},"classes":[]},{"id":8881,"url":"https:\/\/www.alonso-businesscoaching.es\/blog\/27-11-2014\/marath-tiones-76\/","url_meta":{"origin":3269,"position":3},"title":"MARATH-TIONES&#8230; 76","author":"Antonio J. Alonso Sampedro","date":"27\/11\/2014","format":false,"excerpt":"Desde el comienzo de Marathon-15% fui consciente de que mis posibilidades de \u00e9xito mejorar\u00edan rode\u00e1ndome de un grupo de colaboradores. Muchos ya se han vinculado al proyecto con su ayuda, que aqu\u00ed sinceramente agradezco. Pero aun as\u00ed, la soledad de mis entrenamientos me confirma que finalmente nadie correr\u00e1 por m\u00ed\u2026","rel":"","context":"En \u00abMarath-tiones\/diario\u00bb","block_context":{"text":"Marath-tiones\/diario","link":"https:\/\/www.alonso-businesscoaching.es\/blog\/category\/marath-tiones-diario\/"},"img":{"alt_text":"Logo Marathon-15","src":"https:\/\/i0.wp.com\/www.alonso-businesscoaching.es\/blog\/wp-content\/uploads\/2014\/10\/Logo-Marathon-15-150x150.jpg?resize=350%2C200","width":350,"height":200},"classes":[]},{"id":2624,"url":"https:\/\/www.alonso-businesscoaching.es\/blog\/11-09-2012\/re-flexiones-410\/","url_meta":{"origin":3269,"position":4},"title":"Re-flexiones&#8230; 410","author":"Antonio J. Alonso Sampedro","date":"11\/09\/2012","format":false,"excerpt":"\u201cSi eres orgulloso conviene que ames la soledad\u201c \u00a0 Amado Nervo","rel":"","context":"En \u00abRe-flexiones\/generales\u00bb","block_context":{"text":"Re-flexiones\/generales","link":"https:\/\/www.alonso-businesscoaching.es\/blog\/category\/re-flexiones-generales\/"},"img":{"alt_text":"","src":"","width":0,"height":0},"classes":[]},{"id":3729,"url":"https:\/\/www.alonso-businesscoaching.es\/blog\/25-03-2013\/re-flexiones-554\/","url_meta":{"origin":3269,"position":5},"title":"Re-flexiones&#8230; 554","author":"Antonio J. Alonso Sampedro","date":"25\/03\/2013","format":false,"excerpt":"\"La soledad es patrimonio de la edad adulta\" Mika Waltari","rel":"","context":"En \u00abRe-flexiones\/generales\u00bb","block_context":{"text":"Re-flexiones\/generales","link":"https:\/\/www.alonso-businesscoaching.es\/blog\/category\/re-flexiones-generales\/"},"img":{"alt_text":"Mika Waltari","src":"https:\/\/i0.wp.com\/www.alonso-businesscoaching.es\/blog\/wp-content\/uploads\/2013\/03\/Mika-Waltari-117x150.jpg?resize=350%2C200","width":350,"height":200},"classes":[]}],"jetpack_sharing_enabled":true,"_links":{"self":[{"href":"https:\/\/www.alonso-businesscoaching.es\/blog\/wp-json\/wp\/v2\/posts\/3269","targetHints":{"allow":["GET"]}}],"collection":[{"href":"https:\/\/www.alonso-businesscoaching.es\/blog\/wp-json\/wp\/v2\/posts"}],"about":[{"href":"https:\/\/www.alonso-businesscoaching.es\/blog\/wp-json\/wp\/v2\/types\/post"}],"author":[{"embeddable":true,"href":"https:\/\/www.alonso-businesscoaching.es\/blog\/wp-json\/wp\/v2\/users\/2"}],"replies":[{"embeddable":true,"href":"https:\/\/www.alonso-businesscoaching.es\/blog\/wp-json\/wp\/v2\/comments?post=3269"}],"version-history":[{"count":10,"href":"https:\/\/www.alonso-businesscoaching.es\/blog\/wp-json\/wp\/v2\/posts\/3269\/revisions"}],"predecessor-version":[{"id":17822,"href":"https:\/\/www.alonso-businesscoaching.es\/blog\/wp-json\/wp\/v2\/posts\/3269\/revisions\/17822"}],"wp:attachment":[{"href":"https:\/\/www.alonso-businesscoaching.es\/blog\/wp-json\/wp\/v2\/media?parent=3269"}],"wp:term":[{"taxonomy":"category","embeddable":true,"href":"https:\/\/www.alonso-businesscoaching.es\/blog\/wp-json\/wp\/v2\/categories?post=3269"},{"taxonomy":"post_tag","embeddable":true,"href":"https:\/\/www.alonso-businesscoaching.es\/blog\/wp-json\/wp\/v2\/tags?post=3269"}],"curies":[{"name":"wp","href":"https:\/\/api.w.org\/{rel}","templated":true}]}}