{"id":6160,"date":"2013-11-12T00:00:19","date_gmt":"2013-11-11T23:00:19","guid":{"rendered":"http:\/\/www.alonso-businesscoaching.es\/blog\/?p=6160"},"modified":"2013-10-31T12:17:48","modified_gmt":"2013-10-31T11:17:48","slug":"re-flexiones-758","status":"publish","type":"post","link":"https:\/\/www.alonso-businesscoaching.es\/blog\/12-11-2013\/re-flexiones-758\/","title":{"rendered":"Re-flexiones&#8230; 758"},"content":{"rendered":"<p style=\"text-align: center;\"><em>&#8220;El que no encuentra un bi\u00f3grafo ha de forjarse la vida \u00e9l mismo&#8221;<\/em><\/p>\n<p style=\"text-align: center;\"><a href=\"http:\/\/es.wikipedia.org\/wiki\/Giovannino_Guareschi\" target=\"_blank\"><img data-recalc-dims=\"1\" loading=\"lazy\" decoding=\"async\" data-attachment-id=\"6161\" data-permalink=\"https:\/\/www.alonso-businesscoaching.es\/blog\/12-11-2013\/re-flexiones-758\/giovanni-guareschi\/\" data-orig-file=\"https:\/\/i0.wp.com\/www.alonso-businesscoaching.es\/blog\/wp-content\/uploads\/2013\/10\/Giovanni-Guareschi.jpg?fit=442%2C529&amp;ssl=1\" data-orig-size=\"442,529\" data-comments-opened=\"1\" data-image-meta=\"{&quot;aperture&quot;:&quot;0&quot;,&quot;credit&quot;:&quot;&quot;,&quot;camera&quot;:&quot;&quot;,&quot;caption&quot;:&quot;&quot;,&quot;created_timestamp&quot;:&quot;0&quot;,&quot;copyright&quot;:&quot;&quot;,&quot;focal_length&quot;:&quot;0&quot;,&quot;iso&quot;:&quot;0&quot;,&quot;shutter_speed&quot;:&quot;0&quot;,&quot;title&quot;:&quot;&quot;}\" data-image-title=\"Giovanni Guareschi\" data-image-description=\"\" data-image-caption=\"\" data-large-file=\"https:\/\/i0.wp.com\/www.alonso-businesscoaching.es\/blog\/wp-content\/uploads\/2013\/10\/Giovanni-Guareschi.jpg?fit=442%2C529&amp;ssl=1\" class=\"aligncenter size-thumbnail wp-image-6161\" alt=\"Giovanni Guareschi\" src=\"https:\/\/i0.wp.com\/www.alonso-businesscoaching.es\/blog\/wp-content\/uploads\/2013\/10\/Giovanni-Guareschi-150x150.jpg?resize=150%2C150\" width=\"150\" height=\"150\" srcset=\"https:\/\/i0.wp.com\/www.alonso-businesscoaching.es\/blog\/wp-content\/uploads\/2013\/10\/Giovanni-Guareschi.jpg?resize=150%2C150&amp;ssl=1 150w, https:\/\/i0.wp.com\/www.alonso-businesscoaching.es\/blog\/wp-content\/uploads\/2013\/10\/Giovanni-Guareschi.jpg?resize=59%2C59&amp;ssl=1 59w, https:\/\/i0.wp.com\/www.alonso-businesscoaching.es\/blog\/wp-content\/uploads\/2013\/10\/Giovanni-Guareschi.jpg?zoom=2&amp;resize=150%2C150&amp;ssl=1 300w\" sizes=\"auto, (max-width: 150px) 100vw, 150px\" \/><\/a><\/p>\n<p style=\"text-align: center;\">Giovanni Guareschi<\/p>\n","protected":false},"excerpt":{"rendered":"<p>&#8220;El que no encuentra un bi\u00f3grafo ha de forjarse la vida \u00e9l mismo&#8221; Giovanni Guareschi<\/p>\n","protected":false},"author":2,"featured_media":0,"comment_status":"open","ping_status":"open","sticky":false,"template":"","format":"standard","meta":{"om_disable_all_campaigns":false,"_monsterinsights_skip_tracking":false,"_monsterinsights_sitenote_active":false,"_monsterinsights_sitenote_note":"","_monsterinsights_sitenote_category":0,"_s2mail":"","_uf_show_specific_survey":0,"_uf_disable_surveys":false,"jetpack_post_was_ever_published":false,"_jetpack_newsletter_access":"","_jetpack_dont_email_post_to_subs":false,"_jetpack_newsletter_tier_id":0,"_jetpack_memberships_contains_paywalled_content":false,"_jetpack_memberships_contains_paid_content":false,"footnotes":"","jetpack_publicize_message":"","jetpack_publicize_feature_enabled":true,"jetpack_social_post_already_shared":false,"jetpack_social_options":{"image_generator_settings":{"template":"highway","default_image_id":0,"font":"","enabled":false},"version":2}},"categories":[23],"tags":[],"class_list":["post-6160","post","type-post","status-publish","format-standard","hentry","category-re-flexiones-generales"],"aioseo_notices":[],"jetpack_publicize_connections":[],"jetpack_featured_media_url":"","jetpack_shortlink":"https:\/\/wp.me\/p5YpnT-1Bm","jetpack_likes_enabled":true,"jetpack-related-posts":[{"id":7709,"url":"https:\/\/www.alonso-businesscoaching.es\/blog\/06-07-2014\/re-flexiones-960\/","url_meta":{"origin":6160,"position":0},"title":"Re-flexiones&#8230; 960","author":"Antonio J. Alonso Sampedro","date":"06\/07\/2014","format":false,"excerpt":"\"Hay que darle un sentido a la vida, por el hecho mismo de que carece de sentido\" Henry Miller","rel":"","context":"En \u00abRe-flexiones\/generales\u00bb","block_context":{"text":"Re-flexiones\/generales","link":"https:\/\/www.alonso-businesscoaching.es\/blog\/category\/re-flexiones-generales\/"},"img":{"alt_text":"Henry Miller","src":"https:\/\/i0.wp.com\/www.alonso-businesscoaching.es\/blog\/wp-content\/uploads\/2014\/06\/Henry-Miller-150x150.jpg?resize=350%2C200","width":350,"height":200},"classes":[]},{"id":29783,"url":"https:\/\/www.alonso-businesscoaching.es\/blog\/21-11-2025\/re-flexiones-4-758-vida-2\/","url_meta":{"origin":6160,"position":1},"title":"Re-flexiones&#8230; 4.758 (vida)","author":"Antonio J. Alonso Sampedro","date":"21\/11\/2025","format":false,"excerpt":"\"La vida carece de valor si no nos produce satisfacciones. Entre estas, la m\u00e1s valiosa es la sociedad racional, que ilustra la mente, suaviza el temperamento, alegra el \u00e1nimo y promueve la salud\" Thomas Jefferson","rel":"","context":"En \u00abRe-flexiones\/tem\u00e1ticas\u00bb","block_context":{"text":"Re-flexiones\/tem\u00e1ticas","link":"https:\/\/www.alonso-businesscoaching.es\/blog\/category\/re-flexiones-tematicas\/"},"img":{"alt_text":"","src":"https:\/\/i0.wp.com\/www.alonso-businesscoaching.es\/blog\/wp-content\/uploads\/2015\/07\/Thomas-Jefferson1.jpg?resize=350%2C200&ssl=1","width":350,"height":200},"classes":[]},{"id":2719,"url":"https:\/\/www.alonso-businesscoaching.es\/blog\/09-06-2012\/re-flexiones-330\/","url_meta":{"origin":6160,"position":2},"title":"Re-flexiones&#8230; 330","author":"Antonio J. Alonso Sampedro","date":"09\/06\/2012","format":false,"excerpt":"\u201cAmarse a si mismo es el comienzo de una aventura que dura toda la vida\u201d \u00a0 Oscar Wilde","rel":"","context":"En \u00abRe-flexiones\/generales\u00bb","block_context":{"text":"Re-flexiones\/generales","link":"https:\/\/www.alonso-businesscoaching.es\/blog\/category\/re-flexiones-generales\/"},"img":{"alt_text":"","src":"","width":0,"height":0},"classes":[]},{"id":5582,"url":"https:\/\/www.alonso-businesscoaching.es\/blog\/28-08-2013\/re-flexiones-692\/","url_meta":{"origin":6160,"position":3},"title":"Re-flexiones&#8230; 692","author":"Antonio J. Alonso Sampedro","date":"28\/08\/2013","format":false,"excerpt":"\"Se podr\u00eda definir la actividad creativa como un tipo de proceso de aprendizaje en el que el profesor y el alumno se hallan en el mismo individuo\" Arthur Koestler","rel":"","context":"En \u00abRe-flexiones\/generales\u00bb","block_context":{"text":"Re-flexiones\/generales","link":"https:\/\/www.alonso-businesscoaching.es\/blog\/category\/re-flexiones-generales\/"},"img":{"alt_text":"Arthur Koestler","src":"https:\/\/i0.wp.com\/www.alonso-businesscoaching.es\/blog\/wp-content\/uploads\/2013\/07\/Arthur-Koestler-150x150.jpg?resize=350%2C200","width":350,"height":200},"classes":[]},{"id":15206,"url":"https:\/\/www.alonso-businesscoaching.es\/blog\/19-03-2018\/el-segundo-millar-de-re-flexiones-para-meditar\/","url_meta":{"origin":6160,"position":4},"title":"El segundo millar de Re-flexiones para meditar\u2026","author":"Antonio J. Alonso Sampedro","date":"19\/03\/2018","format":false,"excerpt":"El 19 de Agosto de 2014 escrib\u00ed\u2026 \u201cUn millar de Re-flexiones para meditar...\u201d, festejando un mil-aniversario que entonces desconoc\u00eda si en otro tendr\u00eda continuidad. Hoy, este Blog puede celebrar el segundo millar, integrado por aforismos tem\u00e1ticos que a\u00f1aden a los dem\u00e1s la sabidur\u00eda de cuantos ilustres autores se preguntaron por\u2026","rel":"","context":"En \u00abRe-flexiones\/generales\u00bb","block_context":{"text":"Re-flexiones\/generales","link":"https:\/\/www.alonso-businesscoaching.es\/blog\/category\/re-flexiones-generales\/"},"img":{"alt_text":"","src":"https:\/\/i0.wp.com\/www.alonso-businesscoaching.es\/blog\/wp-content\/uploads\/2014\/08\/El-pensador.jpg?resize=350%2C200&ssl=1","width":350,"height":200},"classes":[]},{"id":7199,"url":"https:\/\/www.alonso-businesscoaching.es\/blog\/14-04-2014\/re-flexiones-889\/","url_meta":{"origin":6160,"position":5},"title":"Re-flexiones&#8230; 889","author":"Antonio J. Alonso Sampedro","date":"14\/04\/2014","format":false,"excerpt":"\"A veces pienso que la prueba m\u00e1s fehaciente de que existe vida inteligente en el universo es que nadie ha intentado contactar con nosotros\" Bill Watterson","rel":"","context":"En \u00abRe-flexiones\/generales\u00bb","block_context":{"text":"Re-flexiones\/generales","link":"https:\/\/www.alonso-businesscoaching.es\/blog\/category\/re-flexiones-generales\/"},"img":{"alt_text":"Bill Watterson","src":"https:\/\/i0.wp.com\/www.alonso-businesscoaching.es\/blog\/wp-content\/uploads\/2014\/03\/Bill-Watterson-150x150.jpg?resize=350%2C200","width":350,"height":200},"classes":[]}],"jetpack_sharing_enabled":true,"_links":{"self":[{"href":"https:\/\/www.alonso-businesscoaching.es\/blog\/wp-json\/wp\/v2\/posts\/6160","targetHints":{"allow":["GET"]}}],"collection":[{"href":"https:\/\/www.alonso-businesscoaching.es\/blog\/wp-json\/wp\/v2\/posts"}],"about":[{"href":"https:\/\/www.alonso-businesscoaching.es\/blog\/wp-json\/wp\/v2\/types\/post"}],"author":[{"embeddable":true,"href":"https:\/\/www.alonso-businesscoaching.es\/blog\/wp-json\/wp\/v2\/users\/2"}],"replies":[{"embeddable":true,"href":"https:\/\/www.alonso-businesscoaching.es\/blog\/wp-json\/wp\/v2\/comments?post=6160"}],"version-history":[{"count":1,"href":"https:\/\/www.alonso-businesscoaching.es\/blog\/wp-json\/wp\/v2\/posts\/6160\/revisions"}],"predecessor-version":[{"id":6162,"href":"https:\/\/www.alonso-businesscoaching.es\/blog\/wp-json\/wp\/v2\/posts\/6160\/revisions\/6162"}],"wp:attachment":[{"href":"https:\/\/www.alonso-businesscoaching.es\/blog\/wp-json\/wp\/v2\/media?parent=6160"}],"wp:term":[{"taxonomy":"category","embeddable":true,"href":"https:\/\/www.alonso-businesscoaching.es\/blog\/wp-json\/wp\/v2\/categories?post=6160"},{"taxonomy":"post_tag","embeddable":true,"href":"https:\/\/www.alonso-businesscoaching.es\/blog\/wp-json\/wp\/v2\/tags?post=6160"}],"curies":[{"name":"wp","href":"https:\/\/api.w.org\/{rel}","templated":true}]}}