{"id":6166,"date":"2013-11-14T00:00:51","date_gmt":"2013-11-13T23:00:51","guid":{"rendered":"http:\/\/www.alonso-businesscoaching.es\/blog\/?p=6166"},"modified":"2013-10-31T12:41:59","modified_gmt":"2013-10-31T11:41:59","slug":"re-flexiones-760","status":"publish","type":"post","link":"https:\/\/www.alonso-businesscoaching.es\/blog\/14-11-2013\/re-flexiones-760\/","title":{"rendered":"Re-flexiones&#8230; 760"},"content":{"rendered":"<p style=\"text-align: center;\"><em>&#8220;La primera v\u00edctima de la guerra es la verdad&#8221;<\/em><\/p>\n<p style=\"text-align: center;\"><a href=\"http:\/\/en.wikipedia.org\/wiki\/Hiram_Johnson\" target=\"_blank\"><img data-recalc-dims=\"1\" loading=\"lazy\" decoding=\"async\" data-attachment-id=\"6167\" data-permalink=\"https:\/\/www.alonso-businesscoaching.es\/blog\/14-11-2013\/re-flexiones-760\/hiram-warren-johnson\/\" data-orig-file=\"https:\/\/i0.wp.com\/www.alonso-businesscoaching.es\/blog\/wp-content\/uploads\/2013\/10\/Hiram-Warren-Johnson.jpg?fit=274%2C401&amp;ssl=1\" data-orig-size=\"274,401\" data-comments-opened=\"1\" data-image-meta=\"{&quot;aperture&quot;:&quot;0&quot;,&quot;credit&quot;:&quot;&quot;,&quot;camera&quot;:&quot;&quot;,&quot;caption&quot;:&quot;&quot;,&quot;created_timestamp&quot;:&quot;0&quot;,&quot;copyright&quot;:&quot;&quot;,&quot;focal_length&quot;:&quot;0&quot;,&quot;iso&quot;:&quot;0&quot;,&quot;shutter_speed&quot;:&quot;0&quot;,&quot;title&quot;:&quot;&quot;}\" data-image-title=\"Hiram Warren Johnson\" data-image-description=\"\" data-image-caption=\"\" data-large-file=\"https:\/\/i0.wp.com\/www.alonso-businesscoaching.es\/blog\/wp-content\/uploads\/2013\/10\/Hiram-Warren-Johnson.jpg?fit=274%2C401&amp;ssl=1\" class=\"aligncenter size-thumbnail wp-image-6167\" alt=\"Hiram Warren Johnson\" src=\"https:\/\/i0.wp.com\/www.alonso-businesscoaching.es\/blog\/wp-content\/uploads\/2013\/10\/Hiram-Warren-Johnson-150x150.jpg?resize=150%2C150\" width=\"150\" height=\"150\" srcset=\"https:\/\/i0.wp.com\/www.alonso-businesscoaching.es\/blog\/wp-content\/uploads\/2013\/10\/Hiram-Warren-Johnson.jpg?resize=150%2C150&amp;ssl=1 150w, https:\/\/i0.wp.com\/www.alonso-businesscoaching.es\/blog\/wp-content\/uploads\/2013\/10\/Hiram-Warren-Johnson.jpg?resize=59%2C59&amp;ssl=1 59w\" sizes=\"auto, (max-width: 150px) 100vw, 150px\" \/><\/a><\/p>\n<p style=\"text-align: center;\">Hiram Warren Johnson<\/p>\n","protected":false},"excerpt":{"rendered":"<p>&#8220;La primera v\u00edctima de la guerra es la verdad&#8221; Hiram Warren Johnson<\/p>\n","protected":false},"author":2,"featured_media":0,"comment_status":"open","ping_status":"open","sticky":false,"template":"","format":"standard","meta":{"om_disable_all_campaigns":false,"_monsterinsights_skip_tracking":false,"_monsterinsights_sitenote_active":false,"_monsterinsights_sitenote_note":"","_monsterinsights_sitenote_category":0,"_s2mail":"","_uf_show_specific_survey":0,"_uf_disable_surveys":false,"jetpack_post_was_ever_published":false,"_jetpack_newsletter_access":"","_jetpack_dont_email_post_to_subs":false,"_jetpack_newsletter_tier_id":0,"_jetpack_memberships_contains_paywalled_content":false,"_jetpack_memberships_contains_paid_content":false,"footnotes":"","jetpack_publicize_message":"","jetpack_publicize_feature_enabled":true,"jetpack_social_post_already_shared":false,"jetpack_social_options":{"image_generator_settings":{"template":"highway","default_image_id":0,"font":"","enabled":false},"version":2}},"categories":[23],"tags":[],"class_list":["post-6166","post","type-post","status-publish","format-standard","hentry","category-re-flexiones-generales"],"aioseo_notices":[],"jetpack_publicize_connections":[],"jetpack_featured_media_url":"","jetpack_shortlink":"https:\/\/wp.me\/p5YpnT-1Bs","jetpack_likes_enabled":true,"jetpack-related-posts":[{"id":19248,"url":"https:\/\/www.alonso-businesscoaching.es\/blog\/17-04-2020\/re-flexiones-2-760-desgracia\/","url_meta":{"origin":6166,"position":0},"title":"Re-flexiones&#8230; 2.760 (desgracia)","author":"Antonio J. Alonso Sampedro","date":"17\/04\/2020","format":false,"excerpt":"\"Al principio de las cat\u00e1strofes, y cuando han terminado, se hace siempre algo de ret\u00f3rica. En el primer caso, a\u00fan no se ha perdido la costumbre; en el segundo, se ha recuperado. Es en el mismo momento de la desgracia cuando uno se acostumbra a la verdad\" Albert Camus","rel":"","context":"En \u00abRe-flexiones\/tem\u00e1ticas\u00bb","block_context":{"text":"Re-flexiones\/tem\u00e1ticas","link":"https:\/\/www.alonso-businesscoaching.es\/blog\/category\/re-flexiones-tematicas\/"},"img":{"alt_text":"","src":"https:\/\/i0.wp.com\/www.alonso-businesscoaching.es\/blog\/wp-content\/uploads\/2017\/01\/Albert-Camus-150x150.jpg?resize=350%2C200&ssl=1","width":350,"height":200},"classes":[]},{"id":24542,"url":"https:\/\/www.alonso-businesscoaching.es\/blog\/17-05-2023\/re-flexiones-3-785-guerra\/","url_meta":{"origin":6166,"position":1},"title":"Re-flexiones&#8230; 3.785 (guerra)","author":"Antonio J. Alonso Sampedro","date":"17\/05\/2023","format":false,"excerpt":"\"En los m\u00e1s ilustres y gloriosos capitanes y emperadores del mundo, el estudio y la guerra han conservado la vecindad, y la arte militar se ha confederado con la lecci\u00f3n. No ha desde\u00f1ado en tales \u00e1nimos la espada a la pluma. Docto s\u00edmbolo de esta verdad es la saeta: con\u2026","rel":"","context":"En \u00abRe-flexiones\/tem\u00e1ticas\u00bb","block_context":{"text":"Re-flexiones\/tem\u00e1ticas","link":"https:\/\/www.alonso-businesscoaching.es\/blog\/category\/re-flexiones-tematicas\/"},"img":{"alt_text":"","src":"https:\/\/i0.wp.com\/www.alonso-businesscoaching.es\/blog\/wp-content\/uploads\/2015\/07\/Francisco-de-Quevedo1-150x150.jpg?resize=350%2C200&ssl=1","width":350,"height":200},"classes":[]},{"id":2707,"url":"https:\/\/www.alonso-businesscoaching.es\/blog\/20-06-2012\/re-flexiones-339\/","url_meta":{"origin":6166,"position":2},"title":"Re-flexiones\u2026 339","author":"Antonio J. Alonso Sampedro","date":"20\/06\/2012","format":false,"excerpt":"\u201cLa paz m\u00e1s desventajosa es mejor que la guerra m\u00e1s justa\u201d Erasmo de Rotterdam","rel":"","context":"En \u00abRe-flexiones\/generales\u00bb","block_context":{"text":"Re-flexiones\/generales","link":"https:\/\/www.alonso-businesscoaching.es\/blog\/category\/re-flexiones-generales\/"},"img":{"alt_text":"","src":"","width":0,"height":0},"classes":[]},{"id":7202,"url":"https:\/\/www.alonso-businesscoaching.es\/blog\/15-04-2014\/re-flexiones-890\/","url_meta":{"origin":6166,"position":3},"title":"Re-flexiones&#8230; 890","author":"Antonio J. Alonso Sampedro","date":"15\/04\/2014","format":false,"excerpt":"\"La ciencia es el misticismo de los hechos; la verdad es que nadie sabe nada\" Leonid Andr\u00e9iev","rel":"","context":"En \u00abRe-flexiones\/generales\u00bb","block_context":{"text":"Re-flexiones\/generales","link":"https:\/\/www.alonso-businesscoaching.es\/blog\/category\/re-flexiones-generales\/"},"img":{"alt_text":"Leonid Andr\u00e9iev","src":"https:\/\/i0.wp.com\/www.alonso-businesscoaching.es\/blog\/wp-content\/uploads\/2014\/03\/Leonid-Andr%C3%A9iev-150x150.jpg?resize=350%2C200","width":350,"height":200},"classes":[]},{"id":7533,"url":"https:\/\/www.alonso-businesscoaching.es\/blog\/04-06-2014\/re-flexiones-933\/","url_meta":{"origin":6166,"position":4},"title":"Re-flexiones&#8230; 933","author":"Antonio J. Alonso Sampedro","date":"04\/06\/2014","format":false,"excerpt":"\"A la hora de la verdad, que es la de buscarse a s\u00ed mismo en lo objetivo, uno olvida todo y se dispone a no ser fiel m\u00e1s que a su propia sinceridad\" Gerardo Diego","rel":"","context":"En \u00abRe-flexiones\/generales\u00bb","block_context":{"text":"Re-flexiones\/generales","link":"https:\/\/www.alonso-businesscoaching.es\/blog\/category\/re-flexiones-generales\/"},"img":{"alt_text":"Gerardo Diego","src":"https:\/\/i0.wp.com\/www.alonso-businesscoaching.es\/blog\/wp-content\/uploads\/2014\/05\/Gerardo-Diego-150x150.jpg?resize=350%2C200","width":350,"height":200},"classes":[]},{"id":2973,"url":"https:\/\/www.alonso-businesscoaching.es\/blog\/19-10-2011\/re-flexiones-115\/","url_meta":{"origin":6166,"position":5},"title":"Re-flexiones\u2026 115","author":"Antonio J. Alonso Sampedro","date":"19\/10\/2011","format":false,"excerpt":"\u201cPara que el sue\u00f1o, la riqueza y la salud se disfruten de verdad, es necesario interrumpirlos\u201d Jean Paul","rel":"","context":"En \u00abRe-flexiones\/generales\u00bb","block_context":{"text":"Re-flexiones\/generales","link":"https:\/\/www.alonso-businesscoaching.es\/blog\/category\/re-flexiones-generales\/"},"img":{"alt_text":"","src":"https:\/\/i0.wp.com\/www.alonso-businesscoaching.es\/blog\/wp-content\/uploads\/2021\/06\/Jean-Paul2-150x150.png?resize=350%2C200&ssl=1","width":350,"height":200},"classes":[]}],"jetpack_sharing_enabled":true,"_links":{"self":[{"href":"https:\/\/www.alonso-businesscoaching.es\/blog\/wp-json\/wp\/v2\/posts\/6166","targetHints":{"allow":["GET"]}}],"collection":[{"href":"https:\/\/www.alonso-businesscoaching.es\/blog\/wp-json\/wp\/v2\/posts"}],"about":[{"href":"https:\/\/www.alonso-businesscoaching.es\/blog\/wp-json\/wp\/v2\/types\/post"}],"author":[{"embeddable":true,"href":"https:\/\/www.alonso-businesscoaching.es\/blog\/wp-json\/wp\/v2\/users\/2"}],"replies":[{"embeddable":true,"href":"https:\/\/www.alonso-businesscoaching.es\/blog\/wp-json\/wp\/v2\/comments?post=6166"}],"version-history":[{"count":1,"href":"https:\/\/www.alonso-businesscoaching.es\/blog\/wp-json\/wp\/v2\/posts\/6166\/revisions"}],"predecessor-version":[{"id":6168,"href":"https:\/\/www.alonso-businesscoaching.es\/blog\/wp-json\/wp\/v2\/posts\/6166\/revisions\/6168"}],"wp:attachment":[{"href":"https:\/\/www.alonso-businesscoaching.es\/blog\/wp-json\/wp\/v2\/media?parent=6166"}],"wp:term":[{"taxonomy":"category","embeddable":true,"href":"https:\/\/www.alonso-businesscoaching.es\/blog\/wp-json\/wp\/v2\/categories?post=6166"},{"taxonomy":"post_tag","embeddable":true,"href":"https:\/\/www.alonso-businesscoaching.es\/blog\/wp-json\/wp\/v2\/tags?post=6166"}],"curies":[{"name":"wp","href":"https:\/\/api.w.org\/{rel}","templated":true}]}}