{"id":6976,"date":"2014-03-01T00:00:36","date_gmt":"2014-02-28T23:00:36","guid":{"rendered":"http:\/\/www.alonso-businesscoaching.es\/blog\/?p=6976"},"modified":"2019-05-14T20:57:31","modified_gmt":"2019-05-14T18:57:31","slug":"a-solas-con-la-soledad-2","status":"publish","type":"post","link":"https:\/\/www.alonso-businesscoaching.es\/blog\/01-03-2014\/a-solas-con-la-soledad-2\/","title":{"rendered":"A solas con la soledad"},"content":{"rendered":"<p><a href=\"https:\/\/www.alonso-businesscoaching.es\/blog\/2013\/01\/18\/no-hay-independencia-sin-soledad\/\" target=\"_blank\" rel=\"noopener noreferrer\"><img data-recalc-dims=\"1\" loading=\"lazy\" decoding=\"async\" data-attachment-id=\"6952\" data-permalink=\"https:\/\/www.alonso-businesscoaching.es\/blog\/georges-moustaki\/\" data-orig-file=\"https:\/\/i0.wp.com\/www.alonso-businesscoaching.es\/blog\/wp-content\/uploads\/2014\/03\/Georges-Moustaki.jpg?fit=571%2C323&amp;ssl=1\" data-orig-size=\"571,323\" data-comments-opened=\"1\" data-image-meta=\"{&quot;aperture&quot;:&quot;0&quot;,&quot;credit&quot;:&quot;&quot;,&quot;camera&quot;:&quot;&quot;,&quot;caption&quot;:&quot;&quot;,&quot;created_timestamp&quot;:&quot;0&quot;,&quot;copyright&quot;:&quot;&quot;,&quot;focal_length&quot;:&quot;0&quot;,&quot;iso&quot;:&quot;0&quot;,&quot;shutter_speed&quot;:&quot;0&quot;,&quot;title&quot;:&quot;&quot;}\" data-image-title=\"Georges Moustaki\" data-image-description=\"\" data-image-caption=\"\" data-large-file=\"https:\/\/i0.wp.com\/www.alonso-businesscoaching.es\/blog\/wp-content\/uploads\/2014\/03\/Georges-Moustaki.jpg?fit=525%2C297&amp;ssl=1\" class=\"aligncenter wp-image-6952 size-full\" src=\"https:\/\/i0.wp.com\/www.alonso-businesscoaching.es\/blog\/wp-content\/uploads\/2014\/03\/Georges-Moustaki.jpg?resize=525%2C297&#038;ssl=1\" alt=\"Georges Moustaki\" width=\"525\" height=\"297\" srcset=\"https:\/\/i0.wp.com\/www.alonso-businesscoaching.es\/blog\/wp-content\/uploads\/2014\/03\/Georges-Moustaki.jpg?w=571&amp;ssl=1 571w, https:\/\/i0.wp.com\/www.alonso-businesscoaching.es\/blog\/wp-content\/uploads\/2014\/03\/Georges-Moustaki.jpg?resize=300%2C169&amp;ssl=1 300w\" sizes=\"auto, (max-width: 525px) 100vw, 525px\" \/><\/a><\/p>\n<p>Para m\u00ed, el mundo se divide entre quienes al entrar en casa buscan conversar y aquellos que prefieren el silencio. Unos necesitan la sociabilidad y otros la soledad. Ambas elecciones son v\u00e1lidas y l\u00edcitas por igual pues a nadie hacen mal, excepto a uno mismo cuando lo acontecido se aleja de lo querido y adem\u00e1s no hay intenci\u00f3n de cambiar.<\/p>\n<p>No es casual la elecci\u00f3n del entorno hogare\u00f1o como el medidor m\u00e1s puro del componente relacional de cada cual, pues tras la puerta reinar\u00e1 mejor nuestra voluntad que en la calle, donde es evidente impera un mayor condicionamiento social. Por esto mismo los hay solitarios que, por ejemplo, llevados por su trabajo no paran de reunirse y hablar sin por ello traicionar a su idiosincrasia, cuya l\u00ednea de sincera expresi\u00f3n tender\u00e1 m\u00e1s a inscribirse en su \u00e1mbito particular.<\/p>\n<p>La soledad se elige mientras que la marginalidad se nos impone. De aqu\u00ed que no puedan ser soledades las forzadamente devenidas (divorcios, defunciones, disputas, animadversiones, etc.) sino m\u00e1s bien penas por condenas a que muchas veces nos lleva la realidad. Es solitario quien, pudiendo relacionarse, elige la contenci\u00f3n social mientras que es marginado el <a href=\"https:\/\/www.alonso-businesscoaching.es\/blog\/2017\/07\/15\/ningunear\/\" target=\"_blank\" rel=\"noopener noreferrer\">ninguneado<\/a> o abandonado por los dem\u00e1s. No todo es soledad y no a todo se deber\u00eda llamar soledad. La verdadera soledad es estructural por decidida y no coyuntural por soportada, pues quien decide podr\u00e1 ser feliz pero sin duda nunca lo ser\u00e1 el que asume y se resigna a soportar.<\/p>\n<p>Adem\u00e1s, la soledad no depende de entornos y situaciones que puedan condicionar. Se puede ser solitario en Nueva York y <em>socialitario<\/em> (italianismo tomado prestado) en la Fuentealbilla m\u00e1s local. Se puede ser solitario participando de todos los grupos de la Red m\u00e1s social y <em>socialitario<\/em> sin acceso alguno al Internet de alta velocidad. Se puede ser solitario compartiendo habitaci\u00f3n con siete hermanos y <em>socialitario<\/em> siendo hijo \u00fanico y durmiendo en el desv\u00e1n. Se puede ser solitario vendiendo en\u00a0El Corte Ingl\u00e9s y <em>socialitario<\/em> vigilando un faro escoc\u00e9s. El h\u00e1bito no hace al monje cuando este lo ve como un disfraz. Ser adaptable no traiciona el ser cuando se mantiene la personalidad.<\/p>\n<p>Es un hecho visible tambi\u00e9n que \u00faltimamente la soledad no est\u00e1 de moda y aun m\u00e1s, es frecuentemente catalogada como equivocaci\u00f3n vital, en una promoci\u00f3n altamente sospechosa de la sociabilidad como fuente inagotable de felicidad. Pertenecer a una gran familia, contar con legiones de amigos y trabajar en entornos <em>multimilrelacionales<\/em> es considerado necesario para la salud y las buenas costumbres de un tiempo actual que solo pareciera buscar la roma unanimidad en lugar de la incisiva identidad. Aun por parad\u00f3jico que pueda parecer, siempre ser\u00e1 m\u00e1s f\u00e1cil dirigir un reba\u00f1o que a uno de sus miembros en soledad.<\/p>\n<p>De otra parte, uno de los ataques m\u00e1s flagelantes a la soledad es su miope asociaci\u00f3n con el ego\u00edsmo, cuando lo peyorativo de este (el desinter\u00e9s por los dem\u00e1s) en nada corresponde con la naturaleza, quiz\u00e1s oculta pero generosa, de aquella que desde la individualidad busca la mejora social sumando singularidad y no duplicidad. Las grandes aportaciones a la humanidad provienen de esp\u00edritus solitarios que dedicaron el crecimiento de su vida al progreso de la comunidad. Posiblemente haya m\u00e1s ego\u00edsmo escondido en el parab\u00e1n que ofrece la colectividad que en la franca desnudez de la particularidad.<\/p>\n<p>En fin, que yo me reconozco socialmente un solitario vocacional pero m\u00e1s a la manera cantada por el gran Georges Moustaki en <em><a href=\"http:\/\/www.youtube.com\/watch?v=R0WbDTusbhk\" target=\"_blank\" rel=\"noopener noreferrer\"><span style=\"text-decoration: underline;\">Ma solitude<\/span><\/a>,<\/em> ese inolvidable poema musical que proclama con melanc\u00f3lica serenidad aquello de\u2026 <em>no, yo no estoy nunca solo con mi soledad<\/em>,\u00a0estribillo confesional que abandera aquello que algunos sentimos al vivir la ausencia de compa\u00f1\u00eda socialmente institucionalizada y regular como otra suerte de acompa\u00f1amiento m\u00e1s singular\u00a0basado en el que es siempre fiel, propio e intransferiblemente personal&#8230;<\/p>\n<p style=\"text-align: center;\">&#8211; <a href=\"http:\/\/www.alonso-businesscoaching.es\/blog\/2011\/05\/17\/re-flexiones-21\/\" target=\"_blank\" rel=\"noopener noreferrer\">Re-flexiones\u202621<\/a>, <a href=\"http:\/\/www.alonso-businesscoaching.es\/blog\/2011\/11\/01\/re-flexiones-126\/\" target=\"_blank\" rel=\"noopener noreferrer\">126<\/a>, <a href=\"http:\/\/www.alonso-businesscoaching.es\/blog\/2011\/12\/07\/re-flexiones-159\/\" target=\"_blank\" rel=\"noopener noreferrer\">159<\/a>, <a href=\"http:\/\/www.alonso-businesscoaching.es\/blog\/2012\/01\/25\/re-flexiones-208\/\" target=\"_blank\" rel=\"noopener noreferrer\">208<\/a>, <a href=\"http:\/\/www.alonso-businesscoaching.es\/blog\/2012\/02\/06\/re-flexiones-220\/\" target=\"_blank\" rel=\"noopener noreferrer\">220<\/a>, <a href=\"http:\/\/www.alonso-businesscoaching.es\/blog\/2012\/02\/09\/re-flexiones-223\/\" target=\"_blank\" rel=\"noopener noreferrer\">223<\/a>, <a href=\"http:\/\/www.alonso-businesscoaching.es\/blog\/2012\/03\/18\/re-flexiones-261\/\" target=\"_blank\" rel=\"noopener noreferrer\">261<\/a>, <a href=\"http:\/\/www.alonso-businesscoaching.es\/blog\/2012\/03\/22\/re-flexiones-265\/\" target=\"_blank\" rel=\"noopener noreferrer\">265<\/a>, <a href=\"http:\/\/www.alonso-businesscoaching.es\/blog\/2012\/04\/06\/re-flexiones-276\/\" target=\"_blank\" rel=\"noopener noreferrer\">276<\/a>, <a href=\"http:\/\/www.alonso-businesscoaching.es\/blog\/2012\/09\/11\/re-flexiones-410\/\" target=\"_blank\" rel=\"noopener noreferrer\">410<\/a>, <a href=\"http:\/\/www.alonso-businesscoaching.es\/blog\/2013\/02\/04\/re-flexiones-517\/\" target=\"_blank\" rel=\"noopener noreferrer\">517<\/a>, <a href=\"http:\/\/www.alonso-businesscoaching.es\/blog\/2013\/03\/25\/re-flexiones-554\/\" target=\"_blank\" rel=\"noopener noreferrer\">554<\/a> y <a href=\"http:\/\/www.alonso-businesscoaching.es\/blog\/2013\/07\/16\/re-flexiones-651\/\" target=\"_blank\" rel=\"noopener noreferrer\">651<\/a> &#8211;<\/p>\n<p style=\"text-align: right;\"><em><strong>Saludos de Antonio J. Alonso Sampedro<\/strong><\/em><\/p>\n","protected":false},"excerpt":{"rendered":"<p>Para m\u00ed, el mundo se divide entre quienes al entrar en casa buscan conversar y aquellos que prefieren el silencio. Unos necesitan la sociabilidad y otros la soledad. Ambas elecciones son v\u00e1lidas y l\u00edcitas por igual pues a nadie hacen mal, excepto a uno mismo cuando lo acontecido se aleja de lo querido y adem\u00e1s &hellip; <\/p>\n<p class=\"link-more\"><a href=\"https:\/\/www.alonso-businesscoaching.es\/blog\/01-03-2014\/a-solas-con-la-soledad-2\/\" class=\"more-link\">Continuar leyendo<span class=\"screen-reader-text\"> &#8220;A solas con la soledad&#8221;<\/span><\/a><\/p>\n","protected":false},"author":2,"featured_media":0,"comment_status":"open","ping_status":"open","sticky":false,"template":"","format":"standard","meta":{"om_disable_all_campaigns":false,"_monsterinsights_skip_tracking":false,"_monsterinsights_sitenote_active":false,"_monsterinsights_sitenote_note":"","_monsterinsights_sitenote_category":0,"_s2mail":"","_uf_show_specific_survey":0,"_uf_disable_surveys":false,"jetpack_post_was_ever_published":false,"_jetpack_newsletter_access":"","_jetpack_dont_email_post_to_subs":false,"_jetpack_newsletter_tier_id":0,"_jetpack_memberships_contains_paywalled_content":false,"_jetpack_memberships_contains_paid_content":false,"footnotes":"","jetpack_publicize_message":"","jetpack_publicize_feature_enabled":true,"jetpack_social_post_already_shared":false,"jetpack_social_options":{"image_generator_settings":{"template":"highway","default_image_id":0,"font":"","enabled":false},"version":2}},"categories":[25],"tags":[63],"class_list":["post-6976","post","type-post","status-publish","format-standard","hentry","category-coach-tiones","tag-soledad"],"aioseo_notices":[],"jetpack_publicize_connections":[],"jetpack_featured_media_url":"","jetpack_shortlink":"https:\/\/wp.me\/p5YpnT-1Ow","jetpack_likes_enabled":true,"jetpack-related-posts":[{"id":3269,"url":"https:\/\/www.alonso-businesscoaching.es\/blog\/18-01-2013\/no-hay-independencia-sin-soledad\/","url_meta":{"origin":6976,"position":0},"title":"No hay independencia sin soledad","author":"Antonio J. Alonso Sampedro","date":"18\/01\/2013","format":false,"excerpt":"Nunca he conocido a nadie que, inmerso en un frenes\u00ed relacional, sea plenamente independiente en sus manifestaciones vitales. Por contra, en ocasiones me he cruzado con personajes cuyo singular anonimato social estaba a la altura de una gran coherencia con sus principios y valores, demostrada por su libertad de criterio\u2026","rel":"","context":"En \u00abCoach-tiones\u00bb","block_context":{"text":"Coach-tiones","link":"https:\/\/www.alonso-businesscoaching.es\/blog\/category\/coach-tiones\/"},"img":{"alt_text":"lobo-solitario.jpg","src":"https:\/\/i0.wp.com\/www.alonso-businesscoaching.es\/blog\/wp-content\/uploads\/2013\/01\/lobo-solitario.jpg?resize=350%2C200","width":350,"height":200},"classes":[]},{"id":9818,"url":"https:\/\/www.alonso-businesscoaching.es\/blog\/16-03-2015\/marath-tiones-176\/","url_meta":{"origin":6976,"position":1},"title":"MARATH-TIONES&#8230; 176","author":"Antonio J. Alonso Sampedro","date":"16\/03\/2015","format":false,"excerpt":"Adem\u00e1s de en Marathon-15%, en m\u00ed siempre ha sido habitual correr solo y no se entienda esto como ning\u00fan tipo de desprecio a los dem\u00e1s sino m\u00e1s bien como toda una declaraci\u00f3n de principios, pues considero este deporte como individual (para hacer ejercicio en equipo ya hay otras disciplinas en\u2026","rel":"","context":"En \u00abMarath-tiones\/diario\u00bb","block_context":{"text":"Marath-tiones\/diario","link":"https:\/\/www.alonso-businesscoaching.es\/blog\/category\/marath-tiones-diario\/"},"img":{"alt_text":"Logo Marathon-15","src":"https:\/\/i0.wp.com\/www.alonso-businesscoaching.es\/blog\/wp-content\/uploads\/2014\/10\/Logo-Marathon-15-150x150.jpg?resize=350%2C200","width":350,"height":200},"classes":[]},{"id":2802,"url":"https:\/\/www.alonso-businesscoaching.es\/blog\/18-03-2012\/re-flexiones-261\/","url_meta":{"origin":6976,"position":2},"title":"Re-flexiones\u2026 261","author":"Antonio J. Alonso Sampedro","date":"18\/03\/2012","format":false,"excerpt":"\u201cEn la soledad no se encuentra m\u00e1s que lo que a la soledad se lleva\u201d Juan Ram\u00f3n Jim\u00e9nez","rel":"","context":"En \u00abRe-flexiones\/generales\u00bb","block_context":{"text":"Re-flexiones\/generales","link":"https:\/\/www.alonso-businesscoaching.es\/blog\/category\/re-flexiones-generales\/"},"img":{"alt_text":"","src":"","width":0,"height":0},"classes":[]},{"id":8881,"url":"https:\/\/www.alonso-businesscoaching.es\/blog\/27-11-2014\/marath-tiones-76\/","url_meta":{"origin":6976,"position":3},"title":"MARATH-TIONES&#8230; 76","author":"Antonio J. Alonso Sampedro","date":"27\/11\/2014","format":false,"excerpt":"Desde el comienzo de Marathon-15% fui consciente de que mis posibilidades de \u00e9xito mejorar\u00edan rode\u00e1ndome de un grupo de colaboradores. Muchos ya se han vinculado al proyecto con su ayuda, que aqu\u00ed sinceramente agradezco. Pero aun as\u00ed, la soledad de mis entrenamientos me confirma que finalmente nadie correr\u00e1 por m\u00ed\u2026","rel":"","context":"En \u00abMarath-tiones\/diario\u00bb","block_context":{"text":"Marath-tiones\/diario","link":"https:\/\/www.alonso-businesscoaching.es\/blog\/category\/marath-tiones-diario\/"},"img":{"alt_text":"Logo Marathon-15","src":"https:\/\/i0.wp.com\/www.alonso-businesscoaching.es\/blog\/wp-content\/uploads\/2014\/10\/Logo-Marathon-15-150x150.jpg?resize=350%2C200","width":350,"height":200},"classes":[]},{"id":24402,"url":"https:\/\/www.alonso-businesscoaching.es\/blog\/01-05-2023\/re-flexiones-3-769-guerra\/","url_meta":{"origin":6976,"position":4},"title":"Re-flexiones&#8230; 3.769 (guerra)","author":"Antonio J. Alonso Sampedro","date":"01\/05\/2023","format":false,"excerpt":"\"Para la mayor\u00eda de los hombres la guerra es el fin de la soledad. Para mi es la soledad infinita\" Albert Camus","rel":"","context":"En \u00abRe-flexiones\/tem\u00e1ticas\u00bb","block_context":{"text":"Re-flexiones\/tem\u00e1ticas","link":"https:\/\/www.alonso-businesscoaching.es\/blog\/category\/re-flexiones-tematicas\/"},"img":{"alt_text":"","src":"https:\/\/i0.wp.com\/www.alonso-businesscoaching.es\/blog\/wp-content\/uploads\/2017\/01\/Albert-Camus-150x150.jpg?resize=350%2C200&ssl=1","width":350,"height":200},"classes":[]},{"id":7542,"url":"https:\/\/www.alonso-businesscoaching.es\/blog\/08-06-2014\/re-flexiones-936\/","url_meta":{"origin":6976,"position":5},"title":"Re-flexiones&#8230; 936","author":"Antonio J. Alonso Sampedro","date":"08\/06\/2014","format":false,"excerpt":"\"No hay h\u00e9roe en la soledad; los actos sublimes est\u00e1n determinados siempre por el entusiasmo de muchos\" Eliphas L\u00e9vi","rel":"","context":"En \u00abRe-flexiones\/generales\u00bb","block_context":{"text":"Re-flexiones\/generales","link":"https:\/\/www.alonso-businesscoaching.es\/blog\/category\/re-flexiones-generales\/"},"img":{"alt_text":"Eliphas L\u00e9vi","src":"https:\/\/i0.wp.com\/www.alonso-businesscoaching.es\/blog\/wp-content\/uploads\/2014\/05\/Eliphas-L%C3%A9vi-150x150.jpg?resize=350%2C200","width":350,"height":200},"classes":[]}],"jetpack_sharing_enabled":true,"_links":{"self":[{"href":"https:\/\/www.alonso-businesscoaching.es\/blog\/wp-json\/wp\/v2\/posts\/6976","targetHints":{"allow":["GET"]}}],"collection":[{"href":"https:\/\/www.alonso-businesscoaching.es\/blog\/wp-json\/wp\/v2\/posts"}],"about":[{"href":"https:\/\/www.alonso-businesscoaching.es\/blog\/wp-json\/wp\/v2\/types\/post"}],"author":[{"embeddable":true,"href":"https:\/\/www.alonso-businesscoaching.es\/blog\/wp-json\/wp\/v2\/users\/2"}],"replies":[{"embeddable":true,"href":"https:\/\/www.alonso-businesscoaching.es\/blog\/wp-json\/wp\/v2\/comments?post=6976"}],"version-history":[{"count":20,"href":"https:\/\/www.alonso-businesscoaching.es\/blog\/wp-json\/wp\/v2\/posts\/6976\/revisions"}],"predecessor-version":[{"id":17977,"href":"https:\/\/www.alonso-businesscoaching.es\/blog\/wp-json\/wp\/v2\/posts\/6976\/revisions\/17977"}],"wp:attachment":[{"href":"https:\/\/www.alonso-businesscoaching.es\/blog\/wp-json\/wp\/v2\/media?parent=6976"}],"wp:term":[{"taxonomy":"category","embeddable":true,"href":"https:\/\/www.alonso-businesscoaching.es\/blog\/wp-json\/wp\/v2\/categories?post=6976"},{"taxonomy":"post_tag","embeddable":true,"href":"https:\/\/www.alonso-businesscoaching.es\/blog\/wp-json\/wp\/v2\/tags?post=6976"}],"curies":[{"name":"wp","href":"https:\/\/api.w.org\/{rel}","templated":true}]}}