{"id":7243,"date":"2014-04-21T00:00:29","date_gmt":"2014-04-20T23:00:29","guid":{"rendered":"http:\/\/www.alonso-businesscoaching.es\/blog\/?p=7243"},"modified":"2014-04-05T17:56:41","modified_gmt":"2014-04-05T16:56:41","slug":"re-flexiones-895","status":"publish","type":"post","link":"https:\/\/www.alonso-businesscoaching.es\/blog\/21-04-2014\/re-flexiones-895\/","title":{"rendered":"Re-flexiones&#8230; 895"},"content":{"rendered":"<p style=\"text-align: center;\"><em>&#8220;La ense\u00f1anza que deja huella no es la que se hace de cabeza a cabeza, sino de coraz\u00f3n a coraz\u00f3n&#8221;<\/em><\/p>\n<p style=\"text-align: center;\"><a href=\"http:\/\/en.wikipedia.org\/wiki\/Howard_Hendricks\" target=\"_blank\"><img data-recalc-dims=\"1\" loading=\"lazy\" decoding=\"async\" data-attachment-id=\"7244\" data-permalink=\"https:\/\/www.alonso-businesscoaching.es\/blog\/21-04-2014\/re-flexiones-895\/howard-g-hendricks\/\" data-orig-file=\"https:\/\/i0.wp.com\/www.alonso-businesscoaching.es\/blog\/wp-content\/uploads\/2014\/04\/Howard-G.-Hendricks.jpg?fit=243%2C283&amp;ssl=1\" data-orig-size=\"243,283\" data-comments-opened=\"1\" data-image-meta=\"{&quot;aperture&quot;:&quot;0&quot;,&quot;credit&quot;:&quot;&quot;,&quot;camera&quot;:&quot;&quot;,&quot;caption&quot;:&quot;&quot;,&quot;created_timestamp&quot;:&quot;0&quot;,&quot;copyright&quot;:&quot;&quot;,&quot;focal_length&quot;:&quot;0&quot;,&quot;iso&quot;:&quot;0&quot;,&quot;shutter_speed&quot;:&quot;0&quot;,&quot;title&quot;:&quot;&quot;}\" data-image-title=\"Howard G. Hendricks\" data-image-description=\"\" data-image-caption=\"\" data-large-file=\"https:\/\/i0.wp.com\/www.alonso-businesscoaching.es\/blog\/wp-content\/uploads\/2014\/04\/Howard-G.-Hendricks.jpg?fit=243%2C283&amp;ssl=1\" class=\"aligncenter size-thumbnail wp-image-7244\" alt=\"Howard G. Hendricks\" src=\"https:\/\/i0.wp.com\/www.alonso-businesscoaching.es\/blog\/wp-content\/uploads\/2014\/04\/Howard-G.-Hendricks-150x150.jpg?resize=150%2C150\" width=\"150\" height=\"150\" srcset=\"https:\/\/i0.wp.com\/www.alonso-businesscoaching.es\/blog\/wp-content\/uploads\/2014\/04\/Howard-G.-Hendricks.jpg?resize=150%2C150&amp;ssl=1 150w, https:\/\/i0.wp.com\/www.alonso-businesscoaching.es\/blog\/wp-content\/uploads\/2014\/04\/Howard-G.-Hendricks.jpg?resize=59%2C59&amp;ssl=1 59w\" sizes=\"auto, (max-width: 150px) 100vw, 150px\" \/><\/a><\/p>\n<p style=\"text-align: center;\">Howard G. Hendricks<\/p>\n","protected":false},"excerpt":{"rendered":"<p>&#8220;La ense\u00f1anza que deja huella no es la que se hace de cabeza a cabeza, sino de coraz\u00f3n a coraz\u00f3n&#8221; Howard G. Hendricks<\/p>\n","protected":false},"author":2,"featured_media":0,"comment_status":"open","ping_status":"open","sticky":false,"template":"","format":"standard","meta":{"om_disable_all_campaigns":false,"_monsterinsights_skip_tracking":false,"_monsterinsights_sitenote_active":false,"_monsterinsights_sitenote_note":"","_monsterinsights_sitenote_category":0,"_s2mail":"","_uf_show_specific_survey":0,"_uf_disable_surveys":false,"jetpack_post_was_ever_published":false,"_jetpack_newsletter_access":"","_jetpack_dont_email_post_to_subs":false,"_jetpack_newsletter_tier_id":0,"_jetpack_memberships_contains_paywalled_content":false,"_jetpack_memberships_contains_paid_content":false,"footnotes":"","jetpack_publicize_message":"","jetpack_publicize_feature_enabled":true,"jetpack_social_post_already_shared":false,"jetpack_social_options":{"image_generator_settings":{"template":"highway","default_image_id":0,"font":"","enabled":false},"version":2}},"categories":[23],"tags":[],"class_list":["post-7243","post","type-post","status-publish","format-standard","hentry","category-re-flexiones-generales"],"aioseo_notices":[],"jetpack_publicize_connections":[],"jetpack_featured_media_url":"","jetpack_shortlink":"https:\/\/wp.me\/p5YpnT-1SP","jetpack_likes_enabled":true,"jetpack-related-posts":[{"id":21016,"url":"https:\/\/www.alonso-businesscoaching.es\/blog\/22-03-2021\/re-flexiones-3-099-filosofia\/","url_meta":{"origin":7243,"position":0},"title":"Re-flexiones&#8230; 3.099 (filosof\u00eda)","author":"Antonio J. Alonso Sampedro","date":"22\/03\/2021","format":false,"excerpt":"\"No es fil\u00f3sofo quien teniendo una filosof\u00eda en la cabeza no la tiene adem\u00e1s en el coraz\u00f3n\" Arturo Graf","rel":"","context":"En \u00abRe-flexiones\/tem\u00e1ticas\u00bb","block_context":{"text":"Re-flexiones\/tem\u00e1ticas","link":"https:\/\/www.alonso-businesscoaching.es\/blog\/category\/re-flexiones-tematicas\/"},"img":{"alt_text":"","src":"https:\/\/i0.wp.com\/www.alonso-businesscoaching.es\/blog\/wp-content\/uploads\/2015\/07\/Arturo-Graf-1-150x150.jpg?resize=350%2C200&ssl=1","width":350,"height":200},"classes":[]},{"id":7480,"url":"https:\/\/www.alonso-businesscoaching.es\/blog\/29-05-2014\/re-flexiones-928\/","url_meta":{"origin":7243,"position":1},"title":"Re-flexiones&#8230; 928","author":"Antonio J. Alonso Sampedro","date":"29\/05\/2014","format":false,"excerpt":"\"El coraz\u00f3n necesita un segundo coraz\u00f3n. La alegr\u00eda compartida es doble alegr\u00eda\" Christoph A. Tiedge","rel":"","context":"En \u00abRe-flexiones\/generales\u00bb","block_context":{"text":"Re-flexiones\/generales","link":"https:\/\/www.alonso-businesscoaching.es\/blog\/category\/re-flexiones-generales\/"},"img":{"alt_text":"Christoph A. Tiedge","src":"https:\/\/i0.wp.com\/www.alonso-businesscoaching.es\/blog\/wp-content\/uploads\/2014\/05\/Christoph-A.-Tiedge-150x150.jpg?resize=350%2C200","width":350,"height":200},"classes":[]},{"id":15553,"url":"https:\/\/www.alonso-businesscoaching.es\/blog\/30-06-2018\/re-flexiones-2-103-cielo\/","url_meta":{"origin":7243,"position":2},"title":"Re-flexiones&#8230; 2.103 (cielo)","author":"Antonio J. Alonso Sampedro","date":"30\/06\/2018","format":false,"excerpt":"\"El sabio es quien quiere asomar su cabeza al cielo; y el loco es quien quiere meter el cielo en su cabeza\" G. K. Chesterton","rel":"","context":"En \u00abRe-flexiones\/tem\u00e1ticas\u00bb","block_context":{"text":"Re-flexiones\/tem\u00e1ticas","link":"https:\/\/www.alonso-businesscoaching.es\/blog\/category\/re-flexiones-tematicas\/"},"img":{"alt_text":"","src":"https:\/\/i0.wp.com\/www.alonso-businesscoaching.es\/blog\/wp-content\/uploads\/2015\/07\/G.-K.-Chesterton1-150x150.jpg?resize=350%2C200&ssl=1","width":350,"height":200},"classes":[]},{"id":19244,"url":"https:\/\/www.alonso-businesscoaching.es\/blog\/15-04-2020\/re-flexiones-2-758-desgracia\/","url_meta":{"origin":7243,"position":3},"title":"Re-flexiones&#8230; 2.758 (desgracia)","author":"Antonio J. Alonso Sampedro","date":"15\/04\/2020","format":false,"excerpt":"\"S\u00f3lo el infortunio puede convertir un coraz\u00f3n de roca en un coraz\u00f3n humano\" F\u00e9nelon","rel":"","context":"En \u00abRe-flexiones\/tem\u00e1ticas\u00bb","block_context":{"text":"Re-flexiones\/tem\u00e1ticas","link":"https:\/\/www.alonso-businesscoaching.es\/blog\/category\/re-flexiones-tematicas\/"},"img":{"alt_text":"","src":"https:\/\/i0.wp.com\/www.alonso-businesscoaching.es\/blog\/wp-content\/uploads\/2015\/09\/F%C3%A9nelon1-150x150.jpg?resize=350%2C200&ssl=1","width":350,"height":200},"classes":[]},{"id":2771,"url":"https:\/\/www.alonso-businesscoaching.es\/blog\/18-04-2012\/re-flexiones-285\/","url_meta":{"origin":7243,"position":4},"title":"Re-flexiones\u2026 285","author":"Antonio J. Alonso Sampedro","date":"18\/04\/2012","format":false,"excerpt":"\u201cLa peor prisi\u00f3n es un coraz\u00f3n cerrado\u201d Juan Pablo II","rel":"","context":"En \u00abRe-flexiones\/generales\u00bb","block_context":{"text":"Re-flexiones\/generales","link":"https:\/\/www.alonso-businesscoaching.es\/blog\/category\/re-flexiones-generales\/"},"img":{"alt_text":"","src":"https:\/\/i0.wp.com\/www.alonso-businesscoaching.es\/blog\/wp-content\/uploads\/2016\/01\/Juan-Pablo-II1-150x150.jpg?resize=350%2C200&ssl=1","width":350,"height":200},"classes":[]},{"id":16418,"url":"https:\/\/www.alonso-businesscoaching.es\/blog\/20-11-2018\/re-flexiones-2-246-duda\/","url_meta":{"origin":7243,"position":5},"title":"Re-flexiones&#8230; 2.246 (duda)","author":"Antonio J. Alonso Sampedro","date":"20\/11\/2018","format":false,"excerpt":"\"\u00a1Buena almohada la duda para una cabeza bien equilibrada!\" Michel de Montaigne","rel":"","context":"En \u00abRe-flexiones\/tem\u00e1ticas\u00bb","block_context":{"text":"Re-flexiones\/tem\u00e1ticas","link":"https:\/\/www.alonso-businesscoaching.es\/blog\/category\/re-flexiones-tematicas\/"},"img":{"alt_text":"","src":"https:\/\/i0.wp.com\/www.alonso-businesscoaching.es\/blog\/wp-content\/uploads\/2015\/11\/Michel-de-Montaigne1-150x150.jpg?resize=350%2C200&ssl=1","width":350,"height":200},"classes":[]}],"jetpack_sharing_enabled":true,"_links":{"self":[{"href":"https:\/\/www.alonso-businesscoaching.es\/blog\/wp-json\/wp\/v2\/posts\/7243","targetHints":{"allow":["GET"]}}],"collection":[{"href":"https:\/\/www.alonso-businesscoaching.es\/blog\/wp-json\/wp\/v2\/posts"}],"about":[{"href":"https:\/\/www.alonso-businesscoaching.es\/blog\/wp-json\/wp\/v2\/types\/post"}],"author":[{"embeddable":true,"href":"https:\/\/www.alonso-businesscoaching.es\/blog\/wp-json\/wp\/v2\/users\/2"}],"replies":[{"embeddable":true,"href":"https:\/\/www.alonso-businesscoaching.es\/blog\/wp-json\/wp\/v2\/comments?post=7243"}],"version-history":[{"count":1,"href":"https:\/\/www.alonso-businesscoaching.es\/blog\/wp-json\/wp\/v2\/posts\/7243\/revisions"}],"predecessor-version":[{"id":7245,"href":"https:\/\/www.alonso-businesscoaching.es\/blog\/wp-json\/wp\/v2\/posts\/7243\/revisions\/7245"}],"wp:attachment":[{"href":"https:\/\/www.alonso-businesscoaching.es\/blog\/wp-json\/wp\/v2\/media?parent=7243"}],"wp:term":[{"taxonomy":"category","embeddable":true,"href":"https:\/\/www.alonso-businesscoaching.es\/blog\/wp-json\/wp\/v2\/categories?post=7243"},{"taxonomy":"post_tag","embeddable":true,"href":"https:\/\/www.alonso-businesscoaching.es\/blog\/wp-json\/wp\/v2\/tags?post=7243"}],"curies":[{"name":"wp","href":"https:\/\/api.w.org\/{rel}","templated":true}]}}