{"id":7449,"date":"2014-05-10T00:00:03","date_gmt":"2014-05-09T23:00:03","guid":{"rendered":"http:\/\/www.alonso-businesscoaching.es\/blog\/?p=7449"},"modified":"2019-05-15T21:09:29","modified_gmt":"2019-05-15T19:09:29","slug":"hombre-o-hambre-emocional","status":"publish","type":"post","link":"https:\/\/www.alonso-businesscoaching.es\/blog\/10-05-2014\/hombre-o-hambre-emocional\/","title":{"rendered":"\u00bfHombre o Hambre emocional&#8230;?"},"content":{"rendered":"<p><a href=\"https:\/\/www.alonso-businesscoaching.es\/\" target=\"_blank\" rel=\"noopener noreferrer\"><img data-recalc-dims=\"1\" loading=\"lazy\" decoding=\"async\" data-attachment-id=\"7458\" data-permalink=\"https:\/\/www.alonso-businesscoaching.es\/blog\/10-05-2014\/hombre-o-hambre-emocional\/mente-cuerpo-emocion\/\" data-orig-file=\"https:\/\/i0.wp.com\/www.alonso-businesscoaching.es\/blog\/wp-content\/uploads\/2014\/05\/Mente-Cuerpo-Emoci%C3%B3n.jpg?fit=1600%2C1481&amp;ssl=1\" data-orig-size=\"1600,1481\" data-comments-opened=\"1\" data-image-meta=\"{&quot;aperture&quot;:&quot;0&quot;,&quot;credit&quot;:&quot;&quot;,&quot;camera&quot;:&quot;&quot;,&quot;caption&quot;:&quot;&quot;,&quot;created_timestamp&quot;:&quot;0&quot;,&quot;copyright&quot;:&quot;&quot;,&quot;focal_length&quot;:&quot;0&quot;,&quot;iso&quot;:&quot;0&quot;,&quot;shutter_speed&quot;:&quot;0&quot;,&quot;title&quot;:&quot;&quot;}\" data-image-title=\"Mente-Cuerpo-Emoci\u00f3n\" data-image-description=\"\" data-image-caption=\"\" data-large-file=\"https:\/\/i0.wp.com\/www.alonso-businesscoaching.es\/blog\/wp-content\/uploads\/2014\/05\/Mente-Cuerpo-Emoci%C3%B3n.jpg?fit=525%2C486&amp;ssl=1\" class=\"aligncenter wp-image-7458\" src=\"https:\/\/i0.wp.com\/www.alonso-businesscoaching.es\/blog\/wp-content\/uploads\/2014\/05\/Mente-Cuerpo-Emoci%C3%B3n-1024x947.jpg?resize=445%2C411\" alt=\"Mente-Cuerpo-Emoci\u00f3n\" width=\"445\" height=\"411\" srcset=\"https:\/\/i0.wp.com\/www.alonso-businesscoaching.es\/blog\/wp-content\/uploads\/2014\/05\/Mente-Cuerpo-Emoci%C3%B3n.jpg?resize=1024%2C947&amp;ssl=1 1024w, https:\/\/i0.wp.com\/www.alonso-businesscoaching.es\/blog\/wp-content\/uploads\/2014\/05\/Mente-Cuerpo-Emoci%C3%B3n.jpg?resize=300%2C277&amp;ssl=1 300w, https:\/\/i0.wp.com\/www.alonso-businesscoaching.es\/blog\/wp-content\/uploads\/2014\/05\/Mente-Cuerpo-Emoci%C3%B3n.jpg?w=1600&amp;ssl=1 1600w\" sizes=\"auto, (max-width: 445px) 100vw, 445px\" \/><\/a><\/p>\n<p>Comienzo esta <em>Coach-ti\u00f3n<\/em> significando mi militante posici\u00f3n al tratar una vez m\u00e1s un tema en el que son los dem\u00e1s quienes tienen la responsabilidad de su atronadora actualidad, pues solo baste\u00a0con comprobar las decenas de metros que\u00a0en las librer\u00edas\u00a0ahora ocupan cientos de ejemplares sobre todo tipo de cuestiones relacionadas con los sentimientos y la emocionalidad, sin contar asimismo con los millares de\u00a0conferencias y cursos\u00a0que inundan de propuestas una Internet que a la mism\u00edsima Srta. Francis bien le hubiera gustado conocer y utilizar.<\/p>\n<p>As\u00ed las cosas voy a terminar creyendo que, adem\u00e1s del descubrimiento del ADN, el otro gran avance de la ciencia biogen\u00e9tica actual es la catalogaci\u00f3n del Hombre como ser eminentemente emocional, si nos atenemos a la desproporci\u00f3n de informaci\u00f3n circulante entre esto mismo y aquello que se pueda referir a su componente racional. \u00a1Ah! y no me quiero olvidar del Cuerpo, como veh\u00edculo f\u00edsico de todo lo dem\u00e1s y que tambi\u00e9n es necesario atender y cuidar, aunque esto lo tratar\u00e9 en otro art\u00edculo y en este mismo lugar.<\/p>\n<p>Pues bien, lo digo ya sin esperar al final: \u00a1Hay mucha m\u00e1s Hambre que Hombre\u00a0emocional!<\/p>\n<p>\u00bfPor qu\u00e9 no se habla hoy del Hombre racional\u2026? \u00bfSer\u00e1 porque de repente y por un azar evolutivo ya no lo es\u2026? \u00bfSer\u00e1 porque todo lo relacionado con lo racional se asocia a esfuerzo y dedicaci\u00f3n cuando lo emocional queda m\u00e1s cerca del placer y la diversi\u00f3n&#8230;? \u00bfSer\u00e1 porque las leyes del mercado\u00a0ahora determinan que el dinero f\u00e1cil se encuentra tratando de la emoci\u00f3n y no de la raz\u00f3n&#8230;? Ser\u00e1, ser\u00e1\u2026<\/p>\n<p>Apuntando tanto y en ocasiones tan mal a lo emocional es evidente el riesgo que corremos de desatender aquello que individualmente forma el sustento basal de nuestro desarrollo personal y colectivamente justifica el lugar que ocupamos en la escala social de las especies de este mundo, cuya lograda explicaci\u00f3n no olvidemos ha sido y es racional.<\/p>\n<p>Parece ser que ya no somos animales racionales sino emocionales y esto algunos lo quieren demostrar como un triunfo de la sensibilidad coronaria frente a la mentalidad cerebral, como si de tal suerte abandon\u00e1semos (a la manera de los fantasmas del cine) el reino de lo tangible y mundanal para instalarnos en el de lo et\u00e9reo y celestial. Cuanto de oportunismo hay en esos discursos que aprovechan sombr\u00edas \u00e9pocas de dificultad como la actual para apelar a vanas esperanzas, fes y caridad, en lugar de constatar la cruda realidad y es\u00a0que de la oscuridad solo se sale analizando, actuando y volvi\u00e9ndolo a intentar.<\/p>\n<p>Yo no soy una m\u00e1quina de calcular y como cada cual tambi\u00e9n me veo afectado por ese carrusel emocional que influye en mi vida tanto como en la de los dem\u00e1s y que muchas veces ni casi puedo gobernar. Pero todo ello no me debe instalar en la resignaci\u00f3n de lo aleatorio e\u00a0inevitable y que nos es justificado por salirse de lo que con dificultad podemos controlar, pues tengo la convicci\u00f3n de que la construcci\u00f3n de mi vida pasa por decidir qu\u00e9 y c\u00f3mo ser y ello no lo puedo dejar al arbitrio \u00fanico de mi coraz\u00f3n sino que tambi\u00e9n y sobre todo, lo debo reflexionar.<\/p>\n<p>Yo soy un hombre que defiende lo racional porque siempre apoyo a los que van perdiendo, todav\u00eda m\u00e1s cuando considero que merecen una oportunidad para ganar. A quien siga con Hambre emocional le propongo Pensar y a quien ya piense, Amar\u2026<\/p>\n<p style=\"text-align: right;\"><strong><em>Saludos de Antonio J. Alonso Sampedro<\/em><\/strong><\/p>\n","protected":false},"excerpt":{"rendered":"<p>Comienzo esta Coach-ti\u00f3n significando mi militante posici\u00f3n al tratar una vez m\u00e1s un tema en el que son los dem\u00e1s quienes tienen la responsabilidad de su atronadora actualidad, pues solo baste\u00a0con comprobar las decenas de metros que\u00a0en las librer\u00edas\u00a0ahora ocupan cientos de ejemplares sobre todo tipo de cuestiones relacionadas con los sentimientos y la emocionalidad, &hellip; <\/p>\n<p class=\"link-more\"><a href=\"https:\/\/www.alonso-businesscoaching.es\/blog\/10-05-2014\/hombre-o-hambre-emocional\/\" class=\"more-link\">Continuar leyendo<span class=\"screen-reader-text\"> &#8220;\u00bfHombre o Hambre emocional&#8230;?&#8221;<\/span><\/a><\/p>\n","protected":false},"author":2,"featured_media":0,"comment_status":"open","ping_status":"open","sticky":false,"template":"","format":"standard","meta":{"om_disable_all_campaigns":false,"_monsterinsights_skip_tracking":false,"_monsterinsights_sitenote_active":false,"_monsterinsights_sitenote_note":"","_monsterinsights_sitenote_category":0,"_s2mail":"","_uf_show_specific_survey":0,"_uf_disable_surveys":false,"jetpack_post_was_ever_published":false,"_jetpack_newsletter_access":"","_jetpack_dont_email_post_to_subs":false,"_jetpack_newsletter_tier_id":0,"_jetpack_memberships_contains_paywalled_content":false,"_jetpack_memberships_contains_paid_content":false,"footnotes":"","jetpack_publicize_message":"","jetpack_publicize_feature_enabled":true,"jetpack_social_post_already_shared":false,"jetpack_social_options":{"image_generator_settings":{"template":"highway","default_image_id":0,"font":"","enabled":false},"version":2}},"categories":[25],"tags":[51],"class_list":["post-7449","post","type-post","status-publish","format-standard","hentry","category-coach-tiones","tag-emocion"],"aioseo_notices":[],"jetpack_publicize_connections":[],"jetpack_featured_media_url":"","jetpack_shortlink":"https:\/\/wp.me\/p5YpnT-1W9","jetpack_likes_enabled":true,"jetpack-related-posts":[{"id":3346,"url":"https:\/\/www.alonso-businesscoaching.es\/blog\/03-11-2012\/la-moda-de-la-inteligencia-emocional\/","url_meta":{"origin":7449,"position":0},"title":"La \u201cmoda\u201d de la Inteligencia Emocional","author":"Antonio J. Alonso Sampedro","date":"03\/11\/2012","format":false,"excerpt":"Titular este art\u00edculo a contracorriente de lo que hoy es actualidad puede que me lleve inmediatamente al pat\u00edbulo de los blasfemos por las huestes de los emocionalistas que, siendo apabullante mayor\u00eda, proclamo no me llegan a asustar en mi defensa de lo racional. Por tanto, estoy dispuesto a batallar. A\u2026","rel":"","context":"En \u00abCoach-tiones\u00bb","block_context":{"text":"Coach-tiones","link":"https:\/\/www.alonso-businesscoaching.es\/blog\/category\/coach-tiones\/"},"img":{"alt_text":"razon-y-emocion.jpg","src":"https:\/\/i0.wp.com\/www.alonso-businesscoaching.es\/blog\/wp-content\/uploads\/2012\/11\/razon-y-emocion.jpg?resize=350%2C200","width":350,"height":200},"classes":[]},{"id":4976,"url":"https:\/\/www.alonso-businesscoaching.es\/blog\/18-05-2013\/la-tv-y-la-inteligencia-emocional\/","url_meta":{"origin":7449,"position":1},"title":"La TV y la Inteligencia Emocional","author":"Antonio J. Alonso Sampedro","date":"18\/05\/2013","format":false,"excerpt":"Si hay un ejemplo universal de utilizaci\u00f3n torticera de los postulados de la Inteligencia Emocional, sin duda ese es el protagonizado por la televisi\u00f3n de hoy, que se ha convertido en el mayor generador de analfabetos emocionales a mayor gloria de los llamados Reality Shows o Telerrealidad. De siempre, una\u2026","rel":"","context":"En \u00abCoach-tiones\u00bb","block_context":{"text":"Coach-tiones","link":"https:\/\/www.alonso-businesscoaching.es\/blog\/category\/coach-tiones\/"},"img":{"alt_text":"Gran Hermano","src":"https:\/\/i0.wp.com\/www.alonso-businesscoaching.es\/blog\/wp-content\/uploads\/2013\/05\/Gran-Hermano.jpg?resize=350%2C200","width":350,"height":200},"classes":[]},{"id":13492,"url":"https:\/\/www.alonso-businesscoaching.es\/blog\/11-03-2017\/puede-un-ordenador-llorar\/","url_meta":{"origin":7449,"position":2},"title":"\u00bfPuede un ordenador llorar&#8230;?","author":"Antonio J. Alonso Sampedro","date":"11\/03\/2017","format":false,"excerpt":"No hace mucho escrib\u00eda\u2026 Estos son mis principios. Si no le gustan tengo otros, en donde abordaba la cuesti\u00f3n de la introducci\u00f3n de la \u00e9tica en la inteligencia artificial. Pero algo tan genuinamente humano como es la moral no es lo \u00fanico que se pretende trasladar a los sistemas de\u2026","rel":"","context":"En \u00abCoach-tiones\u00bb","block_context":{"text":"Coach-tiones","link":"https:\/\/www.alonso-businesscoaching.es\/blog\/category\/coach-tiones\/"},"img":{"alt_text":"","src":"https:\/\/i0.wp.com\/www.alonso-businesscoaching.es\/blog\/wp-content\/uploads\/2017\/03\/Hal-9000.jpg?resize=350%2C200&ssl=1","width":350,"height":200},"classes":[]},{"id":9494,"url":"https:\/\/www.alonso-businesscoaching.es\/blog\/04-02-2015\/marath-tiones-136\/","url_meta":{"origin":7449,"position":3},"title":"MARATH-TIONES&#8230; 136","author":"Antonio J. Alonso Sampedro","date":"04\/02\/2015","format":false,"excerpt":"Es mi intenci\u00f3n aplicar a Marathon-15% todo lo aprendido en mis trece a\u00f1os de ejercicio profesional como Business Coach, metodolog\u00eda propia que huye de la complicaci\u00f3n sicol\u00f3gico-emocional tan de moda hoy para centrarse en lo esencial, que es simplemente el actuar despu\u00e9s de valorar aplicando el sentido com\u00fan a cada\u2026","rel":"","context":"En \u00abMarath-tiones\/diario\u00bb","block_context":{"text":"Marath-tiones\/diario","link":"https:\/\/www.alonso-businesscoaching.es\/blog\/category\/marath-tiones-diario\/"},"img":{"alt_text":"Logo Marathon-15","src":"https:\/\/i0.wp.com\/www.alonso-businesscoaching.es\/blog\/wp-content\/uploads\/2014\/10\/Logo-Marathon-15-150x150.jpg?resize=350%2C200","width":350,"height":200},"classes":[]},{"id":19087,"url":"https:\/\/www.alonso-businesscoaching.es\/blog\/19-03-2020\/corona-tiones-5\/","url_meta":{"origin":7449,"position":4},"title":"Corona-tiones&#8230; 5","author":"Antonio J. Alonso Sampedro","date":"19\/03\/2020","format":false,"excerpt":"UN HOMENAJE PENDIENTE DE OFRENDAR El mejor amigo del hombre, en los desasosegantes d\u00edas que nos toca soportar, lo es todav\u00eda mucho m\u00e1s. Pese a no ser conscientes de la situaci\u00f3n que sufrimos, estoy seguro de que su asombrosa intuici\u00f3n les lleva a interpretar que algo raro ocurre y no\u2026","rel":"","context":"En \u00abCorona-tiones\u00bb","block_context":{"text":"Corona-tiones","link":"https:\/\/www.alonso-businesscoaching.es\/blog\/category\/corona-tiones\/"},"img":{"alt_text":"","src":"https:\/\/i0.wp.com\/www.alonso-businesscoaching.es\/blog\/wp-content\/uploads\/2020\/03\/Perro-y-coronavirus.png?resize=350%2C200&ssl=1","width":350,"height":200,"srcset":"https:\/\/i0.wp.com\/www.alonso-businesscoaching.es\/blog\/wp-content\/uploads\/2020\/03\/Perro-y-coronavirus.png?resize=350%2C200&ssl=1 1x, https:\/\/i0.wp.com\/www.alonso-businesscoaching.es\/blog\/wp-content\/uploads\/2020\/03\/Perro-y-coronavirus.png?resize=525%2C300&ssl=1 1.5x"},"classes":[]},{"id":5126,"url":"https:\/\/www.alonso-businesscoaching.es\/blog\/08-06-2013\/relacionarse-con-los-demas-para-pedir-o-para-dar\/","url_meta":{"origin":7449,"position":5},"title":"Relacionarse con los dem\u00e1s&#8230; \u00bfpara pedir o para dar?","author":"Antonio J. Alonso Sampedro","date":"08\/06\/2013","format":false,"excerpt":"Recientemente he tenido oportunidad de ver por televisi\u00f3n unas declaraciones rosas de una famosa modelo internacional espa\u00f1ola a quien preguntaban sobre aquello que ped\u00eda en una relaci\u00f3n sentimental. La respuesta me dej\u00f3 estupefacto: no suelo pedir mucho a un hombre, sencillamente que para \u00e9l yo sea su prioridad. La se\u00f1orita,\u2026","rel":"","context":"En \u00abCoach-tiones\u00bb","block_context":{"text":"Coach-tiones","link":"https:\/\/www.alonso-businesscoaching.es\/blog\/category\/coach-tiones\/"},"img":{"alt_text":"Dar o pedir","src":"https:\/\/i0.wp.com\/www.alonso-businesscoaching.es\/blog\/wp-content\/uploads\/2013\/06\/Dar-o-pedir.jpg?resize=350%2C200","width":350,"height":200},"classes":[]}],"jetpack_sharing_enabled":true,"_links":{"self":[{"href":"https:\/\/www.alonso-businesscoaching.es\/blog\/wp-json\/wp\/v2\/posts\/7449","targetHints":{"allow":["GET"]}}],"collection":[{"href":"https:\/\/www.alonso-businesscoaching.es\/blog\/wp-json\/wp\/v2\/posts"}],"about":[{"href":"https:\/\/www.alonso-businesscoaching.es\/blog\/wp-json\/wp\/v2\/types\/post"}],"author":[{"embeddable":true,"href":"https:\/\/www.alonso-businesscoaching.es\/blog\/wp-json\/wp\/v2\/users\/2"}],"replies":[{"embeddable":true,"href":"https:\/\/www.alonso-businesscoaching.es\/blog\/wp-json\/wp\/v2\/comments?post=7449"}],"version-history":[{"count":30,"href":"https:\/\/www.alonso-businesscoaching.es\/blog\/wp-json\/wp\/v2\/posts\/7449\/revisions"}],"predecessor-version":[{"id":17983,"href":"https:\/\/www.alonso-businesscoaching.es\/blog\/wp-json\/wp\/v2\/posts\/7449\/revisions\/17983"}],"wp:attachment":[{"href":"https:\/\/www.alonso-businesscoaching.es\/blog\/wp-json\/wp\/v2\/media?parent=7449"}],"wp:term":[{"taxonomy":"category","embeddable":true,"href":"https:\/\/www.alonso-businesscoaching.es\/blog\/wp-json\/wp\/v2\/categories?post=7449"},{"taxonomy":"post_tag","embeddable":true,"href":"https:\/\/www.alonso-businesscoaching.es\/blog\/wp-json\/wp\/v2\/tags?post=7449"}],"curies":[{"name":"wp","href":"https:\/\/api.w.org\/{rel}","templated":true}]}}