{"id":7474,"date":"2014-05-27T00:00:18","date_gmt":"2014-05-26T23:00:18","guid":{"rendered":"http:\/\/www.alonso-businesscoaching.es\/blog\/?p=7474"},"modified":"2014-05-09T16:46:50","modified_gmt":"2014-05-09T15:46:50","slug":"re-flexiones-926","status":"publish","type":"post","link":"https:\/\/www.alonso-businesscoaching.es\/blog\/27-05-2014\/re-flexiones-926\/","title":{"rendered":"Re-flexiones&#8230; 926"},"content":{"rendered":"<p style=\"text-align: center;\"><em>&#8220;La pasi\u00f3n es una emoci\u00f3n cr\u00f3nica&#8221;<\/em><\/p>\n<p style=\"text-align: center;\"><a href=\"http:\/\/es.wikipedia.org\/wiki\/Th%C3%A9odule-Armand_Ribot\" target=\"_blank\"><img data-recalc-dims=\"1\" loading=\"lazy\" decoding=\"async\" data-attachment-id=\"7475\" data-permalink=\"https:\/\/www.alonso-businesscoaching.es\/blog\/27-05-2014\/re-flexiones-926\/theodule-armand-ribot\/\" data-orig-file=\"https:\/\/i0.wp.com\/www.alonso-businesscoaching.es\/blog\/wp-content\/uploads\/2014\/05\/Th%C3%A9odule-Armand-Ribot.jpg?fit=122%2C150&amp;ssl=1\" data-orig-size=\"122,150\" data-comments-opened=\"1\" data-image-meta=\"{&quot;aperture&quot;:&quot;0&quot;,&quot;credit&quot;:&quot;&quot;,&quot;camera&quot;:&quot;&quot;,&quot;caption&quot;:&quot;&quot;,&quot;created_timestamp&quot;:&quot;0&quot;,&quot;copyright&quot;:&quot;&quot;,&quot;focal_length&quot;:&quot;0&quot;,&quot;iso&quot;:&quot;0&quot;,&quot;shutter_speed&quot;:&quot;0&quot;,&quot;title&quot;:&quot;&quot;}\" data-image-title=\"Th\u00e9odule-Armand Ribot\" data-image-description=\"\" data-image-caption=\"\" data-large-file=\"https:\/\/i0.wp.com\/www.alonso-businesscoaching.es\/blog\/wp-content\/uploads\/2014\/05\/Th%C3%A9odule-Armand-Ribot.jpg?fit=122%2C150&amp;ssl=1\" class=\"aligncenter size-full wp-image-7475\" src=\"https:\/\/i0.wp.com\/www.alonso-businesscoaching.es\/blog\/wp-content\/uploads\/2014\/05\/Th%C3%A9odule-Armand-Ribot.jpg?resize=122%2C150\" alt=\"Th\u00e9odule-Armand Ribot\" width=\"122\" height=\"150\" \/><\/a><\/p>\n<p style=\"text-align: center;\">Th\u00e9odule-Armand Ribot<\/p>\n","protected":false},"excerpt":{"rendered":"<p>&#8220;La pasi\u00f3n es una emoci\u00f3n cr\u00f3nica&#8221; Th\u00e9odule-Armand Ribot<\/p>\n","protected":false},"author":2,"featured_media":0,"comment_status":"open","ping_status":"open","sticky":false,"template":"","format":"standard","meta":{"om_disable_all_campaigns":false,"_monsterinsights_skip_tracking":false,"_monsterinsights_sitenote_active":false,"_monsterinsights_sitenote_note":"","_monsterinsights_sitenote_category":0,"_s2mail":"","_uf_show_specific_survey":0,"_uf_disable_surveys":false,"jetpack_post_was_ever_published":false,"_jetpack_newsletter_access":"","_jetpack_dont_email_post_to_subs":false,"_jetpack_newsletter_tier_id":0,"_jetpack_memberships_contains_paywalled_content":false,"_jetpack_memberships_contains_paid_content":false,"footnotes":"","jetpack_publicize_message":"","jetpack_publicize_feature_enabled":true,"jetpack_social_post_already_shared":false,"jetpack_social_options":{"image_generator_settings":{"template":"highway","default_image_id":0,"font":"","enabled":false},"version":2}},"categories":[23],"tags":[],"class_list":["post-7474","post","type-post","status-publish","format-standard","hentry","category-re-flexiones-generales"],"aioseo_notices":[],"jetpack_publicize_connections":[],"jetpack_featured_media_url":"","jetpack_shortlink":"https:\/\/wp.me\/p5YpnT-1Wy","jetpack_likes_enabled":true,"jetpack-related-posts":[{"id":2834,"url":"https:\/\/www.alonso-businesscoaching.es\/blog\/27-02-2013\/re-flexiones-534\/","url_meta":{"origin":7474,"position":0},"title":"Re-flexiones&#8230; 534","author":"Antonio J. Alonso Sampedro","date":"27\/02\/2013","format":false,"excerpt":"\u201cProcuro no tener demasiada pasi\u00f3n. La pasi\u00f3n es dejarse ir, transformarse en un sujeto pasivo\u201d Emilio Alarcos Llorach \u00a0","rel":"","context":"En \u00abRe-flexiones\/generales\u00bb","block_context":{"text":"Re-flexiones\/generales","link":"https:\/\/www.alonso-businesscoaching.es\/blog\/category\/re-flexiones-generales\/"},"img":{"alt_text":"","src":"","width":0,"height":0},"classes":[]},{"id":2854,"url":"https:\/\/www.alonso-businesscoaching.es\/blog\/15-02-2012\/re-flexiones-229\/","url_meta":{"origin":7474,"position":1},"title":"Re-flexiones&#8230; 229","author":"Antonio J. Alonso Sampedro","date":"15\/02\/2012","format":false,"excerpt":"\u201cNada grande se ha hecho en el mundo sin una gran pasi\u00f3n\u201d Georg Wilhelm Friedrich Hegel","rel":"","context":"En \u00abRe-flexiones\/generales\u00bb","block_context":{"text":"Re-flexiones\/generales","link":"https:\/\/www.alonso-businesscoaching.es\/blog\/category\/re-flexiones-generales\/"},"img":{"alt_text":"","src":"https:\/\/i0.wp.com\/www.alonso-businesscoaching.es\/blog\/wp-content\/uploads\/2017\/07\/Georg-Wilhelm-Friedrich-Hegel1-150x150.jpg?resize=350%2C200&ssl=1","width":350,"height":200},"classes":[]},{"id":2877,"url":"https:\/\/www.alonso-businesscoaching.es\/blog\/23-01-2012\/re-flexiones-206\/","url_meta":{"origin":7474,"position":2},"title":"Re-flexiones&#8230; 206","author":"Antonio J. Alonso Sampedro","date":"23\/01\/2012","format":false,"excerpt":"\u201cNada debe turbar la ecuanimidad del \u00e1nimo; hasta nuestra pasi\u00f3n y nuestros arrebatos deben ser medidos y ponderados\u201d \u00a0 Francisco Ayala","rel":"","context":"En \u00abRe-flexiones\/generales\u00bb","block_context":{"text":"Re-flexiones\/generales","link":"https:\/\/www.alonso-businesscoaching.es\/blog\/category\/re-flexiones-generales\/"},"img":{"alt_text":"","src":"","width":0,"height":0},"classes":[]},{"id":2988,"url":"https:\/\/www.alonso-businesscoaching.es\/blog\/04-10-2011\/re-flexiones-102\/","url_meta":{"origin":7474,"position":3},"title":"Re-flexiones\u2026 102","author":"Antonio J. Alonso Sampedro","date":"04\/10\/2011","format":false,"excerpt":"\u201cUna creencia no es solamente una idea que la mente posee, es una idea que posee a la mente\u201d Robert Bolt","rel":"","context":"En \u00abRe-flexiones\/generales\u00bb","block_context":{"text":"Re-flexiones\/generales","link":"https:\/\/www.alonso-businesscoaching.es\/blog\/category\/re-flexiones-generales\/"},"img":{"alt_text":"","src":"","width":0,"height":0},"classes":[]},{"id":18696,"url":"https:\/\/www.alonso-businesscoaching.es\/blog\/31-12-2019\/re-flexiones-2-652-pereza\/","url_meta":{"origin":7474,"position":4},"title":"Re-flexiones&#8230; 2.652 (pereza)","author":"Antonio J. Alonso Sampedro","date":"31\/12\/2019","format":false,"excerpt":"\"La pereza, es decir, la pasi\u00f3n de la inacci\u00f3n, tiene, para triunfar, una ventaja sobre las dem\u00e1s pasiones, y es que no exige nada\" Jaime Luciano Balmes","rel":"","context":"En \u00abRe-flexiones\/tem\u00e1ticas\u00bb","block_context":{"text":"Re-flexiones\/tem\u00e1ticas","link":"https:\/\/www.alonso-businesscoaching.es\/blog\/category\/re-flexiones-tematicas\/"},"img":{"alt_text":"","src":"https:\/\/i0.wp.com\/www.alonso-businesscoaching.es\/blog\/wp-content\/uploads\/2017\/01\/Jaime-Luciano-Balmes.jpg?resize=350%2C200&ssl=1","width":350,"height":200},"classes":[]},{"id":22000,"url":"https:\/\/www.alonso-businesscoaching.es\/blog\/27-12-2021\/re-flexiones-3-279-razon\/","url_meta":{"origin":7474,"position":5},"title":"Re-flexiones&#8230; 3.279 (raz\u00f3n)","author":"Antonio J. Alonso Sampedro","date":"27\/12\/2021","format":false,"excerpt":"\"La raz\u00f3n es tambi\u00e9n una pasi\u00f3n\" Eugenio d\u00b4Ors","rel":"","context":"En \u00abRe-flexiones\/tem\u00e1ticas\u00bb","block_context":{"text":"Re-flexiones\/tem\u00e1ticas","link":"https:\/\/www.alonso-businesscoaching.es\/blog\/category\/re-flexiones-tematicas\/"},"img":{"alt_text":"","src":"https:\/\/i0.wp.com\/www.alonso-businesscoaching.es\/blog\/wp-content\/uploads\/2017\/12\/Eugenio-d%C2%B4Ors1-150x150.jpg?resize=350%2C200&ssl=1","width":350,"height":200},"classes":[]}],"jetpack_sharing_enabled":true,"_links":{"self":[{"href":"https:\/\/www.alonso-businesscoaching.es\/blog\/wp-json\/wp\/v2\/posts\/7474","targetHints":{"allow":["GET"]}}],"collection":[{"href":"https:\/\/www.alonso-businesscoaching.es\/blog\/wp-json\/wp\/v2\/posts"}],"about":[{"href":"https:\/\/www.alonso-businesscoaching.es\/blog\/wp-json\/wp\/v2\/types\/post"}],"author":[{"embeddable":true,"href":"https:\/\/www.alonso-businesscoaching.es\/blog\/wp-json\/wp\/v2\/users\/2"}],"replies":[{"embeddable":true,"href":"https:\/\/www.alonso-businesscoaching.es\/blog\/wp-json\/wp\/v2\/comments?post=7474"}],"version-history":[{"count":1,"href":"https:\/\/www.alonso-businesscoaching.es\/blog\/wp-json\/wp\/v2\/posts\/7474\/revisions"}],"predecessor-version":[{"id":7476,"href":"https:\/\/www.alonso-businesscoaching.es\/blog\/wp-json\/wp\/v2\/posts\/7474\/revisions\/7476"}],"wp:attachment":[{"href":"https:\/\/www.alonso-businesscoaching.es\/blog\/wp-json\/wp\/v2\/media?parent=7474"}],"wp:term":[{"taxonomy":"category","embeddable":true,"href":"https:\/\/www.alonso-businesscoaching.es\/blog\/wp-json\/wp\/v2\/categories?post=7474"},{"taxonomy":"post_tag","embeddable":true,"href":"https:\/\/www.alonso-businesscoaching.es\/blog\/wp-json\/wp\/v2\/tags?post=7474"}],"curies":[{"name":"wp","href":"https:\/\/api.w.org\/{rel}","templated":true}]}}