{"id":7548,"date":"2014-05-24T00:00:15","date_gmt":"2014-05-23T23:00:15","guid":{"rendered":"http:\/\/www.alonso-businesscoaching.es\/blog\/?p=7548"},"modified":"2019-05-22T11:03:07","modified_gmt":"2019-05-22T09:03:07","slug":"el-cuerpo-alguien-de-quien-nunca-te-puedes-divorciar","status":"publish","type":"post","link":"https:\/\/www.alonso-businesscoaching.es\/blog\/24-05-2014\/el-cuerpo-alguien-de-quien-nunca-te-puedes-divorciar\/","title":{"rendered":"El Cuerpo: algo de lo que nunca te podr\u00e1s divorciar"},"content":{"rendered":"<p><a href=\"https:\/\/i0.wp.com\/2.bp.blogspot.com\/-DcNstcPQq-I\/Ts7L1JTtWdI\/AAAAAAAAAmE\/poApr1H3Ses\/s1600\/Forges.Dieta.jpeg\" target=\"_blank\" rel=\"noopener noreferrer\"><img data-recalc-dims=\"1\" loading=\"lazy\" decoding=\"async\" data-attachment-id=\"7562\" data-permalink=\"https:\/\/www.alonso-businesscoaching.es\/blog\/24-05-2014\/el-cuerpo-alguien-de-quien-nunca-te-puedes-divorciar\/cuerpo\/\" data-orig-file=\"https:\/\/i0.wp.com\/www.alonso-businesscoaching.es\/blog\/wp-content\/uploads\/2014\/05\/Cuerpo.jpg?fit=721%2C491&amp;ssl=1\" data-orig-size=\"721,491\" data-comments-opened=\"1\" data-image-meta=\"{&quot;aperture&quot;:&quot;0&quot;,&quot;credit&quot;:&quot;&quot;,&quot;camera&quot;:&quot;&quot;,&quot;caption&quot;:&quot;&quot;,&quot;created_timestamp&quot;:&quot;0&quot;,&quot;copyright&quot;:&quot;&quot;,&quot;focal_length&quot;:&quot;0&quot;,&quot;iso&quot;:&quot;0&quot;,&quot;shutter_speed&quot;:&quot;0&quot;,&quot;title&quot;:&quot;&quot;}\" data-image-title=\"Cuerpo\" data-image-description=\"\" data-image-caption=\"\" data-large-file=\"https:\/\/i0.wp.com\/www.alonso-businesscoaching.es\/blog\/wp-content\/uploads\/2014\/05\/Cuerpo.jpg?fit=525%2C358&amp;ssl=1\" class=\"aligncenter wp-image-7562\" src=\"https:\/\/i0.wp.com\/www.alonso-businesscoaching.es\/blog\/wp-content\/uploads\/2014\/05\/Cuerpo.jpg?resize=441%2C300\" alt=\"Cuerpo\" width=\"441\" height=\"300\" srcset=\"https:\/\/i0.wp.com\/www.alonso-businesscoaching.es\/blog\/wp-content\/uploads\/2014\/05\/Cuerpo.jpg?w=721&amp;ssl=1 721w, https:\/\/i0.wp.com\/www.alonso-businesscoaching.es\/blog\/wp-content\/uploads\/2014\/05\/Cuerpo.jpg?resize=300%2C204&amp;ssl=1 300w\" sizes=\"auto, (max-width: 441px) 100vw, 441px\" \/><\/a><\/p>\n<p>Si lo racional y lo emocional constituyen los dos sustentos m\u00e1s intangibles y libres del tr\u00edpode que conforma en el hombre su compendio vital, el cuerpo se configura como la tercera extremidad, cuyo car\u00e1cter eminentemente material nos condena a una esclavitud dependiente de las leyes de la f\u00edsica y la qu\u00edmica y por consiguiente de nuestro atento cuidado personal.<\/p>\n<p>El Coaching, adem\u00e1s de otras tambi\u00e9n, es una disciplina que preconiza el cambio como la herramienta principal de desarrollo personal. Yo mismo\u00a0defiendo convencidamente el cambio enarbolando esta\u00a0popular declaraci\u00f3n de principios, incuestionable y de aplicaci\u00f3n universal: <em>si siempre hacemos lo mismo, siempre obtendremos lo mismo<\/em>. Pues bien, si hay algo en nuestra biograf\u00eda sin posibilidad evidente de intercambiar ese es nuestro cuerpo, fiel compa\u00f1ero existencial que nunca nos abandonar\u00e1 hasta llegar al final.<\/p>\n<p>As\u00ed las cosas, parece dif\u00edcil de explicar que lo \u00fanico que en nosotros no tiene sustituci\u00f3n sea aquello que no protejamos con m\u00e1s ah\u00ednco y fervor, que aquello que puede condicionar realmente el plazo de nuestro transito por este mundo (tan dif\u00edcil pero tan cautivador) no sea prioridad y si indolente olvido que esperanzadamente viene a conf\u00edar en un aleatorio destino que a nadie asegura la salud ni la longevidad. \u00bfCabe mayor desprop\u00f3sito vital\u2026?<\/p>\n<p>Hace cinco a\u00f1os, en <em><a href=\"http:\/\/www.alonso-businesscoaching.es\/blog\/2009\/03\/11\/el-plan-de-pensiones-fisico\/\" target=\"_blank\" rel=\"noopener noreferrer\"><span style=\"text-decoration: underline;\">El Plan de Pensiones F\u00edsico<\/span><\/a><\/em>, defend\u00eda la conveniencia y posiblemente necesidad de emparejar la prevenci\u00f3n econ\u00f3mica con la corporal para lograr llegar a nuestro \u00faltimo tercio de vida (25 a\u00f1os o m\u00e1s) en condiciones suficientes de disfrutar en lugar de por falta de previsi\u00f3n, mal vivir y penar. Si todos los que percibimos ingresos somos capaces de realizar hoy un esfuerzo econ\u00f3mico por ahorrar (por v\u00eda privada y\/o cotizando a la seguridad social) con el objetivo de m\u00e1s tarde podernos financiar, \u00bfqu\u00e9 raz\u00f3n explica que no observemos la misma intenci\u00f3n para tratar de asegurarnos una mejor calidad de vida corporal? Parece no haber explicaci\u00f3n l\u00f3gica o&#8230; \u00bfsi la hay?<\/p>\n<p>Claro que la hay, pues todo logro en esta vida se mide por esfuerzo y este ejerce como moneda de cambio de lo que queremos y podemos comprar, de lo que aspiramos a alcanzar. En definitiva, cu\u00e1nto me cuesta conseguir algo y cuanto estoy dispuesto a por ello pagar. Pues bien, todo lo relacionado con el cuidado f\u00edsico parece que nos supone una cuenta dif\u00edcil de aceptar, tan cara que llega a no importarnos \u00e9l como por dentro o por fuera podamos llegar a estar. El <em>mientras el cuerpo aguante<\/em> o <em>que me quiten lo bailao<\/em> no parece forma de interpretar una vida que m\u00e1s que gastada debiera ser protegida para ahora y luego poderla realmente disfrutar.<\/p>\n<p>En <em><a href=\"http:\/\/www.alonso-businesscoaching.es\/blog\/2011\/07\/01\/la-vida-en-3d\/\" target=\"_blank\" rel=\"noopener noreferrer\"><span style=\"text-decoration: underline;\">La Vida en 3D<\/span><\/a><\/em> pretend\u00ed definir geom\u00e9tricamente nuestra existencia en formato real, tridimension\u00e1ndola en coordenadas de longitud, anchura y altura, todas susceptibles y convenientes de estirar, siendo la primera esa que corresponde al tiempo por vivir y de quien nuestro cuerpo es el principal guardi\u00e1n. Una vida ancha y alta pero corta, poco volumen nos reportar\u00e1, pues necesitamos del tiempo para todo y de todo para probar, valorar y finalmente decidir con que\u00a0nos queremos quedar.<\/p>\n<p>Porque de mi cuerpo no me puedo divorciar, no me averg\u00fcenza confesar que desde muy joven llevo cuid\u00e1ndolo con esfuerzos y renuncias pues mi <em><span style=\"text-decoration: underline;\"><a href=\"http:\/\/www.alonso-businesscoaching.es\/blog\/tag\/salud\/\" target=\"_blank\" rel=\"noopener noreferrer\">salud<\/a><\/span><\/em> es, de todo, lo que m\u00e1s valoro y\u00a0a la postre siento que\u00a0ello me revertir\u00e1 en un horizonte vital todav\u00eda pleno de posibilidades de disfrutar de una energ\u00e9tica realidad que hoy, a mis cincuenta y dos a\u00f1os de edad, pretendo alargar en cantidad y calidad. Esto mismo, por m\u00ed comprobado, recomiendo de todo coraz\u00f3n a los dem\u00e1s\u2026<\/p>\n<p style=\"text-align: right;\"><em><strong>Saludos de Antonio J. Alonso Sampedro<\/strong><\/em><\/p>\n","protected":false},"excerpt":{"rendered":"<p>Si lo racional y lo emocional constituyen los dos sustentos m\u00e1s intangibles y libres del tr\u00edpode que conforma en el hombre su compendio vital, el cuerpo se configura como la tercera extremidad, cuyo car\u00e1cter eminentemente material nos condena a una esclavitud dependiente de las leyes de la f\u00edsica y la qu\u00edmica y por consiguiente de &hellip; <\/p>\n<p class=\"link-more\"><a href=\"https:\/\/www.alonso-businesscoaching.es\/blog\/24-05-2014\/el-cuerpo-alguien-de-quien-nunca-te-puedes-divorciar\/\" class=\"more-link\">Continuar leyendo<span class=\"screen-reader-text\"> &#8220;El Cuerpo: algo de lo que nunca te podr\u00e1s divorciar&#8221;<\/span><\/a><\/p>\n","protected":false},"author":2,"featured_media":0,"comment_status":"open","ping_status":"open","sticky":false,"template":"","format":"standard","meta":{"om_disable_all_campaigns":false,"_monsterinsights_skip_tracking":false,"_monsterinsights_sitenote_active":false,"_monsterinsights_sitenote_note":"","_monsterinsights_sitenote_category":0,"_s2mail":"","_uf_show_specific_survey":0,"_uf_disable_surveys":false,"jetpack_post_was_ever_published":false,"_jetpack_newsletter_access":"","_jetpack_dont_email_post_to_subs":false,"_jetpack_newsletter_tier_id":0,"_jetpack_memberships_contains_paywalled_content":false,"_jetpack_memberships_contains_paid_content":false,"footnotes":"","jetpack_publicize_message":"","jetpack_publicize_feature_enabled":true,"jetpack_social_post_already_shared":false,"jetpack_social_options":{"image_generator_settings":{"template":"highway","default_image_id":0,"font":"","enabled":false},"version":2}},"categories":[25],"tags":[39],"class_list":["post-7548","post","type-post","status-publish","format-standard","hentry","category-coach-tiones","tag-salud"],"aioseo_notices":[],"jetpack_publicize_connections":[],"jetpack_featured_media_url":"","jetpack_shortlink":"https:\/\/wp.me\/p5YpnT-1XK","jetpack_likes_enabled":true,"jetpack-related-posts":[{"id":9540,"url":"https:\/\/www.alonso-businesscoaching.es\/blog\/10-02-2015\/marath-tiones-142\/","url_meta":{"origin":7548,"position":0},"title":"MARATH-TIONES&#8230; 142","author":"Antonio J. Alonso Sampedro","date":"10\/02\/2015","format":false,"excerpt":"\u00a1Qu\u00e9 curioso es el cuerpo humano!, pues no es consciente de s\u00ed mismo hasta que falla o le pedimos m\u00e1s. En plena y esforzada dedicaci\u00f3n a mi Marathon-15%, la voz de mis piernas se torna a cada momento del d\u00eda en presencia habitual, como si preventivamente quisieran hacerme notar que\u2026","rel":"","context":"En \u00abMarath-tiones\/diario\u00bb","block_context":{"text":"Marath-tiones\/diario","link":"https:\/\/www.alonso-businesscoaching.es\/blog\/category\/marath-tiones-diario\/"},"img":{"alt_text":"Logo Marathon-15","src":"https:\/\/i0.wp.com\/www.alonso-businesscoaching.es\/blog\/wp-content\/uploads\/2014\/10\/Logo-Marathon-15-150x150.jpg?resize=350%2C200","width":350,"height":200},"classes":[]},{"id":20156,"url":"https:\/\/www.alonso-businesscoaching.es\/blog\/14-09-2020\/lo-que-el-covid-19-no-me-pudo-robar\/","url_meta":{"origin":7548,"position":1},"title":"Lo que el Covid-19 no me pudo robar&#8230;","author":"Antonio J. Alonso Sampedro","date":"14\/09\/2020","format":false,"excerpt":"-En la cumbre de la Bola del Mundo (Alto de Guarramillas-2.265 m.), el 02\/09\/20 hac\u00eda las 12:00 h.- Siempre recordar\u00e9 aquel 2 de mayo de 2020 como el d\u00eda en que la decepci\u00f3n toc\u00f3 el desconocido techo de mi frustraci\u00f3n personal. Cuando la realidad quiso imponer su implacable verdad a\u2026","rel":"","context":"En \u00abMarath-tiones\/semanal\u00bb","block_context":{"text":"Marath-tiones\/semanal","link":"https:\/\/www.alonso-businesscoaching.es\/blog\/category\/marath-tiones-semanal\/"},"img":{"alt_text":"","src":"https:\/\/i0.wp.com\/www.alonso-businesscoaching.es\/blog\/wp-content\/uploads\/2020\/09\/20200902_122406-scaled.jpg?resize=350%2C200&ssl=1","width":350,"height":200,"srcset":"https:\/\/i0.wp.com\/www.alonso-businesscoaching.es\/blog\/wp-content\/uploads\/2020\/09\/20200902_122406-scaled.jpg?resize=350%2C200&ssl=1 1x, https:\/\/i0.wp.com\/www.alonso-businesscoaching.es\/blog\/wp-content\/uploads\/2020\/09\/20200902_122406-scaled.jpg?resize=525%2C300&ssl=1 1.5x, https:\/\/i0.wp.com\/www.alonso-businesscoaching.es\/blog\/wp-content\/uploads\/2020\/09\/20200902_122406-scaled.jpg?resize=700%2C400&ssl=1 2x, https:\/\/i0.wp.com\/www.alonso-businesscoaching.es\/blog\/wp-content\/uploads\/2020\/09\/20200902_122406-scaled.jpg?resize=1050%2C600&ssl=1 3x, https:\/\/i0.wp.com\/www.alonso-businesscoaching.es\/blog\/wp-content\/uploads\/2020\/09\/20200902_122406-scaled.jpg?resize=1400%2C800&ssl=1 4x"},"classes":[]},{"id":3212,"url":"https:\/\/www.alonso-businesscoaching.es\/blog\/06-09-2009\/el-exito-del-error\/","url_meta":{"origin":7548,"position":2},"title":"El \u00c9xito del Error","author":"Antonio J. Alonso Sampedro","date":"06\/09\/2009","format":false,"excerpt":"La palabra \u201c\u00e9xito\u201d viene com\u00fanmente asociada a la resoluci\u00f3n feliz de una actuaci\u00f3n. El \u00e9xito es algo deseado por todos aunque solo verdaderamente buscado por algunos: los que hacen algo para conseguirlo. Mi definici\u00f3n de \u00e9xito es aquella que lo vincula con la consecuci\u00f3n de nuestros deseos y los deseos\u2026","rel":"","context":"En \u00abCoach-tiones\u00bb","block_context":{"text":"Coach-tiones","link":"https:\/\/www.alonso-businesscoaching.es\/blog\/category\/coach-tiones\/"},"img":{"alt_text":"El \u00e9xito del error","src":"https:\/\/i0.wp.com\/www.alonso-businesscoaching.es\/blog\/wp-content\/uploads\/2009\/09\/El-%C3%A9xito-del-error.jpg?resize=350%2C200","width":350,"height":200},"classes":[]},{"id":13820,"url":"https:\/\/www.alonso-businesscoaching.es\/blog\/13-05-2017\/poder-o-querer-cambiar\/","url_meta":{"origin":7548,"position":3},"title":"\u00bfPoder o querer cambiar\u2026?","author":"Antonio J. Alonso Sampedro","date":"13\/05\/2017","format":false,"excerpt":"Confundir querer con poder es la peor manera de enga\u00f1ar a uno mismo y a los dem\u00e1s. En\u2026 Las excusas son siempre causas c\u00f3mplices as\u00ed lo quise explicar. No hay nada peor que vivir parapetado en la disculpa y alejado de la realidad. Cambiar siempre es posible y no tiene\u2026","rel":"","context":"En \u00abCoach-tiones\u00bb","block_context":{"text":"Coach-tiones","link":"https:\/\/www.alonso-businesscoaching.es\/blog\/category\/coach-tiones\/"},"img":{"alt_text":"","src":"https:\/\/i0.wp.com\/www.alonso-businesscoaching.es\/blog\/wp-content\/uploads\/2017\/05\/Poder-o-querer-cambiar.jpg?resize=350%2C200&ssl=1","width":350,"height":200,"srcset":"https:\/\/i0.wp.com\/www.alonso-businesscoaching.es\/blog\/wp-content\/uploads\/2017\/05\/Poder-o-querer-cambiar.jpg?resize=350%2C200&ssl=1 1x, https:\/\/i0.wp.com\/www.alonso-businesscoaching.es\/blog\/wp-content\/uploads\/2017\/05\/Poder-o-querer-cambiar.jpg?resize=525%2C300&ssl=1 1.5x, https:\/\/i0.wp.com\/www.alonso-businesscoaching.es\/blog\/wp-content\/uploads\/2017\/05\/Poder-o-querer-cambiar.jpg?resize=700%2C400&ssl=1 2x"},"classes":[]},{"id":3130,"url":"https:\/\/www.alonso-businesscoaching.es\/blog\/19-03-2011\/yo-o-mis-circunstancias\/","url_meta":{"origin":7548,"position":4},"title":"\u00bfYo\u2026 o mis Circunstancias?","author":"Antonio J. Alonso Sampedro","date":"19\/03\/2011","format":false,"excerpt":"\u00a1Qu\u00e9 raz\u00f3n ten\u00eda Jos\u00e9 Ortega y Gasset!\u2026 al reducir la realidad vital de cada persona a simplemente dos agentes protagonistas: uno mismo y aquello que le rodea. Sobre el \u201cYo\u201d, objeto principal de la mayor\u00eda de mis reflexiones, por esta vez no hablar\u00e9 pues son las \u201cCircunstancias\u201d quienes tambi\u00e9n deben\u2026","rel":"","context":"En \u00abCoach-tiones\u00bb","block_context":{"text":"Coach-tiones","link":"https:\/\/www.alonso-businesscoaching.es\/blog\/category\/coach-tiones\/"},"img":{"alt_text":"","src":"https:\/\/i0.wp.com\/www.alonso-businesscoaching.es\/blog\/wp-content\/uploads\/2011\/03\/Jos%C3%A9-Ortega-y-Gasset.jpg?resize=350%2C200&ssl=1","width":350,"height":200},"classes":[]},{"id":10384,"url":"https:\/\/www.alonso-businesscoaching.es\/blog\/17-05-2015\/marath-tiones-238\/","url_meta":{"origin":7548,"position":5},"title":"MARATH-TIONES&#8230; 238","author":"Antonio J. Alonso Sampedro","date":"17\/05\/2015","format":false,"excerpt":"Recientemente me han propuesto participar en un encuentro anual de directivos de una empresa multinacional para trasladarles motivaci\u00f3n y cada vez que esto me ocurre siempre vengo a contestar lo mismo: yo no puedo motivar a los dem\u00e1s, pues esto es tan personal e intransferible que solo puede partir de\u2026","rel":"","context":"En \u00abMarath-tiones\/diario\u00bb","block_context":{"text":"Marath-tiones\/diario","link":"https:\/\/www.alonso-businesscoaching.es\/blog\/category\/marath-tiones-diario\/"},"img":{"alt_text":"Fecha Marathon-15","src":"https:\/\/i0.wp.com\/www.alonso-businesscoaching.es\/blog\/wp-content\/uploads\/2015\/04\/Fecha-Marathon-15-150x150.jpg?resize=350%2C200","width":350,"height":200},"classes":[]}],"jetpack_sharing_enabled":true,"_links":{"self":[{"href":"https:\/\/www.alonso-businesscoaching.es\/blog\/wp-json\/wp\/v2\/posts\/7548","targetHints":{"allow":["GET"]}}],"collection":[{"href":"https:\/\/www.alonso-businesscoaching.es\/blog\/wp-json\/wp\/v2\/posts"}],"about":[{"href":"https:\/\/www.alonso-businesscoaching.es\/blog\/wp-json\/wp\/v2\/types\/post"}],"author":[{"embeddable":true,"href":"https:\/\/www.alonso-businesscoaching.es\/blog\/wp-json\/wp\/v2\/users\/2"}],"replies":[{"embeddable":true,"href":"https:\/\/www.alonso-businesscoaching.es\/blog\/wp-json\/wp\/v2\/comments?post=7548"}],"version-history":[{"count":30,"href":"https:\/\/www.alonso-businesscoaching.es\/blog\/wp-json\/wp\/v2\/posts\/7548\/revisions"}],"predecessor-version":[{"id":18005,"href":"https:\/\/www.alonso-businesscoaching.es\/blog\/wp-json\/wp\/v2\/posts\/7548\/revisions\/18005"}],"wp:attachment":[{"href":"https:\/\/www.alonso-businesscoaching.es\/blog\/wp-json\/wp\/v2\/media?parent=7548"}],"wp:term":[{"taxonomy":"category","embeddable":true,"href":"https:\/\/www.alonso-businesscoaching.es\/blog\/wp-json\/wp\/v2\/categories?post=7548"},{"taxonomy":"post_tag","embeddable":true,"href":"https:\/\/www.alonso-businesscoaching.es\/blog\/wp-json\/wp\/v2\/tags?post=7548"}],"curies":[{"name":"wp","href":"https:\/\/api.w.org\/{rel}","templated":true}]}}